{"id":98835,"date":"2020-05-14T22:05:53","date_gmt":"2020-05-15T02:05:53","guid":{"rendered":"https:\/\/www.eltrabajo.cl\/portal\/?p=98835"},"modified":"2020-05-14T20:18:28","modified_gmt":"2020-05-15T00:18:28","slug":"mas-de-120-personas-reciben-su-almuerzo-de-lunes-a-viernes-en-villa-250-anos","status":"publish","type":"post","link":"https:\/\/eltrabajo.cl\/portal\/mas-de-120-personas-reciben-su-almuerzo-de-lunes-a-viernes-en-villa-250-anos\/","title":{"rendered":"M\u00e1s de 120 personas reciben su almuerzo de lunes a viernes en Villa 250 A\u00f1os"},"content":{"rendered":"<p style=\"text-align: justify;\"><span style=\"color: #c81400;\"><strong>Comedor Solidario lleva ya un mes funcionando:<\/strong><\/span><\/p>\n<p style=\"text-align: justify;\">Galopando hacia nosotros cual jinete del Apocalipsis, llegar\u00e1 pronto el invierno, no solamente para continuar con su natural trabajo para los cultivos en nuestro valle, sino que penosamente tambi\u00e9n para recrudecer los efectos de la pandemia que nos castiga.<\/p>\n<p style=\"text-align: justify;\">Dicho esto, es importante destacar hoy en <strong>Diario El Trabajo<\/strong> las iniciativas espont\u00e1neas que desde hace un mes viene desarrollando un grupo de personas afines a la Iglesia Cat\u00f3lica, con miras de socorrer a los adultos mayores y personas en condici\u00f3n de calle, as\u00ed como a familias de escasos recursos en Las Cuatro Villas, por medio de un Comedor Solidario en el que reciben diariamente unas 120 porciones o almuerzos.<\/p>\n<p style=\"text-align: justify;\">\n<p style=\"text-align: justify;\"><span style=\"color: #c81400;\"><strong>TODOS APOYEMOS<\/strong><\/span><\/p>\n<p style=\"text-align: justify;\">Este proyecto se mantiene activo gracias a dos religiosas franciscanas y varias vecinas entregadas al voluntariado. Nuestro medio habl\u00f3 este jueves con <strong>Gustavo Adolfo Morales L\u00f3pez<\/strong>, p\u00e1rroco titular de la Iglesia Catedral, quien est\u00e1 a cargo tambi\u00e9n de la parroquia Esp\u00edritu Santo en Avenida Riquelme.<\/p>\n<p style=\"text-align: justify;\">&#8211; <strong>Padre, \u00bfc\u00f3mo es que est\u00e1 funcionando este Comedor Solidario y qui\u00e9nes participan en el proyecto?<\/strong><\/p>\n<p style=\"text-align: justify;\">&#8211; En tiempos de la presente Pandemia es que sale lo mejor de las personas y de las familias para solidarizarse con el pr\u00f3jimo, y en ese sentido dado a la actual crisis por la que transamos, hay mucha gente necesitada y que carece de lo m\u00e1s m\u00ednimo para alimentarse. Pues bien, en el caso nuestro en San Felipe, en concreto a la Parroquia Esp\u00edritu Santo y puntualmente en la capilla Santa Mar\u00eda de la Esperanza en Villa 250 A\u00f1os, hay un comedor solidario que atiende las religiosas franciscanas que ah\u00ed trabajan, junto a un grupo muy generoso de vecinos laicos que dan su tiempo al servicio de los dem\u00e1s. Desde ese punto de vista nosotros entonces hemos invitado a much\u00edsima gente de la zona a que nos colaboren con alimentos perecibles o no perecibles, y tambi\u00e9n con dinero para solventar esta obra con la que en este minuto estamos llegando a 120 raciones de almuerzo diarias, de lunes a viernes. Esto consiste b\u00e1sicamente en que en el sal\u00f3n al ladito de la capilla se les cocina con mucho cari\u00f1o a la gente, estos almuerzos los vienen a buscar o se les lleva a su casa, o sea, las personas no almuerzan en el sal\u00f3n, no se aglomeran, y en todo lo posible se guardan las medidas sanitarias para la manipulaci\u00f3n, preparaci\u00f3n y entrega de los almuerzos.<\/p>\n<p style=\"text-align: justify;\">&#8211; <strong>\u00bfC\u00f3mo y de d\u00f3nde llegan estos alimentos y dinero para financiar este comedor?<\/strong><\/p>\n<p style=\"text-align: justify;\">&#8211; En primer lugar se trata de amistades y amigos de la Iglesia con las que contamos, y estoy invitando a todos en San Felipe para que se unan a brindarnos apoyo. A su vez estas amistades tienen sus redes de personas, y por tanto hay gente que colabora con una cuota mensual en dinero, otras personas nos regalan papas por ejemplo, atunes, leche, arroz, etc., de manera que todo se junta, todo suma para ayudar a esta causa. El Comedor funciona al medio d\u00eda de lunes a viernes.<\/p>\n<p style=\"text-align: justify;\">&#8211; <strong>\u00bfEstas personas que trabajan en este Comedor Solidario lo hacen gratis?<\/strong><\/p>\n<p style=\"text-align: justify;\">&#8211; S\u00ed. Como desear\u00eda contar con medios econ\u00f3micos para reconocerles a estas personas voluntarias un pago simb\u00f3lico, pero lamentablemente en ese minuto no podemos, pese a ello ellas tienen un coraz\u00f3n de oro.<\/p>\n<p style=\"text-align: justify;\">&#8211; <strong>\u00bfHasta cu\u00e1ndo estar\u00e1 funcionando este Comedor, tomando en cuenta que ya viene el invierno? <\/strong><\/p>\n<p style=\"text-align: justify;\">&#8211; Esa es nuestra idea y la debemos mantener especialmente durante los meses m\u00e1s dif\u00edciles del a\u00f1o, entre abril y septiembre m\u00e1s o menos, mantener este esp\u00edritu solidario, por eso aprovecho la tribuna de <strong>Diario El Trabajo <\/strong>para invitar a los empresarios, a los feriantes de nuestra comuna, a que se sumen a esta iniciativa solidaria. Tambi\u00e9n a los pol\u00edticos y a las familias de todo el Valle de Aconcagua. Aqu\u00ed la suma de los esfuerzos da como resultado este gesto solidario.<\/p>\n<p style=\"text-align: justify;\">Los interesados en llamar o contactar con la parroquia de Iglesia Catedral, pueden llamar al <strong>34 2 510 074<\/strong>, \u00f3 directamente en la oficina parroquial contigua a la Catedral.<\/p>\n<p style=\"text-align: justify;\"><strong>Roberto Gonz\u00e1lez Short<\/strong><\/p>\n<p style=\"text-align: justify;\">\n<figure id=\"attachment_98838\" aria-describedby=\"caption-attachment-98838\" style=\"width: 579px\" class=\"wp-caption alignnone\"><img data-recalc-dims=\"1\" loading=\"lazy\" decoding=\"async\" class=\"size-full wp-image-98838\" src=\"https:\/\/i0.wp.com\/eltrabajo.cl\/portal\/wp-content\/uploads\/2020\/05\/Comedor1.jpg?resize=579%2C331&#038;ssl=1\" alt=\"DE MANO EN MANO.- Aqu\u00ed vemos a esta Hermana Franciscana feliz con los donativos que feriantes de la Feria Central le entregaron para el Comedor Solidario. A la derecha vemos m\u00e1s feliz a\u00fan a esta vecina recibiendo su almuerzo.\" width=\"579\" height=\"331\" srcset=\"https:\/\/i0.wp.com\/eltrabajo.cl\/portal\/wp-content\/uploads\/2020\/05\/Comedor1.jpg?w=579&amp;ssl=1 579w, https:\/\/i0.wp.com\/eltrabajo.cl\/portal\/wp-content\/uploads\/2020\/05\/Comedor1.jpg?resize=300%2C172&amp;ssl=1 300w, https:\/\/i0.wp.com\/eltrabajo.cl\/portal\/wp-content\/uploads\/2020\/05\/Comedor1.jpg?resize=200%2C114&amp;ssl=1 200w, https:\/\/i0.wp.com\/eltrabajo.cl\/portal\/wp-content\/uploads\/2020\/05\/Comedor1.jpg?resize=150%2C86&amp;ssl=1 150w\" sizes=\"auto, (max-width: 579px) 100vw, 579px\" \/><figcaption id=\"caption-attachment-98838\" class=\"wp-caption-text\">DE MANO EN MANO.- Aqu\u00ed vemos a esta Hermana Franciscana feliz con los donativos que feriantes de la Feria Central le entregaron para el Comedor Solidario. A la derecha vemos m\u00e1s feliz a\u00fan a esta vecina recibiendo su almuerzo.<\/figcaption><\/figure>\n<p>&nbsp;<\/p>\n<figure id=\"attachment_98839\" aria-describedby=\"caption-attachment-98839\" style=\"width: 580px\" class=\"wp-caption alignnone\"><img data-recalc-dims=\"1\" loading=\"lazy\" decoding=\"async\" class=\"size-full wp-image-98839\" src=\"https:\/\/i0.wp.com\/eltrabajo.cl\/portal\/wp-content\/uploads\/2020\/05\/Comedor2.jpg?resize=580%2C360&#038;ssl=1\" alt=\"SERVIDORAS SOLIDARIAS.- Claudia Moreno Zamora, encargada; Gladys Maldonado Arancibia, Magaly Tranamil Tranamil, Myriam Rojas \u00c1ngel, Mayeiza Cort\u00e9s, y las religiosas franciscanas Hnas. Rosita Troncoso y Carmen Gloria Aguilera, al frente del Comedor Solidario.\" width=\"580\" height=\"360\" srcset=\"https:\/\/i0.wp.com\/eltrabajo.cl\/portal\/wp-content\/uploads\/2020\/05\/Comedor2.jpg?w=580&amp;ssl=1 580w, https:\/\/i0.wp.com\/eltrabajo.cl\/portal\/wp-content\/uploads\/2020\/05\/Comedor2.jpg?resize=300%2C186&amp;ssl=1 300w, https:\/\/i0.wp.com\/eltrabajo.cl\/portal\/wp-content\/uploads\/2020\/05\/Comedor2.jpg?resize=200%2C124&amp;ssl=1 200w, https:\/\/i0.wp.com\/eltrabajo.cl\/portal\/wp-content\/uploads\/2020\/05\/Comedor2.jpg?resize=150%2C93&amp;ssl=1 150w\" sizes=\"auto, (max-width: 580px) 100vw, 580px\" \/><figcaption id=\"caption-attachment-98839\" class=\"wp-caption-text\">SERVIDORAS SOLIDARIAS.- Claudia Moreno Zamora, encargada; Gladys Maldonado Arancibia, Magaly Tranamil Tranamil, Myriam Rojas \u00c1ngel, Mayeiza Cort\u00e9s, y las religiosas franciscanas Hnas. Rosita Troncoso y Carmen Gloria Aguilera, al frente del Comedor Solidario.<\/figcaption><\/figure>\n<p>&nbsp;<\/p>\n<figure id=\"attachment_98836\" aria-describedby=\"caption-attachment-98836\" style=\"width: 578px\" class=\"wp-caption alignnone\"><img data-recalc-dims=\"1\" loading=\"lazy\" decoding=\"async\" class=\"size-full wp-image-98836\" src=\"https:\/\/i0.wp.com\/eltrabajo.cl\/portal\/wp-content\/uploads\/2020\/05\/Comedor4.jpg?resize=578%2C320&#038;ssl=1\" alt=\"ALMUERZO ANUAL.- Una vez al a\u00f1o, en septiembre, este Comedor Solidario ofrece un Almuerzo General para sus beneficiarios. (Achivo)\" width=\"578\" height=\"320\" srcset=\"https:\/\/i0.wp.com\/eltrabajo.cl\/portal\/wp-content\/uploads\/2020\/05\/Comedor4.jpg?w=578&amp;ssl=1 578w, https:\/\/i0.wp.com\/eltrabajo.cl\/portal\/wp-content\/uploads\/2020\/05\/Comedor4.jpg?resize=300%2C166&amp;ssl=1 300w, https:\/\/i0.wp.com\/eltrabajo.cl\/portal\/wp-content\/uploads\/2020\/05\/Comedor4.jpg?resize=200%2C111&amp;ssl=1 200w, https:\/\/i0.wp.com\/eltrabajo.cl\/portal\/wp-content\/uploads\/2020\/05\/Comedor4.jpg?resize=150%2C83&amp;ssl=1 150w\" sizes=\"auto, (max-width: 578px) 100vw, 578px\" \/><figcaption id=\"caption-attachment-98836\" class=\"wp-caption-text\">ALMUERZO ANUAL.- Una vez al a\u00f1o, en septiembre, este Comedor Solidario ofrece un Almuerzo General para sus beneficiarios. (Achivo)<\/figcaption><\/figure>\n<p>&nbsp;<\/p>\n<figure id=\"attachment_98840\" aria-describedby=\"caption-attachment-98840\" style=\"width: 580px\" class=\"wp-caption alignnone\"><img data-recalc-dims=\"1\" loading=\"lazy\" decoding=\"async\" class=\"size-full wp-image-98840\" src=\"https:\/\/i0.wp.com\/eltrabajo.cl\/portal\/wp-content\/uploads\/2020\/05\/Comedor3.jpg?resize=580%2C359&#038;ssl=1\" alt=\"TODOS APOYAN.- Aqu\u00ed vemos a las religiosas y voluntarias del Comedor, recolectando alimentos en la Feria Central de San Felipe.\" width=\"580\" height=\"359\" srcset=\"https:\/\/i0.wp.com\/eltrabajo.cl\/portal\/wp-content\/uploads\/2020\/05\/Comedor3.jpg?w=580&amp;ssl=1 580w, https:\/\/i0.wp.com\/eltrabajo.cl\/portal\/wp-content\/uploads\/2020\/05\/Comedor3.jpg?resize=300%2C186&amp;ssl=1 300w, https:\/\/i0.wp.com\/eltrabajo.cl\/portal\/wp-content\/uploads\/2020\/05\/Comedor3.jpg?resize=200%2C124&amp;ssl=1 200w, https:\/\/i0.wp.com\/eltrabajo.cl\/portal\/wp-content\/uploads\/2020\/05\/Comedor3.jpg?resize=150%2C93&amp;ssl=1 150w\" sizes=\"auto, (max-width: 580px) 100vw, 580px\" \/><figcaption id=\"caption-attachment-98840\" class=\"wp-caption-text\">TODOS APOYAN.- Aqu\u00ed vemos a las religiosas y voluntarias del Comedor, recolectando alimentos en la Feria Central de San Felipe.<\/figcaption><\/figure>\n<p>&nbsp;<\/p>\n<figure id=\"attachment_98837\" aria-describedby=\"caption-attachment-98837\" style=\"width: 580px\" class=\"wp-caption alignnone\"><img data-recalc-dims=\"1\" loading=\"lazy\" decoding=\"async\" class=\"size-full wp-image-98837\" src=\"https:\/\/i0.wp.com\/eltrabajo.cl\/portal\/wp-content\/uploads\/2020\/05\/Comedor_Gustavo-Adolfo-Morales-Lopez.jpg?resize=580%2C598&#038;ssl=1\" alt=\"Gustavo Adolfo Morales L\u00f3pez, p\u00e1rroco titular de la Iglesia Catedral.\" width=\"580\" height=\"598\" srcset=\"https:\/\/i0.wp.com\/eltrabajo.cl\/portal\/wp-content\/uploads\/2020\/05\/Comedor_Gustavo-Adolfo-Morales-Lopez.jpg?w=580&amp;ssl=1 580w, https:\/\/i0.wp.com\/eltrabajo.cl\/portal\/wp-content\/uploads\/2020\/05\/Comedor_Gustavo-Adolfo-Morales-Lopez.jpg?resize=291%2C300&amp;ssl=1 291w, https:\/\/i0.wp.com\/eltrabajo.cl\/portal\/wp-content\/uploads\/2020\/05\/Comedor_Gustavo-Adolfo-Morales-Lopez.jpg?resize=145%2C150&amp;ssl=1 145w\" sizes=\"auto, (max-width: 580px) 100vw, 580px\" \/><figcaption id=\"caption-attachment-98837\" class=\"wp-caption-text\">Gustavo Adolfo Morales L\u00f3pez, p\u00e1rroco titular de la Iglesia Catedral.<\/figcaption><\/figure>\n","protected":false},"excerpt":{"rendered":"<p>Comedor Solidario lleva ya un mes funcionando: Galopando hacia nosotros cual jinete del Apocalipsis, llegar\u00e1 pronto el invierno, no solamente para continuar con su natural trabajo para los cultivos en nuestro valle,&#8230;<\/p>\n","protected":false},"author":482,"featured_media":98839,"comment_status":"closed","ping_status":"closed","sticky":false,"template":"","format":"standard","meta":{"advanced_seo_description":"","jetpack_seo_html_title":"","jetpack_seo_noindex":false,"_jetpack_memberships_contains_paid_content":false,"footnotes":""},"categories":[15],"tags":[],"class_list":["post-98835","post","type-post","status-publish","format-standard","has-post-thumbnail","hentry","category-comunidad"],"jetpack_featured_media_url":"https:\/\/i0.wp.com\/eltrabajo.cl\/portal\/wp-content\/uploads\/2020\/05\/Comedor2.jpg?fit=580%2C360&ssl=1","jetpack_sharing_enabled":true,"jetpack_likes_enabled":true,"jetpack-related-posts":[],"_links":{"self":[{"href":"https:\/\/eltrabajo.cl\/portal\/wp-json\/wp\/v2\/posts\/98835","targetHints":{"allow":["GET"]}}],"collection":[{"href":"https:\/\/eltrabajo.cl\/portal\/wp-json\/wp\/v2\/posts"}],"about":[{"href":"https:\/\/eltrabajo.cl\/portal\/wp-json\/wp\/v2\/types\/post"}],"author":[{"embeddable":true,"href":"https:\/\/eltrabajo.cl\/portal\/wp-json\/wp\/v2\/users\/482"}],"replies":[{"embeddable":true,"href":"https:\/\/eltrabajo.cl\/portal\/wp-json\/wp\/v2\/comments?post=98835"}],"version-history":[{"count":0,"href":"https:\/\/eltrabajo.cl\/portal\/wp-json\/wp\/v2\/posts\/98835\/revisions"}],"wp:featuredmedia":[{"embeddable":true,"href":"https:\/\/eltrabajo.cl\/portal\/wp-json\/wp\/v2\/media\/98839"}],"wp:attachment":[{"href":"https:\/\/eltrabajo.cl\/portal\/wp-json\/wp\/v2\/media?parent=98835"}],"wp:term":[{"taxonomy":"category","embeddable":true,"href":"https:\/\/eltrabajo.cl\/portal\/wp-json\/wp\/v2\/categories?post=98835"},{"taxonomy":"post_tag","embeddable":true,"href":"https:\/\/eltrabajo.cl\/portal\/wp-json\/wp\/v2\/tags?post=98835"}],"curies":[{"name":"wp","href":"https:\/\/api.w.org\/{rel}","templated":true}]}}