{"id":98842,"date":"2020-05-14T22:10:26","date_gmt":"2020-05-15T02:10:26","guid":{"rendered":"https:\/\/www.eltrabajo.cl\/portal\/?p=98842"},"modified":"2020-05-14T20:18:39","modified_gmt":"2020-05-15T00:18:39","slug":"municipio-fortalece-campana-para-prevenir-contagios-por-coronavirus","status":"publish","type":"post","link":"https:\/\/eltrabajo.cl\/portal\/municipio-fortalece-campana-para-prevenir-contagios-por-coronavirus\/","title":{"rendered":"Municipio fortalece campa\u00f1a para prevenir contagios por Coronavirus"},"content":{"rendered":"<p style=\"text-align: justify;\"><span style=\"color: #c81400;\"><strong>Con potente llamado a quedarse en casa:<\/strong><\/span><\/p>\n<ul style=\"text-align: justify;\">\n<li><strong>En distintos puntos de la comuna, se instal\u00f3 esta publicidad, reiterando la importancia de no salir y de cuidarse m\u00e1s que nunca.<\/strong><\/li>\n<\/ul>\n<p style=\"text-align: justify;\">La Municipalidad de San Felipe, por instrucci\u00f3n del alcalde Patricio Freire, sigue fortaleciendo la campa\u00f1a para prevenir el contagio por Coronavirus, con un potente llamado a quedarse en casa.<\/p>\n<p style=\"text-align: justify;\">Lo anterior, con apoyo de la empresa Adway, que ha facilitado sus paletas publicitarias para instalar estos mensajes en los puntos de mayor tr\u00e1nsito vehicular y afluencia de p\u00fablico.<\/p>\n<p style=\"text-align: justify;\">Los mensajes dise\u00f1ados por el Departamento de Comunicaciones junto con la Mesa Territorial Covid-19, tienen como prop\u00f3sito generar conciencia en la poblaci\u00f3n de lo importante que es quedarse en casa y salir s\u00f3lo si es necesario, tomando todos los resguardos posibles.<\/p>\n<p style=\"text-align: justify;\">Los mensajes se instalaron en las intersecciones de Michimalongo con Yungay y Merced con Yungay, Esquina Colorada, en el ingreso de San Felipe y en el frontis del Edificio Consistorial.<\/p>\n<p style=\"text-align: justify;\">El alcalde <strong>Patricio Freire<\/strong> indic\u00f3 que <em>\u00abestamos pidiendo a todas las familias que se queden en casa, esta campa\u00f1a que cuenta con el apoyo de la empresa Adway, a trav\u00e9s de distintos mensajes, llama a la reflexi\u00f3n y a que realicemos una cuarentena voluntaria.<\/em><\/p>\n<p style=\"text-align: justify;\">\u00ab<em>Vemos como en la Regi\u00f3n Metropolitana los hospitales est\u00e1n colapsando, queremos que nuestros vecinos no se contagien y que todos nos ayuden a difundir este mensaje\u00bb,<\/em> sentenci\u00f3.<\/p>\n<p style=\"text-align: justify;\">\n<figure id=\"attachment_98843\" aria-describedby=\"caption-attachment-98843\" style=\"width: 580px\" class=\"wp-caption alignnone\"><img data-recalc-dims=\"1\" loading=\"lazy\" decoding=\"async\" class=\"size-full wp-image-98843\" src=\"https:\/\/i0.wp.com\/eltrabajo.cl\/portal\/wp-content\/uploads\/2020\/05\/campa%C3%B1a-quedate-1.jpg?resize=580%2C359&#038;ssl=1\" alt=\"Los mensajes fueron dise\u00f1ados por el Departamento de Comunicaciones junto con la Mesa Territorial Covid-19, para generar conciencia de lo importante que es quedarse en casa.\" width=\"580\" height=\"359\" srcset=\"https:\/\/i0.wp.com\/eltrabajo.cl\/portal\/wp-content\/uploads\/2020\/05\/campa%C3%B1a-quedate-1.jpg?w=580&amp;ssl=1 580w, https:\/\/i0.wp.com\/eltrabajo.cl\/portal\/wp-content\/uploads\/2020\/05\/campa%C3%B1a-quedate-1.jpg?resize=300%2C186&amp;ssl=1 300w, https:\/\/i0.wp.com\/eltrabajo.cl\/portal\/wp-content\/uploads\/2020\/05\/campa%C3%B1a-quedate-1.jpg?resize=200%2C124&amp;ssl=1 200w, https:\/\/i0.wp.com\/eltrabajo.cl\/portal\/wp-content\/uploads\/2020\/05\/campa%C3%B1a-quedate-1.jpg?resize=150%2C93&amp;ssl=1 150w\" sizes=\"auto, (max-width: 580px) 100vw, 580px\" \/><figcaption id=\"caption-attachment-98843\" class=\"wp-caption-text\">Los mensajes fueron dise\u00f1ados por el Departamento de Comunicaciones junto con la Mesa Territorial Covid-19, para generar conciencia de lo importante que es quedarse en casa.<\/figcaption><\/figure>\n<p>&nbsp;<\/p>\n<figure id=\"attachment_98844\" aria-describedby=\"caption-attachment-98844\" style=\"width: 580px\" class=\"wp-caption alignnone\"><img data-recalc-dims=\"1\" loading=\"lazy\" decoding=\"async\" class=\"size-full wp-image-98844\" src=\"https:\/\/i0.wp.com\/eltrabajo.cl\/portal\/wp-content\/uploads\/2020\/05\/campa%C3%B1a-quedate-2.jpg?resize=580%2C358&#038;ssl=1\" alt=\"Los mensajes se instalaron en las intersecciones de Michimalongo con Yungay y Merced con Yungay, Esquina Colorada, en el ingreso de San Felipe y en el frontis del Edificio Consistorial.\" width=\"580\" height=\"358\" srcset=\"https:\/\/i0.wp.com\/eltrabajo.cl\/portal\/wp-content\/uploads\/2020\/05\/campa%C3%B1a-quedate-2.jpg?w=580&amp;ssl=1 580w, https:\/\/i0.wp.com\/eltrabajo.cl\/portal\/wp-content\/uploads\/2020\/05\/campa%C3%B1a-quedate-2.jpg?resize=300%2C185&amp;ssl=1 300w, https:\/\/i0.wp.com\/eltrabajo.cl\/portal\/wp-content\/uploads\/2020\/05\/campa%C3%B1a-quedate-2.jpg?resize=200%2C123&amp;ssl=1 200w, https:\/\/i0.wp.com\/eltrabajo.cl\/portal\/wp-content\/uploads\/2020\/05\/campa%C3%B1a-quedate-2.jpg?resize=150%2C93&amp;ssl=1 150w\" sizes=\"auto, (max-width: 580px) 100vw, 580px\" \/><figcaption id=\"caption-attachment-98844\" class=\"wp-caption-text\">Los mensajes se instalaron en las intersecciones de Michimalongo con Yungay y Merced con Yungay, Esquina Colorada, en el ingreso de San Felipe y en el frontis del Edificio Consistorial.<\/figcaption><\/figure>\n","protected":false},"excerpt":{"rendered":"<p>Con potente llamado a quedarse en casa: En distintos puntos de la comuna, se instal\u00f3 esta publicidad, reiterando la importancia de no salir y de cuidarse m\u00e1s que nunca. La Municipalidad de&#8230;<\/p>\n","protected":false},"author":482,"featured_media":98843,"comment_status":"closed","ping_status":"closed","sticky":false,"template":"","format":"standard","meta":{"advanced_seo_description":"","jetpack_seo_html_title":"","jetpack_seo_noindex":false,"_jetpack_memberships_contains_paid_content":false,"footnotes":""},"categories":[103],"tags":[],"class_list":["post-98842","post","type-post","status-publish","format-standard","has-post-thumbnail","hentry","category-cronica-2"],"jetpack_featured_media_url":"https:\/\/i0.wp.com\/eltrabajo.cl\/portal\/wp-content\/uploads\/2020\/05\/campa%C3%B1a-quedate-1.jpg?fit=580%2C359&ssl=1","jetpack_sharing_enabled":true,"jetpack_likes_enabled":true,"jetpack-related-posts":[],"_links":{"self":[{"href":"https:\/\/eltrabajo.cl\/portal\/wp-json\/wp\/v2\/posts\/98842","targetHints":{"allow":["GET"]}}],"collection":[{"href":"https:\/\/eltrabajo.cl\/portal\/wp-json\/wp\/v2\/posts"}],"about":[{"href":"https:\/\/eltrabajo.cl\/portal\/wp-json\/wp\/v2\/types\/post"}],"author":[{"embeddable":true,"href":"https:\/\/eltrabajo.cl\/portal\/wp-json\/wp\/v2\/users\/482"}],"replies":[{"embeddable":true,"href":"https:\/\/eltrabajo.cl\/portal\/wp-json\/wp\/v2\/comments?post=98842"}],"version-history":[{"count":0,"href":"https:\/\/eltrabajo.cl\/portal\/wp-json\/wp\/v2\/posts\/98842\/revisions"}],"wp:featuredmedia":[{"embeddable":true,"href":"https:\/\/eltrabajo.cl\/portal\/wp-json\/wp\/v2\/media\/98843"}],"wp:attachment":[{"href":"https:\/\/eltrabajo.cl\/portal\/wp-json\/wp\/v2\/media?parent=98842"}],"wp:term":[{"taxonomy":"category","embeddable":true,"href":"https:\/\/eltrabajo.cl\/portal\/wp-json\/wp\/v2\/categories?post=98842"},{"taxonomy":"post_tag","embeddable":true,"href":"https:\/\/eltrabajo.cl\/portal\/wp-json\/wp\/v2\/tags?post=98842"}],"curies":[{"name":"wp","href":"https:\/\/api.w.org\/{rel}","templated":true}]}}