{"id":98848,"date":"2020-05-14T22:15:52","date_gmt":"2020-05-15T02:15:52","guid":{"rendered":"https:\/\/www.eltrabajo.cl\/portal\/?p=98848"},"modified":"2020-05-14T20:26:12","modified_gmt":"2020-05-15T00:26:12","slug":"autoridad-sanitaria-controlara-solo-ingreso-de-personas-al-valle-de-aconcagua","status":"publish","type":"post","link":"https:\/\/eltrabajo.cl\/portal\/autoridad-sanitaria-controlara-solo-ingreso-de-personas-al-valle-de-aconcagua\/","title":{"rendered":"Autoridad Sanitaria controlar\u00e1 s\u00f3lo ingreso de personas al Valle de Aconcagua"},"content":{"rendered":"<p style=\"text-align: justify;\">Como una forma de poder focalizar los recursos y hacer que sean m\u00e1s efectivas las aduanas, desde este mi\u00e9rcoles al medio d\u00eda las autoridades del \u00e1rea comenzaron a controlar s\u00f3lo el ingreso de personas al Valle de Aconcagua.<\/p>\n<p style=\"text-align: justify;\">La informaci\u00f3n la dio a conocer la propia jefa de la Autoridad Sanitaria, <strong>Claudia Abarca Cataldo<\/strong>, aclarando que no se est\u00e1 controlando a las personas que salen del valle: <em>\u00abTodo lo que ingresa al cien por ciento, y toda la gente que no tiene la justificaci\u00f3n para ingresar al valle, est\u00e1 siendo devuelta\u00bb,<\/em> se\u00f1al\u00f3.<\/p>\n<p style=\"text-align: justify;\">Actualmente hay aduanas sanitarias en el sector de La Estancilla en la comuna de Llay-Llay, y la otra en el sector de Chacabuco en la provincia de Los Andes.<\/p>\n<p style=\"text-align: justify;\">Importante se\u00f1alar que este jueves en la tarde hab\u00eda una gran cantidad de veh\u00edculos, lo que hizo m\u00e1s lento el ingreso al Valle de Aconcagua.<\/p>\n<p style=\"text-align: justify;\">En algunos casos son esperas de horas, como lo han hecho saber algunos conductores o representantes de empresas de buses, poniendo como ejemplo un bus que sali\u00f3 de Santiago a las 17:00 horas y lleg\u00f3 a San Felipe pasadas las 23:00 horas. Esto por la forma c\u00f3mo se est\u00e1 realizando el control de las personas para evitar el contagio del Covid-19.<\/p>\n<p style=\"text-align: justify;\">\n<figure id=\"attachment_98849\" aria-describedby=\"caption-attachment-98849\" style=\"width: 580px\" class=\"wp-caption alignnone\"><img data-recalc-dims=\"1\" loading=\"lazy\" decoding=\"async\" class=\"size-full wp-image-98849\" src=\"https:\/\/i0.wp.com\/eltrabajo.cl\/portal\/wp-content\/uploads\/2020\/05\/Control-2.jpg?resize=580%2C360&#038;ssl=1\" alt=\"Largas e interminables filas de veh\u00edculos esperando por horas poder continuar su trayecto.\" width=\"580\" height=\"360\" srcset=\"https:\/\/i0.wp.com\/eltrabajo.cl\/portal\/wp-content\/uploads\/2020\/05\/Control-2.jpg?w=580&amp;ssl=1 580w, https:\/\/i0.wp.com\/eltrabajo.cl\/portal\/wp-content\/uploads\/2020\/05\/Control-2.jpg?resize=300%2C186&amp;ssl=1 300w, https:\/\/i0.wp.com\/eltrabajo.cl\/portal\/wp-content\/uploads\/2020\/05\/Control-2.jpg?resize=200%2C124&amp;ssl=1 200w, https:\/\/i0.wp.com\/eltrabajo.cl\/portal\/wp-content\/uploads\/2020\/05\/Control-2.jpg?resize=150%2C93&amp;ssl=1 150w\" sizes=\"auto, (max-width: 580px) 100vw, 580px\" \/><figcaption id=\"caption-attachment-98849\" class=\"wp-caption-text\">Largas e interminables filas de veh\u00edculos esperando por horas poder continuar su trayecto.<\/figcaption><\/figure>\n<p>&nbsp;<\/p>\n<figure id=\"attachment_98850\" aria-describedby=\"caption-attachment-98850\" style=\"width: 578px\" class=\"wp-caption alignnone\"><img data-recalc-dims=\"1\" loading=\"lazy\" decoding=\"async\" class=\"size-full wp-image-98850\" src=\"https:\/\/i0.wp.com\/eltrabajo.cl\/portal\/wp-content\/uploads\/2020\/05\/control.jpg?resize=578%2C290&#038;ssl=1\" alt=\"Gran cantidad de veh\u00edculos esperando llegar a Los Andes y San Felipe.\" width=\"578\" height=\"290\" srcset=\"https:\/\/i0.wp.com\/eltrabajo.cl\/portal\/wp-content\/uploads\/2020\/05\/control.jpg?w=578&amp;ssl=1 578w, https:\/\/i0.wp.com\/eltrabajo.cl\/portal\/wp-content\/uploads\/2020\/05\/control.jpg?resize=300%2C151&amp;ssl=1 300w, https:\/\/i0.wp.com\/eltrabajo.cl\/portal\/wp-content\/uploads\/2020\/05\/control.jpg?resize=200%2C100&amp;ssl=1 200w, https:\/\/i0.wp.com\/eltrabajo.cl\/portal\/wp-content\/uploads\/2020\/05\/control.jpg?resize=150%2C75&amp;ssl=1 150w\" sizes=\"auto, (max-width: 578px) 100vw, 578px\" \/><figcaption id=\"caption-attachment-98850\" class=\"wp-caption-text\">Gran cantidad de veh\u00edculos esperando llegar a Los Andes y San Felipe.<\/figcaption><\/figure>\n","protected":false},"excerpt":{"rendered":"<p>Como una forma de poder focalizar los recursos y hacer que sean m\u00e1s efectivas las aduanas, desde este mi\u00e9rcoles al medio d\u00eda las autoridades del \u00e1rea comenzaron a controlar s\u00f3lo el ingreso&#8230;<\/p>\n","protected":false},"author":482,"featured_media":98849,"comment_status":"closed","ping_status":"closed","sticky":false,"template":"","format":"standard","meta":{"advanced_seo_description":"","jetpack_seo_html_title":"","jetpack_seo_noindex":false,"_jetpack_memberships_contains_paid_content":false,"footnotes":""},"categories":[103],"tags":[],"class_list":["post-98848","post","type-post","status-publish","format-standard","has-post-thumbnail","hentry","category-cronica-2"],"jetpack_featured_media_url":"https:\/\/i0.wp.com\/eltrabajo.cl\/portal\/wp-content\/uploads\/2020\/05\/Control-2.jpg?fit=580%2C360&ssl=1","jetpack_sharing_enabled":true,"jetpack_likes_enabled":true,"jetpack-related-posts":[],"_links":{"self":[{"href":"https:\/\/eltrabajo.cl\/portal\/wp-json\/wp\/v2\/posts\/98848","targetHints":{"allow":["GET"]}}],"collection":[{"href":"https:\/\/eltrabajo.cl\/portal\/wp-json\/wp\/v2\/posts"}],"about":[{"href":"https:\/\/eltrabajo.cl\/portal\/wp-json\/wp\/v2\/types\/post"}],"author":[{"embeddable":true,"href":"https:\/\/eltrabajo.cl\/portal\/wp-json\/wp\/v2\/users\/482"}],"replies":[{"embeddable":true,"href":"https:\/\/eltrabajo.cl\/portal\/wp-json\/wp\/v2\/comments?post=98848"}],"version-history":[{"count":0,"href":"https:\/\/eltrabajo.cl\/portal\/wp-json\/wp\/v2\/posts\/98848\/revisions"}],"wp:featuredmedia":[{"embeddable":true,"href":"https:\/\/eltrabajo.cl\/portal\/wp-json\/wp\/v2\/media\/98849"}],"wp:attachment":[{"href":"https:\/\/eltrabajo.cl\/portal\/wp-json\/wp\/v2\/media?parent=98848"}],"wp:term":[{"taxonomy":"category","embeddable":true,"href":"https:\/\/eltrabajo.cl\/portal\/wp-json\/wp\/v2\/categories?post=98848"},{"taxonomy":"post_tag","embeddable":true,"href":"https:\/\/eltrabajo.cl\/portal\/wp-json\/wp\/v2\/tags?post=98848"}],"curies":[{"name":"wp","href":"https:\/\/api.w.org\/{rel}","templated":true}]}}