{"id":98852,"date":"2020-05-14T22:20:39","date_gmt":"2020-05-15T02:20:39","guid":{"rendered":"https:\/\/www.eltrabajo.cl\/portal\/?p=98852"},"modified":"2020-05-14T20:28:18","modified_gmt":"2020-05-15T00:28:18","slug":"municipio-suspende-feria-diego-de-almagro-los-domingos-17-y-24-de-mayo","status":"publish","type":"post","link":"https:\/\/eltrabajo.cl\/portal\/municipio-suspende-feria-diego-de-almagro-los-domingos-17-y-24-de-mayo\/","title":{"rendered":"Municipio suspende Feria Diego de Almagro los domingos 17 y 24 de mayo"},"content":{"rendered":"<ul>\n<li style=\"text-align: justify;\"><strong> Medida obedece al aumento de casos de contagio, el riesgo que representa para los propios feriantes trasladarse a la Regi\u00f3n Metropolitana, y la poca conciencia de autocuidado de la poblaci\u00f3n.<\/strong><\/li>\n<\/ul>\n<p style=\"text-align: justify;\">La Municipalidad de San Felipe, tras el informe presentado por la Mesa T\u00e9cnica Municipal Covid-19, determin\u00f3 suspender el funcionamiento de la Feria Diego de Almagro los d\u00edas domingo 17 y 24 de mayo.<\/p>\n<p style=\"text-align: justify;\">Una de las razones principales se debe al aumento exponencial de casos en la zona y tambi\u00e9n en el pa\u00eds, raz\u00f3n por la que se hace necesario reforzar las medidas preventivas, el autocuidado y que las personas se queden en casa.<\/p>\n<p style=\"text-align: justify;\">Junto con ello, se suma el riesgo de contagio para los propios feriantes de la comuna, quienes deben trasladarse a la Regi\u00f3n Metropolitana, decretada en cuarentena a contar del viernes 15 de mayo.<\/p>\n<p style=\"text-align: justify;\">Adem\u00e1s, la Feria Diego de Almagro, en las \u00faltimas dos semanas, ha congregado a m\u00e1s de 16 mil personas, lo que significa que puede transformarse en un foco importante de propagaci\u00f3n del virus.<\/p>\n<p style=\"text-align: justify;\">El abogado municipal, <strong>Mauricio Mass<\/strong>, sostuvo que a pesar que los equipos municipales desplegaron numerosas estrategias y acciones preventivas para la organizaci\u00f3n y mejoras en el funcionamiento de la feria, <em>\u00abse observa que no se han respetado las medidas sanitarias b\u00e1sicas para disminuir los riesgos de contagio por parte de las personas. Esto debido a los m\u00faltiples accesos donde se instala la feria y a la escasa conciencia de autocuidado de los vecinos\u00bb,<\/em> coment\u00f3.<\/p>\n<p style=\"text-align: justify;\">Mass precis\u00f3 que, a pesar del apoyo del Ej\u00e9rcito y Carabineros, <em>\u00abno se ha podido ejercer un control tampoco de los vendedores ambulantes que llegan en gran cantidad a instalarse, dificultando el manejo de las aglomeraciones\u00bb.<\/em><\/p>\n<p style=\"text-align: justify;\">\n<figure id=\"attachment_98853\" aria-describedby=\"caption-attachment-98853\" style=\"width: 580px\" class=\"wp-caption alignnone\"><img data-recalc-dims=\"1\" loading=\"lazy\" decoding=\"async\" class=\"size-full wp-image-98853\" src=\"https:\/\/i0.wp.com\/eltrabajo.cl\/portal\/wp-content\/uploads\/2020\/05\/feria-diego-de-almagro.jpg?resize=580%2C359&#038;ssl=1\" alt=\"Seg\u00fan inform\u00f3 la Municipalidad, en las \u00faltimas dos semanas la Feria Diego de Almagro ha congregado a m\u00e1s de 16 mil personas.\" width=\"580\" height=\"359\" srcset=\"https:\/\/i0.wp.com\/eltrabajo.cl\/portal\/wp-content\/uploads\/2020\/05\/feria-diego-de-almagro.jpg?w=580&amp;ssl=1 580w, https:\/\/i0.wp.com\/eltrabajo.cl\/portal\/wp-content\/uploads\/2020\/05\/feria-diego-de-almagro.jpg?resize=300%2C186&amp;ssl=1 300w, https:\/\/i0.wp.com\/eltrabajo.cl\/portal\/wp-content\/uploads\/2020\/05\/feria-diego-de-almagro.jpg?resize=200%2C124&amp;ssl=1 200w, https:\/\/i0.wp.com\/eltrabajo.cl\/portal\/wp-content\/uploads\/2020\/05\/feria-diego-de-almagro.jpg?resize=150%2C93&amp;ssl=1 150w\" sizes=\"auto, (max-width: 580px) 100vw, 580px\" \/><figcaption id=\"caption-attachment-98853\" class=\"wp-caption-text\">Seg\u00fan inform\u00f3 la Municipalidad, en las \u00faltimas dos semanas la Feria Diego de Almagro ha congregado a m\u00e1s de 16 mil personas.<\/figcaption><\/figure>\n","protected":false},"excerpt":{"rendered":"<p>Medida obedece al aumento de casos de contagio, el riesgo que representa para los propios feriantes trasladarse a la Regi\u00f3n Metropolitana, y la poca conciencia de autocuidado de la poblaci\u00f3n. La Municipalidad&#8230;<\/p>\n","protected":false},"author":482,"featured_media":98853,"comment_status":"closed","ping_status":"closed","sticky":false,"template":"","format":"standard","meta":{"advanced_seo_description":"","jetpack_seo_html_title":"","jetpack_seo_noindex":false,"_jetpack_memberships_contains_paid_content":false,"footnotes":""},"categories":[103],"tags":[],"class_list":["post-98852","post","type-post","status-publish","format-standard","has-post-thumbnail","hentry","category-cronica-2"],"jetpack_featured_media_url":"https:\/\/i0.wp.com\/eltrabajo.cl\/portal\/wp-content\/uploads\/2020\/05\/feria-diego-de-almagro.jpg?fit=580%2C359&ssl=1","jetpack_sharing_enabled":true,"jetpack_likes_enabled":true,"jetpack-related-posts":[],"_links":{"self":[{"href":"https:\/\/eltrabajo.cl\/portal\/wp-json\/wp\/v2\/posts\/98852","targetHints":{"allow":["GET"]}}],"collection":[{"href":"https:\/\/eltrabajo.cl\/portal\/wp-json\/wp\/v2\/posts"}],"about":[{"href":"https:\/\/eltrabajo.cl\/portal\/wp-json\/wp\/v2\/types\/post"}],"author":[{"embeddable":true,"href":"https:\/\/eltrabajo.cl\/portal\/wp-json\/wp\/v2\/users\/482"}],"replies":[{"embeddable":true,"href":"https:\/\/eltrabajo.cl\/portal\/wp-json\/wp\/v2\/comments?post=98852"}],"version-history":[{"count":0,"href":"https:\/\/eltrabajo.cl\/portal\/wp-json\/wp\/v2\/posts\/98852\/revisions"}],"wp:featuredmedia":[{"embeddable":true,"href":"https:\/\/eltrabajo.cl\/portal\/wp-json\/wp\/v2\/media\/98853"}],"wp:attachment":[{"href":"https:\/\/eltrabajo.cl\/portal\/wp-json\/wp\/v2\/media?parent=98852"}],"wp:term":[{"taxonomy":"category","embeddable":true,"href":"https:\/\/eltrabajo.cl\/portal\/wp-json\/wp\/v2\/categories?post=98852"},{"taxonomy":"post_tag","embeddable":true,"href":"https:\/\/eltrabajo.cl\/portal\/wp-json\/wp\/v2\/tags?post=98852"}],"curies":[{"name":"wp","href":"https:\/\/api.w.org\/{rel}","templated":true}]}}