{"id":98855,"date":"2020-05-15T07:15:04","date_gmt":"2020-05-15T11:15:04","guid":{"rendered":"https:\/\/www.eltrabajo.cl\/portal\/?p=98855"},"modified":"2020-05-14T20:31:28","modified_gmt":"2020-05-15T00:31:28","slug":"comuna-de-panquehue-registra-segundo-caso-positivo-de-covid-19","status":"publish","type":"post","link":"https:\/\/eltrabajo.cl\/portal\/comuna-de-panquehue-registra-segundo-caso-positivo-de-covid-19\/","title":{"rendered":"Comuna de Panquehue registra segundo caso positivo de Covid-19\u00a0"},"content":{"rendered":"<ul>\n<li style=\"text-align: justify;\"><strong>De acuerdo a lo informado por el alcalde Luis Pradenas, se trata de un contacto estrecho del primer caso registrado en la comuna. <\/strong><\/li>\n<\/ul>\n<p style=\"text-align: justify;\"><strong>PANQUEHUE.-<\/strong> Su segundo caso positivo de Coronavirus Covid-19 se registr\u00f3 en la comuna de Panquehue, el que se tratar\u00eda de un contacto estrecho del primer caso registrado esta semana.<\/p>\n<p style=\"text-align: justify;\">El anuncio lo realiz\u00f3 el alcalde de Panquehue, Luis Pradenas, quien fuera notificado por el director del Cesfam, el Dr. Te\u00f3filo Reyes, luego de recibir el resultado del examen de PCR aplicado.<\/p>\n<p style=\"text-align: justify;\">El vecino de Panquehue ha sido sometido a un proceso de aislamiento sanitario y se encuentra bajo estricta vigilancia de parte de profesionales del Cesfam Mar\u00eda Elena Pe\u00f1aloza y de la Seremi de salud, con el fin de ejecutar los protocolos determinados para estos efectos.<\/p>\n<p style=\"text-align: justify;\">Agreg\u00f3 el alcalde <strong>Luis Pradenas<\/strong> que la comunidad de Panquehue debe estar en calma, ya que se est\u00e1n adoptando todas las medidas que se han coordinado con la unidad de salud de Panquehue, reiterando el llamado a extremar las medidas de autocuidado: <em>\u00abLo ha dicho la autoridad de salud a nivel nacional y nosotros como comuna lo hemos reforzado, se vienen semanas muy complicadas en temas de contagio, por lo mismo hay que reforzar las medidas de prevenci\u00f3n sanitarias. Por ello hago un llamado a los vecinos de mi comuna, a quedarse en sus casas, efectuar salidas lo estrictamente necesario, usar en todo momento mascarillas y lo m\u00e1s importante, evitar las aglomeraciones de personas.<\/em><\/p>\n<p style=\"text-align: justify;\">\u00ab<em>Esta Pandemia es de f\u00e1cil contagio, por lo tanto, los vecinos deben actuar con m\u00e1s responsabilidad social y limitarse al m\u00e1ximo de\u00a0 circular por nuestra comuna\u00bb.<\/em><\/p>\n<p style=\"text-align: justify;\">En tanto el director del Cesfam, doctor <strong>Te\u00f3filo Reyes<\/strong>, se\u00f1al\u00f3 que lo importante de este segundo caso, es que es un contacto estrecho del primer caso de Covid-19, por lo tanto se conoce la trazabilidad y eso permite seguir realizando los seguimientos y controles adecuados.<\/p>\n<p style=\"text-align: justify;\">Con la confirmaci\u00f3n de este segundo caso de Covid-19 en Panquehue, se aumentar\u00e1n las campa\u00f1as de sanitizaci\u00f3n en los sectores de la comuna; disponi\u00e9ndose un mayor control sanitario en espacios p\u00fablicos tales como el Cesfam y el Municipio.<\/p>\n<p style=\"text-align: justify;\">Cabe mencionar que el concejo municipal aprob\u00f3 dos ordenanzas municipales que estipulan el uso obligatorio de\u00a0 mascarillas en lugares p\u00fablicos y cerrados de atenci\u00f3n de personas, asimismo en el transporte p\u00fablico y en veh\u00edculos particulares con m\u00e1s de dos personasen en su interior; se han prohibido adem\u00e1s las reuniones sociales, el uso de \u00e1reas verdes, parques, multicanchas y estadios, como asimismo se ha reglamentado el horario en el cementerio municipal, ya sea para visitas o funerales y el ingreso de menores de 12 a\u00f1os.<\/p>\n<p style=\"text-align: justify;\">Otras de las medidas que contempla esta ordenanza, es la obligatoriedad\u00a0 por parte de sus due\u00f1os o dependientes de disponer el uso de elementos sanitarios como alcohol gel, guantes y mascarillas en locales de venta en la comuna de Panquehue, y tambi\u00e9n sanciona al que incite a trav\u00e9s de redes sociales, la convocatoria de todo tipo de reuniones p\u00fablicas.<\/p>\n<p style=\"text-align: justify;\">\n<figure id=\"attachment_98856\" aria-describedby=\"caption-attachment-98856\" style=\"width: 580px\" class=\"wp-caption alignnone\"><img data-recalc-dims=\"1\" loading=\"lazy\" decoding=\"async\" class=\"size-full wp-image-98856\" src=\"https:\/\/i0.wp.com\/eltrabajo.cl\/portal\/wp-content\/uploads\/2020\/05\/alcalde_luis_pradenas.jpg?resize=580%2C358&#038;ssl=1\" alt=\"El alcalde Luis Pradenas llam\u00f3 a la comunidad a estar en calma, ya que se est\u00e1n adoptando todas las medidas que se han coordinado con la unidad de salud de Panquehue, reiterando el llamado a extremar las medidas de autocuidado.\" width=\"580\" height=\"358\" srcset=\"https:\/\/i0.wp.com\/eltrabajo.cl\/portal\/wp-content\/uploads\/2020\/05\/alcalde_luis_pradenas.jpg?w=580&amp;ssl=1 580w, https:\/\/i0.wp.com\/eltrabajo.cl\/portal\/wp-content\/uploads\/2020\/05\/alcalde_luis_pradenas.jpg?resize=300%2C185&amp;ssl=1 300w, https:\/\/i0.wp.com\/eltrabajo.cl\/portal\/wp-content\/uploads\/2020\/05\/alcalde_luis_pradenas.jpg?resize=200%2C123&amp;ssl=1 200w, https:\/\/i0.wp.com\/eltrabajo.cl\/portal\/wp-content\/uploads\/2020\/05\/alcalde_luis_pradenas.jpg?resize=150%2C93&amp;ssl=1 150w\" sizes=\"auto, (max-width: 580px) 100vw, 580px\" \/><figcaption id=\"caption-attachment-98856\" class=\"wp-caption-text\">El alcalde Luis Pradenas llam\u00f3 a la comunidad a estar en calma, ya que se est\u00e1n adoptando todas las medidas que se han coordinado con la unidad de salud de Panquehue, reiterando el llamado a extremar las medidas de autocuidado.<\/figcaption><\/figure>\n","protected":false},"excerpt":{"rendered":"<p>De acuerdo a lo informado por el alcalde Luis Pradenas, se trata de un contacto estrecho del primer caso registrado en la comuna. PANQUEHUE.- Su segundo caso positivo de Coronavirus Covid-19 se&#8230;<\/p>\n","protected":false},"author":482,"featured_media":98856,"comment_status":"closed","ping_status":"closed","sticky":false,"template":"","format":"standard","meta":{"advanced_seo_description":"","jetpack_seo_html_title":"","jetpack_seo_noindex":false,"_jetpack_memberships_contains_paid_content":false,"footnotes":""},"categories":[103],"tags":[],"class_list":["post-98855","post","type-post","status-publish","format-standard","has-post-thumbnail","hentry","category-cronica-2"],"jetpack_featured_media_url":"https:\/\/i0.wp.com\/eltrabajo.cl\/portal\/wp-content\/uploads\/2020\/05\/alcalde_luis_pradenas.jpg?fit=580%2C358&ssl=1","jetpack_sharing_enabled":true,"jetpack_likes_enabled":true,"jetpack-related-posts":[],"_links":{"self":[{"href":"https:\/\/eltrabajo.cl\/portal\/wp-json\/wp\/v2\/posts\/98855","targetHints":{"allow":["GET"]}}],"collection":[{"href":"https:\/\/eltrabajo.cl\/portal\/wp-json\/wp\/v2\/posts"}],"about":[{"href":"https:\/\/eltrabajo.cl\/portal\/wp-json\/wp\/v2\/types\/post"}],"author":[{"embeddable":true,"href":"https:\/\/eltrabajo.cl\/portal\/wp-json\/wp\/v2\/users\/482"}],"replies":[{"embeddable":true,"href":"https:\/\/eltrabajo.cl\/portal\/wp-json\/wp\/v2\/comments?post=98855"}],"version-history":[{"count":0,"href":"https:\/\/eltrabajo.cl\/portal\/wp-json\/wp\/v2\/posts\/98855\/revisions"}],"wp:featuredmedia":[{"embeddable":true,"href":"https:\/\/eltrabajo.cl\/portal\/wp-json\/wp\/v2\/media\/98856"}],"wp:attachment":[{"href":"https:\/\/eltrabajo.cl\/portal\/wp-json\/wp\/v2\/media?parent=98855"}],"wp:term":[{"taxonomy":"category","embeddable":true,"href":"https:\/\/eltrabajo.cl\/portal\/wp-json\/wp\/v2\/categories?post=98855"},{"taxonomy":"post_tag","embeddable":true,"href":"https:\/\/eltrabajo.cl\/portal\/wp-json\/wp\/v2\/tags?post=98855"}],"curies":[{"name":"wp","href":"https:\/\/api.w.org\/{rel}","templated":true}]}}