{"id":98858,"date":"2020-05-15T07:30:43","date_gmt":"2020-05-15T11:30:43","guid":{"rendered":"https:\/\/www.eltrabajo.cl\/portal\/?p=98858"},"modified":"2020-05-14T20:36:05","modified_gmt":"2020-05-15T00:36:05","slug":"piden-poner-soportes-para-evitar-que-vehiculos-terminen-metidos-en-inmueble","status":"publish","type":"post","link":"https:\/\/eltrabajo.cl\/portal\/piden-poner-soportes-para-evitar-que-vehiculos-terminen-metidos-en-inmueble\/","title":{"rendered":"Piden poner soportes para evitar que veh\u00edculos terminen metidos en inmueble"},"content":{"rendered":"<p><span style=\"color: #c81400;\"><strong>Vecino demanda urgente soluci\u00f3n:<\/strong><\/span><\/p>\n<p>Este lunes 11 de mayo, pasadas las 13:30 horas, se produjo un nuevo accidente de tr\u00e1nsito en la intersecci\u00f3n de las calles Carlos Condell con Toro Mazote en San Felipe, donde un veh\u00edculo menor estuvo a punto de terminar incrustado en un inmueble ubicado en la esquina de las calles antes mencionadas.<\/p>\n<p>En la ocasi\u00f3n este veh\u00edculo fue impactado por otro que ven\u00eda subiendo por Condell. Pues bien, ante este nuevo accidente, ya un vecino est\u00e1 poniendo la voz de alerta solicitando que la autoridad local coloque alg\u00fan tipo de defensa para evitar que terminen en su casa. Algo que de hecho ha ocurrido en varias ocasiones en el inmueble\u00a0 del frente.<\/p>\n<p>Por informaci\u00f3n\u00a0 obtenida por este medio, la propia due\u00f1a del inmueble y familiares se tuvieron que hacer cargo de los gastos para reconstruir los da\u00f1os producidos en un accidente de tr\u00e1nsito.<\/p>\n<p>Es por eso que este vecino hizo p\u00fablica su advertencia que ojala sea escuchada por las autoridades: <em>\u00abDeber\u00edan poner la seguridad de este lado ya, por los peatones, por todos; ahora se vinieron para este lado\u00bb, <\/em>dijo el vecino.<\/p>\n<p>&nbsp;<\/p>\n<figure id=\"attachment_98859\" aria-describedby=\"caption-attachment-98859\" style=\"width: 580px\" class=\"wp-caption alignnone\"><img data-recalc-dims=\"1\" loading=\"lazy\" decoding=\"async\" class=\"size-full wp-image-98859\" src=\"https:\/\/i0.wp.com\/eltrabajo.cl\/portal\/wp-content\/uploads\/2020\/05\/piden-refuerzos.jpg?resize=580%2C359&#038;ssl=1\" alt=\"Algo as\u00ed es lo que se podr\u00eda colocar en este otro lado para darle un poco de tranquilidad a los vecinos.\" width=\"580\" height=\"359\" srcset=\"https:\/\/i0.wp.com\/eltrabajo.cl\/portal\/wp-content\/uploads\/2020\/05\/piden-refuerzos.jpg?w=580&amp;ssl=1 580w, https:\/\/i0.wp.com\/eltrabajo.cl\/portal\/wp-content\/uploads\/2020\/05\/piden-refuerzos.jpg?resize=300%2C186&amp;ssl=1 300w, https:\/\/i0.wp.com\/eltrabajo.cl\/portal\/wp-content\/uploads\/2020\/05\/piden-refuerzos.jpg?resize=200%2C124&amp;ssl=1 200w, https:\/\/i0.wp.com\/eltrabajo.cl\/portal\/wp-content\/uploads\/2020\/05\/piden-refuerzos.jpg?resize=150%2C93&amp;ssl=1 150w\" sizes=\"auto, (max-width: 580px) 100vw, 580px\" \/><figcaption id=\"caption-attachment-98859\" class=\"wp-caption-text\">Algo as\u00ed es lo que se podr\u00eda colocar en este otro lado para darle un poco de tranquilidad a los vecinos.<\/figcaption><\/figure>\n<p>&nbsp;<\/p>\n<figure id=\"attachment_98860\" aria-describedby=\"caption-attachment-98860\" style=\"width: 580px\" class=\"wp-caption alignnone\"><img data-recalc-dims=\"1\" loading=\"lazy\" decoding=\"async\" class=\"size-full wp-image-98860\" src=\"https:\/\/i0.wp.com\/eltrabajo.cl\/portal\/wp-content\/uploads\/2020\/05\/piden-Jac.jpg?resize=580%2C359&#038;ssl=1\" alt=\"Como se puede apreciar en la imagen, el veh\u00edculo qued\u00f3 a cent\u00edmetros de terminar incrustado en el inmueble.\" width=\"580\" height=\"359\" srcset=\"https:\/\/i0.wp.com\/eltrabajo.cl\/portal\/wp-content\/uploads\/2020\/05\/piden-Jac.jpg?w=580&amp;ssl=1 580w, https:\/\/i0.wp.com\/eltrabajo.cl\/portal\/wp-content\/uploads\/2020\/05\/piden-Jac.jpg?resize=300%2C186&amp;ssl=1 300w, https:\/\/i0.wp.com\/eltrabajo.cl\/portal\/wp-content\/uploads\/2020\/05\/piden-Jac.jpg?resize=200%2C124&amp;ssl=1 200w, https:\/\/i0.wp.com\/eltrabajo.cl\/portal\/wp-content\/uploads\/2020\/05\/piden-Jac.jpg?resize=150%2C93&amp;ssl=1 150w\" sizes=\"auto, (max-width: 580px) 100vw, 580px\" \/><figcaption id=\"caption-attachment-98860\" class=\"wp-caption-text\">Como se puede apreciar en la imagen, el veh\u00edculo qued\u00f3 a cent\u00edmetros de terminar incrustado en el inmueble.<\/figcaption><\/figure>\n","protected":false},"excerpt":{"rendered":"<p>Vecino demanda urgente soluci\u00f3n: Este lunes 11 de mayo, pasadas las 13:30 horas, se produjo un nuevo accidente de tr\u00e1nsito en la intersecci\u00f3n de las calles Carlos Condell con Toro Mazote en&#8230;<\/p>\n","protected":false},"author":482,"featured_media":98860,"comment_status":"closed","ping_status":"closed","sticky":false,"template":"","format":"standard","meta":{"advanced_seo_description":"","jetpack_seo_html_title":"","jetpack_seo_noindex":false,"_jetpack_memberships_contains_paid_content":false,"footnotes":""},"categories":[15],"tags":[],"class_list":["post-98858","post","type-post","status-publish","format-standard","has-post-thumbnail","hentry","category-comunidad"],"jetpack_featured_media_url":"https:\/\/i0.wp.com\/eltrabajo.cl\/portal\/wp-content\/uploads\/2020\/05\/piden-Jac.jpg?fit=580%2C359&ssl=1","jetpack_sharing_enabled":true,"jetpack_likes_enabled":true,"jetpack-related-posts":[],"_links":{"self":[{"href":"https:\/\/eltrabajo.cl\/portal\/wp-json\/wp\/v2\/posts\/98858","targetHints":{"allow":["GET"]}}],"collection":[{"href":"https:\/\/eltrabajo.cl\/portal\/wp-json\/wp\/v2\/posts"}],"about":[{"href":"https:\/\/eltrabajo.cl\/portal\/wp-json\/wp\/v2\/types\/post"}],"author":[{"embeddable":true,"href":"https:\/\/eltrabajo.cl\/portal\/wp-json\/wp\/v2\/users\/482"}],"replies":[{"embeddable":true,"href":"https:\/\/eltrabajo.cl\/portal\/wp-json\/wp\/v2\/comments?post=98858"}],"version-history":[{"count":0,"href":"https:\/\/eltrabajo.cl\/portal\/wp-json\/wp\/v2\/posts\/98858\/revisions"}],"wp:featuredmedia":[{"embeddable":true,"href":"https:\/\/eltrabajo.cl\/portal\/wp-json\/wp\/v2\/media\/98860"}],"wp:attachment":[{"href":"https:\/\/eltrabajo.cl\/portal\/wp-json\/wp\/v2\/media?parent=98858"}],"wp:term":[{"taxonomy":"category","embeddable":true,"href":"https:\/\/eltrabajo.cl\/portal\/wp-json\/wp\/v2\/categories?post=98858"},{"taxonomy":"post_tag","embeddable":true,"href":"https:\/\/eltrabajo.cl\/portal\/wp-json\/wp\/v2\/tags?post=98858"}],"curies":[{"name":"wp","href":"https:\/\/api.w.org\/{rel}","templated":true}]}}