{"id":98868,"date":"2020-05-15T08:00:45","date_gmt":"2020-05-15T12:00:45","guid":{"rendered":"https:\/\/www.eltrabajo.cl\/portal\/?p=98868"},"modified":"2020-05-14T20:42:57","modified_gmt":"2020-05-15T00:42:57","slug":"exponen-con-videos-a-colectiveros-orinando-en-pandereta-de-jardin-infantil","status":"publish","type":"post","link":"https:\/\/eltrabajo.cl\/portal\/exponen-con-videos-a-colectiveros-orinando-en-pandereta-de-jardin-infantil\/","title":{"rendered":"Exponen con videos a colectiveros orinando en pandereta de jard\u00edn infantil"},"content":{"rendered":"<p style=\"text-align: justify;\"><span style=\"color: #c81400;\"><strong>Tremenda funa a conductores en redes sociales:<\/strong><\/span><\/p>\n<p style=\"text-align: justify;\">Un verdadero problema de higiene urbana es el que viene ocurriendo desde hace tiempo ya en la pandereta principal del Jard\u00edn Infantil \u2018Rinc\u00f3n de Angelitos\u2019 en Poblaci\u00f3n Juan Pablo II, luego que con mucha regularidad varios conductores de colectivos de varias l\u00edneas en operaci\u00f3n, lleguen a dejar a sus pasajeros y tambi\u00e9n se bajen de sus veh\u00edculos de trabajo y opten por fumarse un cigarrillo y orinar a la intemperie, puntualmente al pie del jard\u00edn infantil.<\/p>\n<p style=\"text-align: justify;\">Lo anteriormente dicho queda en evidencia en varios v\u00eddeos que un vecino del lugar pudo grabar con su tel\u00e9fono celular, grabaciones en las que se registra al menos a dos colectiveros haciendo sus necesidades fisiol\u00f3gicas en el citado sector. Al ser sorprendidos los apenados visitantes han reconocido su error y se han comprometido a no hacerlo m\u00e1s.<\/p>\n<p style=\"text-align: justify;\">\n<p style=\"text-align: justify;\"><span style=\"color: #c81400;\"><strong>CON NI\u00d1OS CERCA<\/strong><\/span><\/p>\n<p style=\"text-align: justify;\">En uno de los videos se aprecia tambi\u00e9n con claridad a un ni\u00f1o chico cerca del conductor orinando, y quien graba el v\u00eddeo le reclama en\u00e9rgicamente por el problema sanitario que est\u00e1n generando para vecinos y ni\u00f1os que, aunque en estos d\u00edas no est\u00e1n en clases, s\u00ed respirar\u00e1n los vapores de orina cuando el clima cambie.<\/p>\n<p style=\"text-align: justify;\"><strong>Diario El Trabajo<\/strong> busc\u00f3 hablar con varias L\u00edneas de Colectivos, en el caso de L\u00ednea 4 no fue posible hallar la sede, pues visitamos tres de ellas con el N\u00b04, pero estaban cerradas. Con L\u00ednea 1 tampoco se pudo llegar a concretar una entrevista, por lo que esta denuncia ciudadana quedar\u00e1 abierta, en caso de que alguien quiera ofrecer las disculpas, explicaci\u00f3n o compromiso de buscar una soluci\u00f3n a este problema.<\/p>\n<p style=\"text-align: justify;\"><strong>Roberto Gonz\u00e1lez Short<\/strong><\/p>\n<p style=\"text-align: justify;\">\n<figure id=\"attachment_98869\" aria-describedby=\"caption-attachment-98869\" style=\"width: 580px\" class=\"wp-caption alignnone\"><img data-recalc-dims=\"1\" loading=\"lazy\" decoding=\"async\" class=\"size-full wp-image-98869\" src=\"https:\/\/i0.wp.com\/eltrabajo.cl\/portal\/wp-content\/uploads\/2020\/05\/Pandereta1.jpg?resize=580%2C359&#038;ssl=1\" alt=\"VIDEO-DENUNCIA.- En esta escena se aprecia claramente a este conductor de colectivos haciendo sus necesidades fisiol\u00f3gicas en la pandereta del jard\u00edn, y tambi\u00e9n las caras de los denunciados.\" width=\"580\" height=\"359\" srcset=\"https:\/\/i0.wp.com\/eltrabajo.cl\/portal\/wp-content\/uploads\/2020\/05\/Pandereta1.jpg?w=580&amp;ssl=1 580w, https:\/\/i0.wp.com\/eltrabajo.cl\/portal\/wp-content\/uploads\/2020\/05\/Pandereta1.jpg?resize=300%2C186&amp;ssl=1 300w, https:\/\/i0.wp.com\/eltrabajo.cl\/portal\/wp-content\/uploads\/2020\/05\/Pandereta1.jpg?resize=200%2C124&amp;ssl=1 200w, https:\/\/i0.wp.com\/eltrabajo.cl\/portal\/wp-content\/uploads\/2020\/05\/Pandereta1.jpg?resize=150%2C93&amp;ssl=1 150w\" sizes=\"auto, (max-width: 580px) 100vw, 580px\" \/><figcaption id=\"caption-attachment-98869\" class=\"wp-caption-text\">VIDEO-DENUNCIA.- En esta escena se aprecia claramente a este conductor de colectivos haciendo sus necesidades fisiol\u00f3gicas en la pandereta del jard\u00edn, y tambi\u00e9n las caras de los denunciados.<\/figcaption><\/figure>\n<p>&nbsp;<\/p>\n<figure id=\"attachment_98870\" aria-describedby=\"caption-attachment-98870\" style=\"width: 579px\" class=\"wp-caption alignnone\"><img data-recalc-dims=\"1\" loading=\"lazy\" decoding=\"async\" class=\"size-full wp-image-98870\" src=\"https:\/\/i0.wp.com\/eltrabajo.cl\/portal\/wp-content\/uploads\/2020\/05\/Pandereta2.jpg?resize=579%2C263&#038;ssl=1\" alt=\"UNA VERG\u00dcENZA.- Vemos ac\u00e1 el charco de orines, un ni\u00f1o chico en el per\u00edmetro, y uno de los taxis involucrados en esta irregularidad.\" width=\"579\" height=\"263\" srcset=\"https:\/\/i0.wp.com\/eltrabajo.cl\/portal\/wp-content\/uploads\/2020\/05\/Pandereta2.jpg?w=579&amp;ssl=1 579w, https:\/\/i0.wp.com\/eltrabajo.cl\/portal\/wp-content\/uploads\/2020\/05\/Pandereta2.jpg?resize=300%2C136&amp;ssl=1 300w, https:\/\/i0.wp.com\/eltrabajo.cl\/portal\/wp-content\/uploads\/2020\/05\/Pandereta2.jpg?resize=200%2C91&amp;ssl=1 200w, https:\/\/i0.wp.com\/eltrabajo.cl\/portal\/wp-content\/uploads\/2020\/05\/Pandereta2.jpg?resize=150%2C68&amp;ssl=1 150w\" sizes=\"auto, (max-width: 579px) 100vw, 579px\" \/><figcaption id=\"caption-attachment-98870\" class=\"wp-caption-text\">UNA VERG\u00dcENZA.- Vemos ac\u00e1 el charco de orines, un ni\u00f1o chico en el per\u00edmetro, y uno de los taxis involucrados en esta irregularidad.<\/figcaption><\/figure>\n","protected":false},"excerpt":{"rendered":"<p>Tremenda funa a conductores en redes sociales: Un verdadero problema de higiene urbana es el que viene ocurriendo desde hace tiempo ya en la pandereta principal del Jard\u00edn Infantil \u2018Rinc\u00f3n de Angelitos\u2019&#8230;<\/p>\n","protected":false},"author":482,"featured_media":98869,"comment_status":"closed","ping_status":"closed","sticky":false,"template":"","format":"standard","meta":{"advanced_seo_description":"","jetpack_seo_html_title":"","jetpack_seo_noindex":false,"_jetpack_memberships_contains_paid_content":false,"footnotes":""},"categories":[15],"tags":[],"class_list":["post-98868","post","type-post","status-publish","format-standard","has-post-thumbnail","hentry","category-comunidad"],"jetpack_featured_media_url":"https:\/\/i0.wp.com\/eltrabajo.cl\/portal\/wp-content\/uploads\/2020\/05\/Pandereta1.jpg?fit=580%2C359&ssl=1","jetpack_sharing_enabled":true,"jetpack_likes_enabled":true,"jetpack-related-posts":[],"_links":{"self":[{"href":"https:\/\/eltrabajo.cl\/portal\/wp-json\/wp\/v2\/posts\/98868","targetHints":{"allow":["GET"]}}],"collection":[{"href":"https:\/\/eltrabajo.cl\/portal\/wp-json\/wp\/v2\/posts"}],"about":[{"href":"https:\/\/eltrabajo.cl\/portal\/wp-json\/wp\/v2\/types\/post"}],"author":[{"embeddable":true,"href":"https:\/\/eltrabajo.cl\/portal\/wp-json\/wp\/v2\/users\/482"}],"replies":[{"embeddable":true,"href":"https:\/\/eltrabajo.cl\/portal\/wp-json\/wp\/v2\/comments?post=98868"}],"version-history":[{"count":0,"href":"https:\/\/eltrabajo.cl\/portal\/wp-json\/wp\/v2\/posts\/98868\/revisions"}],"wp:featuredmedia":[{"embeddable":true,"href":"https:\/\/eltrabajo.cl\/portal\/wp-json\/wp\/v2\/media\/98869"}],"wp:attachment":[{"href":"https:\/\/eltrabajo.cl\/portal\/wp-json\/wp\/v2\/media?parent=98868"}],"wp:term":[{"taxonomy":"category","embeddable":true,"href":"https:\/\/eltrabajo.cl\/portal\/wp-json\/wp\/v2\/categories?post=98868"},{"taxonomy":"post_tag","embeddable":true,"href":"https:\/\/eltrabajo.cl\/portal\/wp-json\/wp\/v2\/tags?post=98868"}],"curies":[{"name":"wp","href":"https:\/\/api.w.org\/{rel}","templated":true}]}}