{"id":98877,"date":"2020-05-17T22:57:30","date_gmt":"2020-05-18T02:57:30","guid":{"rendered":"https:\/\/www.eltrabajo.cl\/portal\/?p=98877"},"modified":"2020-05-17T22:58:42","modified_gmt":"2020-05-18T02:58:42","slug":"avanza-mejoramiento-de-plazoleta-y-areas-verdes-en-poblacion-san-felipe","status":"publish","type":"post","link":"https:\/\/eltrabajo.cl\/portal\/avanza-mejoramiento-de-plazoleta-y-areas-verdes-en-poblacion-san-felipe\/","title":{"rendered":"Avanza mejoramiento de plazoleta y \u00e1reas verdes en Poblaci\u00f3n San Felipe"},"content":{"rendered":"<p style=\"text-align: justify;\">Avanza el proyecto de mejoramiento del \u00e1rea verde en la intersecci\u00f3n de Calle Justo Estay con Avenida Hermanos Carrera, obra que forma parte del Programa de Mejoramiento Urbano (PMU) y que representa una inversi\u00f3n de 32 millones de pesos. El proyecto consiste en el arreglo de 1.800 metros cuadrados, en una de las poblaciones m\u00e1s antigua de la comuna.<\/p>\n<p style=\"text-align: justify;\">Esto significa la reposici\u00f3n e instalaci\u00f3n de 800 metros cuadrados de c\u00e9sped, arborizaci\u00f3n, iluminaci\u00f3n LED, esca\u00f1os y basureros, tambi\u00e9n la configuraci\u00f3n de los jardines como el \u00e1rea donde se emplaza el paso de veh\u00edculos. Adem\u00e1s, se articula una zona de esparcimiento y recreaci\u00f3n, con un juego inclusivo de accesibilidad universal. Tambi\u00e9n contempla la reposici\u00f3n total de la vereda oriente que se encuentra en mal estado y elementos que faciliten el acceso de las personas con discapacidades diferentes.<\/p>\n<p style=\"text-align: justify;\">El alcalde <strong>Patricio Freire<\/strong> destac\u00f3 el trabajo realizado junto con los vecinos, \u00ab<em>son los dirigentes lo que siempre est\u00e1n pendientes del avance de sus proyectos. La participaci\u00f3n ciudadana es importante, as\u00ed seguimos avanzando en todos los sectores de San Felipe<\/em>\u00bb.<\/p>\n<p style=\"text-align: justify;\"><strong>Claudio Paredes<\/strong>, Secretario de Planificaci\u00f3n Comunal, indic\u00f3 que esta obra recupera un \u00e1rea que no se hab\u00eda intervenido, \u00ab<em>desarrollando un proyecto integral, que incorpora juegos y una mejora en la seguridad<\/em>\u00bb.<\/p>\n<p style=\"text-align: justify;\"><strong>Manuel Aguirre<\/strong>, vecino del sector, valor\u00f3 el proyecto que hoy se desarrolla para recuperar este lugar, \u00ab<em>la mayor\u00eda de quienes viven ac\u00e1 son personas de la tercera edad y que se ver\u00e1n beneficiados con este hermosamiento<\/em>\u00bb.<\/p>\n<p style=\"text-align: justify;\">\n<figure id=\"attachment_98878\" aria-describedby=\"caption-attachment-98878\" style=\"width: 580px\" class=\"wp-caption alignnone\"><img data-recalc-dims=\"1\" loading=\"lazy\" decoding=\"async\" class=\"size-full wp-image-98878\" src=\"https:\/\/i0.wp.com\/eltrabajo.cl\/portal\/wp-content\/uploads\/2020\/05\/Plazoleta2.jpg?resize=580%2C360&#038;ssl=1\" alt=\"Vecinos del lugar coordinan con el alcalde Patricio Freire los detalles del trabajo.\" width=\"580\" height=\"360\" srcset=\"https:\/\/i0.wp.com\/eltrabajo.cl\/portal\/wp-content\/uploads\/2020\/05\/Plazoleta2.jpg?w=580&amp;ssl=1 580w, https:\/\/i0.wp.com\/eltrabajo.cl\/portal\/wp-content\/uploads\/2020\/05\/Plazoleta2.jpg?resize=300%2C186&amp;ssl=1 300w, https:\/\/i0.wp.com\/eltrabajo.cl\/portal\/wp-content\/uploads\/2020\/05\/Plazoleta2.jpg?resize=200%2C124&amp;ssl=1 200w, https:\/\/i0.wp.com\/eltrabajo.cl\/portal\/wp-content\/uploads\/2020\/05\/Plazoleta2.jpg?resize=150%2C93&amp;ssl=1 150w\" sizes=\"auto, (max-width: 580px) 100vw, 580px\" \/><figcaption id=\"caption-attachment-98878\" class=\"wp-caption-text\">Vecinos del lugar coordinan con el alcalde Patricio Freire los detalles del trabajo.<\/figcaption><\/figure>\n<p>&nbsp;<\/p>\n<figure id=\"attachment_98879\" aria-describedby=\"caption-attachment-98879\" style=\"width: 580px\" class=\"wp-caption alignnone\"><img data-recalc-dims=\"1\" loading=\"lazy\" decoding=\"async\" class=\"size-full wp-image-98879\" src=\"https:\/\/i0.wp.com\/eltrabajo.cl\/portal\/wp-content\/uploads\/2020\/05\/Plazoleta1.jpg?resize=580%2C360&#038;ssl=1\" alt=\"Esta obra tiene como objetivo recuperar un \u00e1rea verde, mejorar la seguridad con nueva iluminaci\u00f3n LED y la incorporaci\u00f3n de juegos para ni\u00f1os.\" width=\"580\" height=\"360\" srcset=\"https:\/\/i0.wp.com\/eltrabajo.cl\/portal\/wp-content\/uploads\/2020\/05\/Plazoleta1.jpg?w=580&amp;ssl=1 580w, https:\/\/i0.wp.com\/eltrabajo.cl\/portal\/wp-content\/uploads\/2020\/05\/Plazoleta1.jpg?resize=300%2C186&amp;ssl=1 300w, https:\/\/i0.wp.com\/eltrabajo.cl\/portal\/wp-content\/uploads\/2020\/05\/Plazoleta1.jpg?resize=200%2C124&amp;ssl=1 200w, https:\/\/i0.wp.com\/eltrabajo.cl\/portal\/wp-content\/uploads\/2020\/05\/Plazoleta1.jpg?resize=150%2C93&amp;ssl=1 150w\" sizes=\"auto, (max-width: 580px) 100vw, 580px\" \/><figcaption id=\"caption-attachment-98879\" class=\"wp-caption-text\">Esta obra tiene como objetivo recuperar un \u00e1rea verde, mejorar la seguridad con nueva iluminaci\u00f3n LED y la incorporaci\u00f3n de juegos para ni\u00f1os.<\/figcaption><\/figure>\n","protected":false},"excerpt":{"rendered":"<p>Avanza el proyecto de mejoramiento del \u00e1rea verde en la intersecci\u00f3n de Calle Justo Estay con Avenida Hermanos Carrera, obra que forma parte del Programa de Mejoramiento Urbano (PMU) y que representa&#8230;<\/p>\n","protected":false},"author":482,"featured_media":98879,"comment_status":"closed","ping_status":"closed","sticky":false,"template":"","format":"standard","meta":{"advanced_seo_description":"","jetpack_seo_html_title":"","jetpack_seo_noindex":false,"_jetpack_memberships_contains_paid_content":false,"footnotes":""},"categories":[103],"tags":[],"class_list":["post-98877","post","type-post","status-publish","format-standard","has-post-thumbnail","hentry","category-cronica-2"],"jetpack_featured_media_url":"https:\/\/i0.wp.com\/eltrabajo.cl\/portal\/wp-content\/uploads\/2020\/05\/Plazoleta1.jpg?fit=580%2C360&ssl=1","jetpack_sharing_enabled":true,"jetpack_likes_enabled":true,"jetpack-related-posts":[],"_links":{"self":[{"href":"https:\/\/eltrabajo.cl\/portal\/wp-json\/wp\/v2\/posts\/98877","targetHints":{"allow":["GET"]}}],"collection":[{"href":"https:\/\/eltrabajo.cl\/portal\/wp-json\/wp\/v2\/posts"}],"about":[{"href":"https:\/\/eltrabajo.cl\/portal\/wp-json\/wp\/v2\/types\/post"}],"author":[{"embeddable":true,"href":"https:\/\/eltrabajo.cl\/portal\/wp-json\/wp\/v2\/users\/482"}],"replies":[{"embeddable":true,"href":"https:\/\/eltrabajo.cl\/portal\/wp-json\/wp\/v2\/comments?post=98877"}],"version-history":[{"count":0,"href":"https:\/\/eltrabajo.cl\/portal\/wp-json\/wp\/v2\/posts\/98877\/revisions"}],"wp:featuredmedia":[{"embeddable":true,"href":"https:\/\/eltrabajo.cl\/portal\/wp-json\/wp\/v2\/media\/98879"}],"wp:attachment":[{"href":"https:\/\/eltrabajo.cl\/portal\/wp-json\/wp\/v2\/media?parent=98877"}],"wp:term":[{"taxonomy":"category","embeddable":true,"href":"https:\/\/eltrabajo.cl\/portal\/wp-json\/wp\/v2\/categories?post=98877"},{"taxonomy":"post_tag","embeddable":true,"href":"https:\/\/eltrabajo.cl\/portal\/wp-json\/wp\/v2\/tags?post=98877"}],"curies":[{"name":"wp","href":"https:\/\/api.w.org\/{rel}","templated":true}]}}