{"id":98881,"date":"2020-05-17T22:52:10","date_gmt":"2020-05-18T02:52:10","guid":{"rendered":"https:\/\/www.eltrabajo.cl\/portal\/?p=98881"},"modified":"2020-05-17T22:52:27","modified_gmt":"2020-05-18T02:52:27","slug":"sanfelipeno-nos-muestra-hoy-sus-medallas-de-atletismo-ganadas-en-canada","status":"publish","type":"post","link":"https:\/\/eltrabajo.cl\/portal\/sanfelipeno-nos-muestra-hoy-sus-medallas-de-atletismo-ganadas-en-canada\/","title":{"rendered":"Sanfelipe\u00f1o nos muestra hoy sus medallas de atletismo ganadas en Canad\u00e1"},"content":{"rendered":"<p style=\"text-align: justify;\"><span style=\"color: #c81400;\"><strong>Gan\u00f3 en Quebec la Media Marat\u00f3n de Pointe-Claire 2019:<\/strong><\/span><\/p>\n<p style=\"text-align: justify;\">Seguimos este lunes presentando a nuestros atletas sanfelipe\u00f1os en sus m\u00faltiples facetas deportivas y personales, en esta oportunidad tenemos que hablar ya no de una Promesa deportiva, sino m\u00e1s bien de un verdadero atleta de roce internacional, nos referimos al joven <strong>\u00c1lvaro Eli\u00e1n Ortiz Ram\u00edrez<\/strong>, tiene 19 a\u00f1os de edad, estudi\u00f3 su ense\u00f1anza b\u00e1sica en la Escuela Buen Pastor y termin\u00f3 su media en el Liceo Mixto San Felipe en 2018.<\/p>\n<p style=\"text-align: justify;\"><strong>Diario El Trabajo<\/strong> habl\u00f3 ayer domingo con \u00c1lvaro, para conocer sus logros deportivos, \u00e9l nos comenta que \u00ab<em>mi incursi\u00f3n en el \u00e1mbito del deporte fue a temprana edad, pues a mis 12 a\u00f1os ya empezaba a practicar tracking con mi hermano mayor <strong>Patricio<\/strong>, aprovechando los cerros que hay en el valle, luego a los 15 a\u00f1os empec\u00e9 a practicar ciclismo de forma recreacional siempre acompa\u00f1ado me mi hermano mayor, pero por mis ganas de superarme y seguir mejorando empec\u00e9 a<\/em><\/p>\n<p style=\"text-align: justify;\"><em>competir en diversas \u00e1reas del ciclismo con son la ruta y el Montain Bike, ya llevaba dos a\u00f1os practicando ciclismo cuando en un entrenamiento sufr\u00ed un accidente en el que lamentablemente result\u00e9 con una luxaci\u00f3n de hombro que me tuvo sin practicar deporte varios meses<\/em>\u00bb, recuerda \u00c1lvaro.<\/p>\n<p style=\"text-align: justify;\">&#8211; <strong>\u00bfCu\u00e1ndo te inicias en el atletismo o Running?<\/strong><\/p>\n<p style=\"text-align: justify;\">&#8211; A fines de 2018 empec\u00e9 a correr, ya que mi hermano mayor tambi\u00e9n corr\u00eda desde hace unos a\u00f1os, los primeros d\u00edas corriendo fueron de pocos kil\u00f3metros de 3 a 6 como m\u00e1ximo, cuando llevaba una semana corriendo en octubre de 2018 vi que en San Felipe hab\u00eda una carrera de atletismo de ruta organizada por la Municipalidad con distancias de 5K y 8K, por lo que me motiv\u00f3 a participar en los 8K cuando como m\u00e1ximo hab\u00eda corrido 6 kil\u00f3metros, por lo que todo un desaf\u00edo, a pesar de todo logr\u00e9 completar los 8K y obtuve el segundo lugar en mi categor\u00eda, fue la carrera que me motiv\u00f3 a seguir entrenando de ah\u00ed en m\u00e1s he participado en varias carreras con buenos resultado.<\/p>\n<p style=\"text-align: justify;\">&#8211; <strong>Entendemos que ya has corrido fuera de Chile, h\u00e1blanos de tu experiencia en Canad\u00e1<\/strong><\/p>\n<p style=\"text-align: justify;\">&#8211; S\u00ed. Los resultados mejores logrados en mi Record personal los obtuve fueron las carreras en Canad\u00e1, en donde tuve la oportunidad en mayo del a\u00f1o pasado de viajar a conocer a familiares, adem\u00e1s de ir a correr obteniendo primer lugar en la categor\u00eda en todas las carreras, en total fueron cinco carreras cinco carreras, desde mayo a noviembre de 2019 todas de 10K.<\/p>\n<p style=\"text-align: justify;\">&#8211; <strong>\u00bfEn qu\u00e9 distancia o categor\u00eda corres m\u00e1s c\u00f3modo?<\/strong><\/p>\n<p style=\"text-align: justify;\">&#8211; Considero que la distancia que m\u00e1s disfruto y en la mejor resultados obtengo es la 10K, pero sin duda la mejor carrera fue la Media Marat\u00f3n de Pointe-Claire en junio de 2019, en la que coron\u00e9 el primer lugar en la General, hasta el momento ha sido el triunfo que m\u00e1s me ha marcado, ya que una victoria con el nivel de corredores que hay en Canad\u00e1 y adem\u00e1s fuera del pa\u00eds era algo impensable para m\u00ed.<\/p>\n<p style=\"text-align: justify;\">&#8211; \u00bf<strong>Qu\u00e9 pas\u00f3 despu\u00e9s tras regresar a San Felipe?<\/strong><\/p>\n<p style=\"text-align: justify;\">&#8211; Ya de vuelta en enero de 2020 corr\u00ed los 10K en el Clasificatorio de Cross, que se hizo en Sausalito Vi\u00f1a del Mar, obteniendo mi mejor tiempo hasta el momento a pesar de todas las molestias que present\u00e9 durante la carrera, despu\u00e9s de eso particip\u00e9 de mi primera carrera en pista, eso fue en marzo, un campeonato realizado en el Estadio Nacional (Santiago) corriendo los 1.500 metros obteniendo un buen resultado para ser mi la primera vez durante estos casi dos a\u00f1os que corr\u00eda, fue mi \u00faltima carrera antes de la pandemia.<\/p>\n<p style=\"text-align: justify;\">&#8211; <strong>\u00bfC\u00f3mo haces ahora para mantenerte en forma?<\/strong><\/p>\n<p style=\"text-align: justify;\">&#8211; En la parte trasera de mi casa ah\u00ed entreno lo que es resistencia y ejercicios de mantenimiento, tambi\u00e9n corro en solitario en la Charc\u00e1n Tapia cuando puedo, pues tambi\u00e9n debo continuar mis estudios v\u00eda Zoom, estoy sacando mis carreras de T\u00e9cnico en Electricidad y Electr\u00f3nica Industrial en Instituto Profesional Santo Tom\u00e1s.<\/p>\n<p style=\"text-align: justify;\">&#8211; <strong>\u00bfQu\u00e9 metas deportivas se ven posibles en el Horizonte?<\/strong><\/p>\n<p style=\"text-align: justify;\">&#8211; Mejorar mis tiempos en los 10K, espero que para este a\u00f1o si logramos regresar a la nueva normalidad pueda yo competir en los torneos regionales y nacionales de mi categor\u00eda. S\u00e9 que todos los atletas, futbolistas, nadadores, tenistas todos, estamos ansiosos por regresar a las competencias y ser\u00e1 doblemente las ganas y m\u00e1s disfrutable cada triunfo que logremos.<\/p>\n<p style=\"text-align: justify;\"><strong>Roberto Gonz\u00e1lez Short<\/strong><\/p>\n<p>&nbsp;<\/p>\n<figure id=\"attachment_98882\" aria-describedby=\"caption-attachment-98882\" style=\"width: 580px\" class=\"wp-caption alignnone\"><img data-recalc-dims=\"1\" loading=\"lazy\" decoding=\"async\" class=\"size-full wp-image-98882\" src=\"https:\/\/i0.wp.com\/eltrabajo.cl\/portal\/wp-content\/uploads\/2020\/05\/Canada_Alvaro-Ortiz.jpg?resize=580%2C358&#038;ssl=1\" alt=\"LA COSECHA.- Aqu\u00ed nos muestra sus medallaje general obtenido en tan s\u00f3lo dos a\u00f1os, Ortiz sigue esperando el regreso a la Apertura para seguir corriendo.\" width=\"580\" height=\"358\" srcset=\"https:\/\/i0.wp.com\/eltrabajo.cl\/portal\/wp-content\/uploads\/2020\/05\/Canada_Alvaro-Ortiz.jpg?w=580&amp;ssl=1 580w, https:\/\/i0.wp.com\/eltrabajo.cl\/portal\/wp-content\/uploads\/2020\/05\/Canada_Alvaro-Ortiz.jpg?resize=300%2C185&amp;ssl=1 300w, https:\/\/i0.wp.com\/eltrabajo.cl\/portal\/wp-content\/uploads\/2020\/05\/Canada_Alvaro-Ortiz.jpg?resize=200%2C123&amp;ssl=1 200w, https:\/\/i0.wp.com\/eltrabajo.cl\/portal\/wp-content\/uploads\/2020\/05\/Canada_Alvaro-Ortiz.jpg?resize=150%2C93&amp;ssl=1 150w\" sizes=\"auto, (max-width: 580px) 100vw, 580px\" \/><figcaption id=\"caption-attachment-98882\" class=\"wp-caption-text\">LA COSECHA.- Aqu\u00ed nos muestra sus medallaje general obtenido en tan s\u00f3lo dos a\u00f1os, Ortiz sigue esperando el regreso a la Apertura para seguir corriendo.<\/figcaption><\/figure>\n<p>&nbsp;<\/p>\n<figure id=\"attachment_98883\" aria-describedby=\"caption-attachment-98883\" style=\"width: 579px\" class=\"wp-caption alignnone\"><img data-recalc-dims=\"1\" loading=\"lazy\" decoding=\"async\" class=\"size-full wp-image-98883\" src=\"https:\/\/i0.wp.com\/eltrabajo.cl\/portal\/wp-content\/uploads\/2020\/05\/Canada1.jpg?resize=579%2C600&#038;ssl=1\" alt=\"ESE D\u00cdA GAN\u00d3 LA 10K.- Aqu\u00ed vemos en Quebec Canad\u00e1 al sanfelipe\u00f1o \u00c1lvaro Ortiz, corriendo por sus sue\u00f1os llevando el nombre de nuestro pa\u00eds muy en alto.\" width=\"579\" height=\"600\" srcset=\"https:\/\/i0.wp.com\/eltrabajo.cl\/portal\/wp-content\/uploads\/2020\/05\/Canada1.jpg?w=579&amp;ssl=1 579w, https:\/\/i0.wp.com\/eltrabajo.cl\/portal\/wp-content\/uploads\/2020\/05\/Canada1.jpg?resize=290%2C300&amp;ssl=1 290w, https:\/\/i0.wp.com\/eltrabajo.cl\/portal\/wp-content\/uploads\/2020\/05\/Canada1.jpg?resize=145%2C150&amp;ssl=1 145w\" sizes=\"auto, (max-width: 579px) 100vw, 579px\" \/><figcaption id=\"caption-attachment-98883\" class=\"wp-caption-text\">ESE D\u00cdA GAN\u00d3 LA 10K.- Aqu\u00ed vemos en Quebec Canad\u00e1 al sanfelipe\u00f1o \u00c1lvaro Ortiz, corriendo por sus sue\u00f1os llevando el nombre de nuestro pa\u00eds muy en alto.<\/figcaption><\/figure>\n<p>&nbsp;<\/p>\n<figure id=\"attachment_98884\" aria-describedby=\"caption-attachment-98884\" style=\"width: 580px\" class=\"wp-caption alignnone\"><img data-recalc-dims=\"1\" loading=\"lazy\" decoding=\"async\" class=\"size-full wp-image-98884\" src=\"https:\/\/i0.wp.com\/eltrabajo.cl\/portal\/wp-content\/uploads\/2020\/05\/Canada2.jpg?resize=580%2C358&#038;ssl=1\" alt=\"TREMENDOS LOGROS.- Aqu\u00ed est\u00e1n sus medallas obtenidas en los cincos meses que \u00c1lvaro compiti\u00f3 en Canad\u00e1.\" width=\"580\" height=\"358\" srcset=\"https:\/\/i0.wp.com\/eltrabajo.cl\/portal\/wp-content\/uploads\/2020\/05\/Canada2.jpg?w=580&amp;ssl=1 580w, https:\/\/i0.wp.com\/eltrabajo.cl\/portal\/wp-content\/uploads\/2020\/05\/Canada2.jpg?resize=300%2C185&amp;ssl=1 300w, https:\/\/i0.wp.com\/eltrabajo.cl\/portal\/wp-content\/uploads\/2020\/05\/Canada2.jpg?resize=200%2C123&amp;ssl=1 200w, https:\/\/i0.wp.com\/eltrabajo.cl\/portal\/wp-content\/uploads\/2020\/05\/Canada2.jpg?resize=150%2C93&amp;ssl=1 150w\" sizes=\"auto, (max-width: 580px) 100vw, 580px\" \/><figcaption id=\"caption-attachment-98884\" class=\"wp-caption-text\">TREMENDOS LOGROS.- Aqu\u00ed est\u00e1n sus medallas obtenidas en los cincos meses que \u00c1lvaro compiti\u00f3 en Canad\u00e1.<\/figcaption><\/figure>\n","protected":false},"excerpt":{"rendered":"<p>Gan\u00f3 en Quebec la Media Marat\u00f3n de Pointe-Claire 2019: Seguimos este lunes presentando a nuestros atletas sanfelipe\u00f1os en sus m\u00faltiples facetas deportivas y personales, en esta oportunidad tenemos que hablar ya no&#8230;<\/p>\n","protected":false},"author":482,"featured_media":98882,"comment_status":"closed","ping_status":"closed","sticky":false,"template":"","format":"standard","meta":{"advanced_seo_description":"","jetpack_seo_html_title":"","jetpack_seo_noindex":false,"_jetpack_memberships_contains_paid_content":false,"footnotes":""},"categories":[15],"tags":[],"class_list":["post-98881","post","type-post","status-publish","format-standard","has-post-thumbnail","hentry","category-comunidad"],"jetpack_featured_media_url":"https:\/\/i0.wp.com\/eltrabajo.cl\/portal\/wp-content\/uploads\/2020\/05\/Canada_Alvaro-Ortiz.jpg?fit=580%2C358&ssl=1","jetpack_sharing_enabled":true,"jetpack_likes_enabled":true,"jetpack-related-posts":[],"_links":{"self":[{"href":"https:\/\/eltrabajo.cl\/portal\/wp-json\/wp\/v2\/posts\/98881","targetHints":{"allow":["GET"]}}],"collection":[{"href":"https:\/\/eltrabajo.cl\/portal\/wp-json\/wp\/v2\/posts"}],"about":[{"href":"https:\/\/eltrabajo.cl\/portal\/wp-json\/wp\/v2\/types\/post"}],"author":[{"embeddable":true,"href":"https:\/\/eltrabajo.cl\/portal\/wp-json\/wp\/v2\/users\/482"}],"replies":[{"embeddable":true,"href":"https:\/\/eltrabajo.cl\/portal\/wp-json\/wp\/v2\/comments?post=98881"}],"version-history":[{"count":0,"href":"https:\/\/eltrabajo.cl\/portal\/wp-json\/wp\/v2\/posts\/98881\/revisions"}],"wp:featuredmedia":[{"embeddable":true,"href":"https:\/\/eltrabajo.cl\/portal\/wp-json\/wp\/v2\/media\/98882"}],"wp:attachment":[{"href":"https:\/\/eltrabajo.cl\/portal\/wp-json\/wp\/v2\/media?parent=98881"}],"wp:term":[{"taxonomy":"category","embeddable":true,"href":"https:\/\/eltrabajo.cl\/portal\/wp-json\/wp\/v2\/categories?post=98881"},{"taxonomy":"post_tag","embeddable":true,"href":"https:\/\/eltrabajo.cl\/portal\/wp-json\/wp\/v2\/tags?post=98881"}],"curies":[{"name":"wp","href":"https:\/\/api.w.org\/{rel}","templated":true}]}}