{"id":98887,"date":"2020-05-18T07:15:38","date_gmt":"2020-05-18T11:15:38","guid":{"rendered":"https:\/\/www.eltrabajo.cl\/portal\/?p=98887"},"modified":"2020-05-17T22:55:42","modified_gmt":"2020-05-18T02:55:42","slug":"se-nos-fue-el-profe-lolo-vergara-murio-en-un-accidente-de-transito","status":"publish","type":"post","link":"https:\/\/eltrabajo.cl\/portal\/se-nos-fue-el-profe-lolo-vergara-murio-en-un-accidente-de-transito\/","title":{"rendered":"Se nos fue el profe \u2018Lolo\u2019 Vergara, muri\u00f3 en un accidente de tr\u00e1nsito"},"content":{"rendered":"<p style=\"text-align: justify;\">En un accidente de tr\u00e1nsito ocurrido ayer en la ma\u00f1ana en el sector de Tiltil falleci\u00f3 el conocido y destacado profesor Lorenzo \u2018Lolo\u2019 Vergara. La informaci\u00f3n fue entregada los apoderados del Colegio Heriberto Berm\u00fadez Cruz Algarrobal.<\/p>\n<p style=\"text-align: justify;\">\u00ab<em>La Comunidad Educativa de la Escuela Heriberto Berm\u00fadez Cruz de Algarrobal se adhiere al profundo dolor por la repentina p\u00e9rdida de un gran hombre y docente que cumpli\u00f3 47 a\u00f1os de brillante carrera formando personas, en nuestro establecimiento se desempe\u00f1\u00f3 8 a\u00f1os y aqu\u00ed mismo se despidi\u00f3 y acogi\u00f3 a retiro, nuestras Condolencias a su familia, amigos y cercanos en especial a sus hijas Javiera y Paulina<\/em>\u00bb, se\u00f1ala el comunicado emitido por los apoderados. El profe \u2018Lolo\u2019 Vergara ten\u00eda 72 a\u00f1os de edad, viv\u00eda en San Felipe.<\/p>\n<p style=\"text-align: justify;\">Seg\u00fan reporta <strong>www.biobiochile.cl<\/strong>,\u00a0 el accidente se produjo en horas de la ma\u00f1ana de ayer domingo en la Ruta 5 a la altura de Til Til en el kil\u00f3metro 36 de esta v\u00eda, en direcci\u00f3n a la Regi\u00f3n Metropolitana, donde un conductor de un veh\u00edculo menor perdi\u00f3 el control del m\u00f3vil, terminando volcado en la calzada. Producto de la violencia del impacto, ambos ocupantes del autom\u00f3vil, fallecieron en el lugar.<\/p>\n<p style=\"text-align: justify;\"><span style=\"color: #c81400;\"><strong>DOS FALLECIDOS<\/strong><\/span><\/p>\n<p style=\"text-align: justify;\">Hasta ese momento se desconoc\u00eda la identidad de las personas fallecidas, pero poco a poco se supo que una de las personas muertas era el profesor \u2018Lolo\u2019 Vergara. Personal de la SIAT de Carabineros realiz\u00f3 los primeros peritajes, que apuntar\u00edan a un exceso de velocidad como causa del accidente.<\/p>\n<p style=\"text-align: justify;\">Nuestro medio ha llamado a los tel\u00e9fonos de sus familiares directos para conocer mayores detalles, pero todos nos mandan a buz\u00f3n de voz. Comunicaremos oportunamente velatorio y d\u00eda de funeral.<\/p>\n<p style=\"text-align: justify;\"><strong>Diario El Trabajo<\/strong> a trav\u00e9s en 2016 lo entrevist\u00f3. Ac\u00e1 de le dejamos la nota realizada al querido profesor \u2018Lolo\u2019 Vergara.<\/p>\n<p style=\"text-align: justify;\"><span style=\"color: #c81400;\"><strong>AQUELLA ENTREVISTA<\/strong><\/span><\/p>\n<p style=\"text-align: justify;\">Es por su larga trayectoria que en 2015 <strong>Diario El Trabajo<\/strong> realiz\u00f3 una amplia entrevista a don Lorenzo Vergara, cuando \u00e9l dej\u00f3 la direcci\u00f3n de esa escuela, por ello, hoy compartimos con nuestros lectores un resumen de esa conversaci\u00f3n.<\/p>\n<p style=\"text-align: justify;\">&#8211; <strong>\u00bfD\u00f3nde, \u00bfcu\u00e1ndo nace usted y qu\u00e9 estudios ha realizado?<\/strong><\/p>\n<p style=\"text-align: justify;\">&#8211; Nac\u00ed el mi\u00e9rcoles 15 de diciembre de 1948 en San Felipe. Curs\u00e9 mi educaci\u00f3n b\u00e1sica o preparatoria en el IAC. Mis humanidades las llev\u00e9 en el Liceo de Hombres y en la Universidad Cat\u00f3lica de Valpara\u00edso termin\u00e9 mis estudios en Pedagog\u00eda en Educaci\u00f3n General B\u00e1sica.<\/p>\n<p style=\"text-align: justify;\">&#8211; <strong>\u00bfA qu\u00e9 edad inici\u00f3 usted su carrera como profesor y en qu\u00e9 circunstancias?<\/strong><\/p>\n<p style=\"text-align: justify;\">&#8211; A mis 21 a\u00f1os inici\u00e9 mi carrera profesional en una escuelita un\u00ed-docente all\u00e1 por el a\u00f1o 1969. Se trataba del Centro Comunitario Club Deportivo Estrella de Chile, era una media agua ubicada en Quebrada de Herrera de Putaendo, los tiempos eran muy distintos a los actuales, mis primeros 35 alumnos eran hijos de campesinos muy pobres, pero con muchas ganas de aprender. Yo impart\u00eda clases de 1\u00ba a 6\u00ba b\u00e1sico.<\/p>\n<p style=\"text-align: justify;\">&#8211; <strong>\u00bfPero mejoraron las cosas despu\u00e9s?<\/strong><\/p>\n<p style=\"text-align: justify;\">&#8211; Claro que las cosas mejoraron al a\u00f1o siguiente, ya en 1970 me dieron un profesor m\u00e1s, y otros m\u00e1s al a\u00f1o siguiente y luego un tercer profesor, aquel sue\u00f1o de alfabetizar a los aconcag\u00fcinos ya hab\u00eda despegado para m\u00ed.<\/p>\n<p style=\"text-align: justify;\">&#8211; <strong>\u00bfC\u00f3mo lograba usted manejar ese \u00e9xito profesional habiendo tan pocos recursos?<\/strong><\/p>\n<p style=\"text-align: justify;\">&#8211; No era una gesti\u00f3n que pudiera ser solo m\u00eda, yo trabajaba hombro a hombro con el alcalde de aquellos a\u00f1os, Gast\u00f3n Hormaz\u00e1bal Cabrera al iniciar la d\u00e9cada de los 70. Luego pas\u00e9 a dar clases en el IAC, ah\u00ed estuve doce a\u00f1os trabajando. En 1981 gan\u00e9 un importante premio del Conicyt en Matem\u00e1ticas, mis m\u00e1s valiosos premios son el saber que importantes personas como do\u00f1a Patricia Boffa; el actual gobernador Eduardo Le\u00f3n y varios destacad\u00edsimos sanfelipe\u00f1os pasaron por mis aulas, ellos son el premio a mis 47 a\u00f1os de carrera.<\/p>\n<p style=\"text-align: justify;\">&#8211; <strong>\u00bfEst\u00e1 usted agradecido por lo que ha recibido de la vida?<\/strong><\/p>\n<p style=\"text-align: justify;\">&#8211; Claro que estoy agradecido. Muchas gracias al Ministerio de Educaci\u00f3n, por haberme permitido cumplir mi sue\u00f1o de ser educador, de ense\u00f1ar y de dar forma a tantos miles de personitas durante todo este tiempo. A mis hijas Javiera y Paulina, por sacrificar tambi\u00e9n un poco de su tiempo para que yo pudiera con mi carrera, a mi esposa, a las se\u00f1oras Ana Lucy Ojeda y a Eliana Silva Machuca, por ense\u00f1arme tanto en la vida, gracias a todos.<\/p>\n<p style=\"text-align: justify;\">&#8211; <strong>\u00bfTiene planes ya definidos para cuando se retire oficialmente?<\/strong><\/p>\n<p style=\"text-align: justify;\">&#8211; S\u00ed tengo planes de retiro, dedicar\u00e9 tiempo a mi familia y a una peque\u00f1a empresita que desde hace un tiempo vengo desarrollando, nuevamente muchas gracias a todos.<\/p>\n<p style=\"text-align: justify;\">Quienes laboramos en <strong>Diario El Trabajo<\/strong> hoy lamentamos p\u00fablicamente a este ejemplar hombre del saber y formador de criterios a trav\u00e9s del estudio. Gracias por lo ofrecido don Lorenzo.<\/p>\n<p>&nbsp;<\/p>\n<figure id=\"attachment_98888\" aria-describedby=\"caption-attachment-98888\" style=\"width: 580px\" class=\"wp-caption alignnone\"><img data-recalc-dims=\"1\" loading=\"lazy\" decoding=\"async\" class=\"size-full wp-image-98888\" src=\"https:\/\/i0.wp.com\/eltrabajo.cl\/portal\/wp-content\/uploads\/2020\/05\/Lolito1.jpg?resize=580%2C360&#038;ssl=1\" alt=\"ADI\u00d3S LOLITO. - En esta gr\u00e1fica vemos a la profesora Mar\u00eda Isabel D\u00edaz; Andrea Quijanes presidenta centro de padres; y Marcia Caballero, tesorera del Centro de Padres, ofreci\u00e9ndole su despedida al querido profesor sanfelipe\u00f1o. (Archivo)\" width=\"580\" height=\"360\" srcset=\"https:\/\/i0.wp.com\/eltrabajo.cl\/portal\/wp-content\/uploads\/2020\/05\/Lolito1.jpg?w=580&amp;ssl=1 580w, https:\/\/i0.wp.com\/eltrabajo.cl\/portal\/wp-content\/uploads\/2020\/05\/Lolito1.jpg?resize=300%2C186&amp;ssl=1 300w, https:\/\/i0.wp.com\/eltrabajo.cl\/portal\/wp-content\/uploads\/2020\/05\/Lolito1.jpg?resize=200%2C124&amp;ssl=1 200w, https:\/\/i0.wp.com\/eltrabajo.cl\/portal\/wp-content\/uploads\/2020\/05\/Lolito1.jpg?resize=150%2C93&amp;ssl=1 150w\" sizes=\"auto, (max-width: 580px) 100vw, 580px\" \/><figcaption id=\"caption-attachment-98888\" class=\"wp-caption-text\">ADI\u00d3S LOLITO. &#8211; En esta gr\u00e1fica vemos a la profesora Mar\u00eda Isabel D\u00edaz; Andrea Quijanes presidenta centro de padres; y Marcia Caballero, tesorera del Centro de Padres, ofreci\u00e9ndole su despedida al querido profesor sanfelipe\u00f1o. (Archivo)<\/figcaption><\/figure>\n<p>&nbsp;<\/p>\n<figure id=\"attachment_98889\" aria-describedby=\"caption-attachment-98889\" style=\"width: 577px\" class=\"wp-caption alignnone\"><img data-recalc-dims=\"1\" loading=\"lazy\" decoding=\"async\" class=\"size-full wp-image-98889\" src=\"https:\/\/i0.wp.com\/eltrabajo.cl\/portal\/wp-content\/uploads\/2020\/05\/lorenzo-vergara-2.jpg?resize=577%2C800&#038;ssl=1\" alt=\"Lorenzo Vergara, conocido profesor sanfelipe\u00f1o falleci\u00f3 ayer domingo en un accidente automovil\u00edstico.\" width=\"577\" height=\"800\" srcset=\"https:\/\/i0.wp.com\/eltrabajo.cl\/portal\/wp-content\/uploads\/2020\/05\/lorenzo-vergara-2.jpg?w=577&amp;ssl=1 577w, https:\/\/i0.wp.com\/eltrabajo.cl\/portal\/wp-content\/uploads\/2020\/05\/lorenzo-vergara-2.jpg?resize=216%2C300&amp;ssl=1 216w, https:\/\/i0.wp.com\/eltrabajo.cl\/portal\/wp-content\/uploads\/2020\/05\/lorenzo-vergara-2.jpg?resize=108%2C150&amp;ssl=1 108w\" sizes=\"auto, (max-width: 577px) 100vw, 577px\" \/><figcaption id=\"caption-attachment-98889\" class=\"wp-caption-text\">Lorenzo Vergara, conocido profesor sanfelipe\u00f1o falleci\u00f3 ayer domingo en un accidente automovil\u00edstico.<\/figcaption><\/figure>\n","protected":false},"excerpt":{"rendered":"<p>En un accidente de tr\u00e1nsito ocurrido ayer en la ma\u00f1ana en el sector de Tiltil falleci\u00f3 el conocido y destacado profesor Lorenzo \u2018Lolo\u2019 Vergara. La informaci\u00f3n fue entregada los apoderados del Colegio&#8230;<\/p>\n","protected":false},"author":482,"featured_media":98888,"comment_status":"closed","ping_status":"closed","sticky":false,"template":"","format":"standard","meta":{"advanced_seo_description":"","jetpack_seo_html_title":"","jetpack_seo_noindex":false,"_jetpack_memberships_contains_paid_content":false,"footnotes":""},"categories":[15],"tags":[],"class_list":["post-98887","post","type-post","status-publish","format-standard","has-post-thumbnail","hentry","category-comunidad"],"jetpack_featured_media_url":"https:\/\/i0.wp.com\/eltrabajo.cl\/portal\/wp-content\/uploads\/2020\/05\/Lolito1.jpg?fit=580%2C360&ssl=1","jetpack_sharing_enabled":true,"jetpack_likes_enabled":true,"jetpack-related-posts":[],"_links":{"self":[{"href":"https:\/\/eltrabajo.cl\/portal\/wp-json\/wp\/v2\/posts\/98887","targetHints":{"allow":["GET"]}}],"collection":[{"href":"https:\/\/eltrabajo.cl\/portal\/wp-json\/wp\/v2\/posts"}],"about":[{"href":"https:\/\/eltrabajo.cl\/portal\/wp-json\/wp\/v2\/types\/post"}],"author":[{"embeddable":true,"href":"https:\/\/eltrabajo.cl\/portal\/wp-json\/wp\/v2\/users\/482"}],"replies":[{"embeddable":true,"href":"https:\/\/eltrabajo.cl\/portal\/wp-json\/wp\/v2\/comments?post=98887"}],"version-history":[{"count":0,"href":"https:\/\/eltrabajo.cl\/portal\/wp-json\/wp\/v2\/posts\/98887\/revisions"}],"wp:featuredmedia":[{"embeddable":true,"href":"https:\/\/eltrabajo.cl\/portal\/wp-json\/wp\/v2\/media\/98888"}],"wp:attachment":[{"href":"https:\/\/eltrabajo.cl\/portal\/wp-json\/wp\/v2\/media?parent=98887"}],"wp:term":[{"taxonomy":"category","embeddable":true,"href":"https:\/\/eltrabajo.cl\/portal\/wp-json\/wp\/v2\/categories?post=98887"},{"taxonomy":"post_tag","embeddable":true,"href":"https:\/\/eltrabajo.cl\/portal\/wp-json\/wp\/v2\/tags?post=98887"}],"curies":[{"name":"wp","href":"https:\/\/api.w.org\/{rel}","templated":true}]}}