{"id":98897,"date":"2020-05-18T07:45:34","date_gmt":"2020-05-18T11:45:34","guid":{"rendered":"https:\/\/www.eltrabajo.cl\/portal\/?p=98897"},"modified":"2020-05-18T21:28:20","modified_gmt":"2020-05-19T01:28:20","slug":"vecinos-de-la-troya-denuncian-que-su-pueblo-ya-es-zona-roja-y-tierra-de-nadie","status":"publish","type":"post","link":"https:\/\/eltrabajo.cl\/portal\/vecinos-de-la-troya-denuncian-que-su-pueblo-ya-es-zona-roja-y-tierra-de-nadie\/","title":{"rendered":"Vecinos de La Troya denuncian que su pueblo ya es \u2018Zona Roja\u2019 y \u2018Tierra de Nadie\u2019"},"content":{"rendered":"<p style=\"text-align: justify;\"><span style=\"color: #c81400;\"><strong>Con la presencia de gitanos en Casas Chicas de Quilpu\u00e9:<\/strong><\/span><\/p>\n<p style=\"text-align: justify;\">A veces algunos lugares, pueblos o regiones como en el caso del Viejo Oeste o favelas en R\u00edo de Janeiro pasan a llamarse dependiendo del desorden o falta de orden p\u00fablico \u2018Tierra de Nadie\u2019, \u2018Zona Roja\u2019 o hasta \u2018Infiernillo\u2019, para usar un lenguaje coloquial pero que se aplica en este caso a un pueblo sanfelipe\u00f1o. Si no es as\u00ed, lo cierto del caso es que son varios los vecinos que est\u00e1n usando estos t\u00e9rminos para referirse a La Troya, comunidad que se ha transformado en una perenne pesadilla desde que llegaron a instalarse en una cancha deportiva de los vecinos un grupo de gitanos.<\/p>\n<p style=\"text-align: justify;\">\n<p style=\"text-align: justify;\"><span style=\"color: #c81400;\"><strong>MALOS VECINOS<\/strong><\/span><\/p>\n<p style=\"text-align: justify;\">Seg\u00fan logramos confirmar la tarde de este s\u00e1bado en dicho pueblo, hablando con los vecinos, son numerosos los esc\u00e1ndalos, peleas, agresiones a ni\u00f1os, corridas de autos en la misma cancha, consumo de drogas lo que se registra en ese sector, y lo que es m\u00e1s grave, ya los gitanos est\u00e1n construyendo media aguas dentro de la cancha, el basurero que tienen es ya insoportable, adem\u00e1s de las quemas de basura y escombros en el lugar, hasta el estero han incendiado.<\/p>\n<p style=\"text-align: justify;\"><strong>Diario El Trabajo<\/strong> habl\u00f3 con los parceleros, algunos aceptaron ser fotografiados y otros no, pero s\u00ed hablaron del problema. <strong>Diego Herrera Flores<\/strong>, parcelero y fundador del Fundo Casas Chicas de Quilpu\u00e9, nos coment\u00f3 que \u00ab<em>lo que quiero yo es que se formalice la cuesti\u00f3n de la cancha y que quede como siempre la hemos tenido para el uso deportivo, ahora est\u00e1 llena de gitanos, esa cancha es de toda la comunidad, \u00e9ramos 42 parceleros y ahora quedamos repocos, la cancha est\u00e1 con puros da\u00f1os por estos gitanos, pero tambi\u00e9n tenemos que recuperar otros bienes comunes, hay un parcelero ac\u00e1 que se ha ido adue\u00f1ando de todo instal\u00f3 galpones y hasta trajo a esos gitanos, aunque despu\u00e9s se apart\u00f3 del problema<\/em>\u00bb, dijo el parcelero.<\/p>\n<p style=\"text-align: justify;\">\n<p style=\"text-align: justify;\"><span style=\"color: #c81400;\"><strong>DROGAN A NI\u00d1OS<\/strong><\/span><\/p>\n<p style=\"text-align: justify;\">Tambi\u00e9n nuestro medio habl\u00f3 con otro vecino, quien solicit\u00f3 no fuera revelada su identidad para evitar represalias, \u00ab<em>aqu\u00ed tenemos una lista tremenda de problemas con los gitanos, hace pocas semanas pas\u00f3 un tiempo cuando parec\u00eda que los carabineros viv\u00edan aqu\u00ed en Casas Chicas, pasaban todos los d\u00edas pr\u00e1cticamente atendiendo las peleas y mal vivir con estos gitanos, las agresiones de ellos a sus propios ni\u00f1os chicos aqu\u00ed, algunos adultos se masturban en la plaza en p\u00fablico a la vista de quienes vivimos ac\u00e1, soy testigo de ver a una de las gitanas d\u00e1ndole droga a los ni\u00f1os chicos, esto parece \u2018Zona Roja\u2019, aqu\u00ed es \u2018Tierra de Nadie\u2019, ya se le ha informado a Carabineros, las autoridades han hecho o\u00eddos sordos a esos reportes, tambi\u00e9n con una de mis hermanas fuimos a la PDI para denunciar el maltrato animal aqu\u00ed con los perros, y si fuera que estos gitanos se fueran de ac\u00e1 nos dejar\u00e1 una gran cantidad de perros quedar\u00e1 ac\u00e1 en el barrio dando problemas tambi\u00e9n, lo que queremos es no presenciar m\u00e1s peleas, hace dos\u00a0 meses estos gitanos quemaron el estero, casi queman a todos los caballos de un vecino ac\u00e1, a una vecina del frente<\/em> (de la cancha) <em>casi le quemaron la casa, lo que estamos pidiendo es que nos quiten a esta gente de la cancha lo antes posible<\/em>\u00bb, dijo el atemorizado vecino a <strong>Diario El Trabajo<\/strong>.<\/p>\n<p style=\"text-align: justify;\">\n<p style=\"text-align: justify;\"><span style=\"color: #c81400;\"><strong>OTROS PROBLEMAS<\/strong><\/span><\/p>\n<p style=\"text-align: justify;\">Tambi\u00e9n nuestro medio hizo un recorrido por la propiedad aleda\u00f1a a la otra cancha de La Troya, donde se juegan los partidos, y en ese lugar hay otro problema, ya ah\u00ed no son los gitanos, son los delincuentes locales del lugar quienes ya instalaron una especie de b\u00fanker para consumir drogas e ingesta de licores, tienen hasta sillones y todo un basurero, algunos vecinos nos comentaron que se han metido a robar desde ese terreno, que se entiende est\u00e1 siendo preparado para un proyecto habitacional.<\/p>\n<p style=\"text-align: justify;\"><strong>\u00bfQui\u00e9n pondr\u00e1 orden en La Troya?<\/strong>, <strong>\u00bfCu\u00e1ndo se retomar\u00e1 el tema de los gitanos de manera firme y definitiva?<\/strong>, pareciera ser las preguntas que los vecinos de La Troya esperan sean respondidas, sin embargo, ellos tambi\u00e9n han permitido que esto ocurra, pues <em>las cosas malas ocurren cuando las personas buenas hacen nada para evitarlas<\/em>.<\/p>\n<p style=\"text-align: justify;\"><strong>Roberto Gonz\u00e1lez Short<\/strong><\/p>\n<p style=\"text-align: justify;\">\n<p style=\"text-align: justify;\">\n<figure id=\"attachment_98898\" aria-describedby=\"caption-attachment-98898\" style=\"width: 580px\" class=\"wp-caption alignnone\"><img data-recalc-dims=\"1\" loading=\"lazy\" decoding=\"async\" class=\"size-full wp-image-98898\" src=\"https:\/\/i0.wp.com\/eltrabajo.cl\/portal\/wp-content\/uploads\/2020\/05\/Gitanos1.jpg?resize=580%2C359&#038;ssl=1\" alt=\"INSTALAN MEDIA AGUA.- Esta es una de las media agua que los gitanos tienen a medio instalar, cuando visitamos el lugar una de las gitanas mencion\u00f3 que ya las personas que la estaban instalando se hab\u00edan ido del lugar, y que hoy lunes ser\u00edan quitadas del lugar.\" width=\"580\" height=\"359\" srcset=\"https:\/\/i0.wp.com\/eltrabajo.cl\/portal\/wp-content\/uploads\/2020\/05\/Gitanos1.jpg?w=580&amp;ssl=1 580w, https:\/\/i0.wp.com\/eltrabajo.cl\/portal\/wp-content\/uploads\/2020\/05\/Gitanos1.jpg?resize=300%2C186&amp;ssl=1 300w, https:\/\/i0.wp.com\/eltrabajo.cl\/portal\/wp-content\/uploads\/2020\/05\/Gitanos1.jpg?resize=200%2C124&amp;ssl=1 200w, https:\/\/i0.wp.com\/eltrabajo.cl\/portal\/wp-content\/uploads\/2020\/05\/Gitanos1.jpg?resize=150%2C93&amp;ssl=1 150w\" sizes=\"auto, (max-width: 580px) 100vw, 580px\" \/><figcaption id=\"caption-attachment-98898\" class=\"wp-caption-text\">INSTALAN MEDIA AGUA.- Esta es una de las media agua que los gitanos tienen a medio instalar, cuando visitamos el lugar una de las gitanas mencion\u00f3 que ya las personas que la estaban instalando se hab\u00edan ido del lugar, y que hoy lunes ser\u00edan quitadas del lugar.<\/figcaption><\/figure>\n<p style=\"text-align: justify;\">\n<figure id=\"attachment_98899\" aria-describedby=\"caption-attachment-98899\" style=\"width: 580px\" class=\"wp-caption alignnone\"><img data-recalc-dims=\"1\" loading=\"lazy\" decoding=\"async\" class=\"size-full wp-image-98899\" src=\"https:\/\/i0.wp.com\/eltrabajo.cl\/portal\/wp-content\/uploads\/2020\/05\/Gitanos2.jpg?resize=580%2C360&#038;ssl=1\" alt=\"DE NUEVO EL PROBLEMA.- Esta es una de las carpas de los gitanos, al momento de visitar el lugar estaban pocos de ellos.\" width=\"580\" height=\"360\" srcset=\"https:\/\/i0.wp.com\/eltrabajo.cl\/portal\/wp-content\/uploads\/2020\/05\/Gitanos2.jpg?w=580&amp;ssl=1 580w, https:\/\/i0.wp.com\/eltrabajo.cl\/portal\/wp-content\/uploads\/2020\/05\/Gitanos2.jpg?resize=300%2C186&amp;ssl=1 300w, https:\/\/i0.wp.com\/eltrabajo.cl\/portal\/wp-content\/uploads\/2020\/05\/Gitanos2.jpg?resize=200%2C124&amp;ssl=1 200w, https:\/\/i0.wp.com\/eltrabajo.cl\/portal\/wp-content\/uploads\/2020\/05\/Gitanos2.jpg?resize=150%2C93&amp;ssl=1 150w\" sizes=\"auto, (max-width: 580px) 100vw, 580px\" \/><figcaption id=\"caption-attachment-98899\" class=\"wp-caption-text\">DE NUEVO EL PROBLEMA.- Esta es una de las carpas de los gitanos, al momento de visitar el lugar estaban pocos de ellos.<\/figcaption><\/figure>\n<p style=\"text-align: justify;\">\n<figure id=\"attachment_98900\" aria-describedby=\"caption-attachment-98900\" style=\"width: 580px\" class=\"wp-caption alignnone\"><img data-recalc-dims=\"1\" loading=\"lazy\" decoding=\"async\" class=\"size-full wp-image-98900\" src=\"https:\/\/i0.wp.com\/eltrabajo.cl\/portal\/wp-content\/uploads\/2020\/05\/Gitanos3.jpg?resize=580%2C359&#038;ssl=1\" alt=\"OTRO PROBLEMA.- Aqu\u00ed vemos uno de los lugares que los delincuentes y viciosos locales usan para sus carretes al lado de la cancha del Club Juventud La Troya.\" width=\"580\" height=\"359\" srcset=\"https:\/\/i0.wp.com\/eltrabajo.cl\/portal\/wp-content\/uploads\/2020\/05\/Gitanos3.jpg?w=580&amp;ssl=1 580w, https:\/\/i0.wp.com\/eltrabajo.cl\/portal\/wp-content\/uploads\/2020\/05\/Gitanos3.jpg?resize=300%2C186&amp;ssl=1 300w, https:\/\/i0.wp.com\/eltrabajo.cl\/portal\/wp-content\/uploads\/2020\/05\/Gitanos3.jpg?resize=200%2C124&amp;ssl=1 200w, https:\/\/i0.wp.com\/eltrabajo.cl\/portal\/wp-content\/uploads\/2020\/05\/Gitanos3.jpg?resize=150%2C93&amp;ssl=1 150w\" sizes=\"auto, (max-width: 580px) 100vw, 580px\" \/><figcaption id=\"caption-attachment-98900\" class=\"wp-caption-text\">OTRO PROBLEMA.- Aqu\u00ed vemos uno de los lugares que los delincuentes y viciosos locales usan para sus carretes al lado de la cancha del Club Juventud La Troya.<\/figcaption><\/figure>\n<p style=\"text-align: justify;\">\n<figure id=\"attachment_98901\" aria-describedby=\"caption-attachment-98901\" style=\"width: 580px\" class=\"wp-caption alignnone\"><img data-recalc-dims=\"1\" loading=\"lazy\" decoding=\"async\" class=\"size-full wp-image-98901\" src=\"https:\/\/i0.wp.com\/eltrabajo.cl\/portal\/wp-content\/uploads\/2020\/05\/Gitanos4.jpg?resize=580%2C598&#038;ssl=1\" alt=\"MUCHA BASURA.- Estos son los basurales que los gitanos tienen en la parte trasera de su carpa.\" width=\"580\" height=\"598\" srcset=\"https:\/\/i0.wp.com\/eltrabajo.cl\/portal\/wp-content\/uploads\/2020\/05\/Gitanos4.jpg?w=580&amp;ssl=1 580w, https:\/\/i0.wp.com\/eltrabajo.cl\/portal\/wp-content\/uploads\/2020\/05\/Gitanos4.jpg?resize=291%2C300&amp;ssl=1 291w, https:\/\/i0.wp.com\/eltrabajo.cl\/portal\/wp-content\/uploads\/2020\/05\/Gitanos4.jpg?resize=145%2C150&amp;ssl=1 145w\" sizes=\"auto, (max-width: 580px) 100vw, 580px\" \/><figcaption id=\"caption-attachment-98901\" class=\"wp-caption-text\">MUCHA BASURA.- Estos son los basurales que los gitanos tienen en la parte trasera de su carpa.<\/figcaption><\/figure>\n<p style=\"text-align: justify;\">\n<figure id=\"attachment_98902\" aria-describedby=\"caption-attachment-98902\" style=\"width: 579px\" class=\"wp-caption alignnone\"><img data-recalc-dims=\"1\" loading=\"lazy\" decoding=\"async\" class=\"size-full wp-image-98902\" src=\"https:\/\/i0.wp.com\/eltrabajo.cl\/portal\/wp-content\/uploads\/2020\/05\/Gitanos_Diego-Herrera-Flores.jpg?resize=579%2C600&#038;ssl=1\" alt=\"Diego Herrera Flores, parcelero y fundador del Fundo Casas Chicas de Quilpu\u00e9.\" width=\"579\" height=\"600\" srcset=\"https:\/\/i0.wp.com\/eltrabajo.cl\/portal\/wp-content\/uploads\/2020\/05\/Gitanos_Diego-Herrera-Flores.jpg?w=579&amp;ssl=1 579w, https:\/\/i0.wp.com\/eltrabajo.cl\/portal\/wp-content\/uploads\/2020\/05\/Gitanos_Diego-Herrera-Flores.jpg?resize=290%2C300&amp;ssl=1 290w, https:\/\/i0.wp.com\/eltrabajo.cl\/portal\/wp-content\/uploads\/2020\/05\/Gitanos_Diego-Herrera-Flores.jpg?resize=145%2C150&amp;ssl=1 145w\" sizes=\"auto, (max-width: 579px) 100vw, 579px\" \/><figcaption id=\"caption-attachment-98902\" class=\"wp-caption-text\">Diego Herrera Flores, parcelero y fundador del Fundo Casas Chicas de Quilpu\u00e9.<\/figcaption><\/figure>\n","protected":false},"excerpt":{"rendered":"<p>Con la presencia de gitanos en Casas Chicas de Quilpu\u00e9: A veces algunos lugares, pueblos o regiones como en el caso del Viejo Oeste o favelas en R\u00edo de Janeiro pasan a&#8230;<\/p>\n","protected":false},"author":482,"featured_media":98899,"comment_status":"closed","ping_status":"closed","sticky":false,"template":"","format":"standard","meta":{"advanced_seo_description":"","jetpack_seo_html_title":"","jetpack_seo_noindex":false,"_jetpack_memberships_contains_paid_content":false,"footnotes":""},"categories":[15],"tags":[],"class_list":["post-98897","post","type-post","status-publish","format-standard","has-post-thumbnail","hentry","category-comunidad"],"jetpack_featured_media_url":"https:\/\/i0.wp.com\/eltrabajo.cl\/portal\/wp-content\/uploads\/2020\/05\/Gitanos2.jpg?fit=580%2C360&ssl=1","jetpack_sharing_enabled":true,"jetpack_likes_enabled":true,"jetpack-related-posts":[],"_links":{"self":[{"href":"https:\/\/eltrabajo.cl\/portal\/wp-json\/wp\/v2\/posts\/98897","targetHints":{"allow":["GET"]}}],"collection":[{"href":"https:\/\/eltrabajo.cl\/portal\/wp-json\/wp\/v2\/posts"}],"about":[{"href":"https:\/\/eltrabajo.cl\/portal\/wp-json\/wp\/v2\/types\/post"}],"author":[{"embeddable":true,"href":"https:\/\/eltrabajo.cl\/portal\/wp-json\/wp\/v2\/users\/482"}],"replies":[{"embeddable":true,"href":"https:\/\/eltrabajo.cl\/portal\/wp-json\/wp\/v2\/comments?post=98897"}],"version-history":[{"count":0,"href":"https:\/\/eltrabajo.cl\/portal\/wp-json\/wp\/v2\/posts\/98897\/revisions"}],"wp:featuredmedia":[{"embeddable":true,"href":"https:\/\/eltrabajo.cl\/portal\/wp-json\/wp\/v2\/media\/98899"}],"wp:attachment":[{"href":"https:\/\/eltrabajo.cl\/portal\/wp-json\/wp\/v2\/media?parent=98897"}],"wp:term":[{"taxonomy":"category","embeddable":true,"href":"https:\/\/eltrabajo.cl\/portal\/wp-json\/wp\/v2\/categories?post=98897"},{"taxonomy":"post_tag","embeddable":true,"href":"https:\/\/eltrabajo.cl\/portal\/wp-json\/wp\/v2\/tags?post=98897"}],"curies":[{"name":"wp","href":"https:\/\/api.w.org\/{rel}","templated":true}]}}