{"id":98911,"date":"2020-05-18T22:00:46","date_gmt":"2020-05-19T02:00:46","guid":{"rendered":"https:\/\/www.eltrabajo.cl\/portal\/?p=98911"},"modified":"2020-05-18T20:51:19","modified_gmt":"2020-05-19T00:51:19","slug":"comuna-de-panquehue-registra-tercer-caso-positivo-de-covid-19","status":"publish","type":"post","link":"https:\/\/eltrabajo.cl\/portal\/comuna-de-panquehue-registra-tercer-caso-positivo-de-covid-19\/","title":{"rendered":"Comuna de Panquehue registra tercer caso positivo de Covid-19\u00a0"},"content":{"rendered":"<ul>\n<li style=\"text-align: justify;\"><strong>De acuerdo a lo informado por el alcalde Luis Pradenas, se trata de un nuevo caso con residencia distinta a los dos anteriores.<\/strong><\/li>\n<\/ul>\n<p style=\"text-align: justify;\"><strong>PANQUEHUE.- <\/strong>La comuna de Panquehue registra su tercer caso de Coronavirus y se tratar\u00eda de\u00a0 un contagio nuevo, con residencia en un sector distinto a los dos anteriores.<\/p>\n<p style=\"text-align: justify;\">El anuncio lo realiz\u00f3 el alcalde de Panquehue, <strong>Luis Pradenas Mor\u00e1n<\/strong>, quien fuera notificado por el director del Cesfam,\u00a0 el Dr. Te\u00f3filo Reyes, luego de recibir el resultado del examen de PCR aplicado por el laboratorio cl\u00ednico del Hospital San Camilo de San Felipe. Sin embargo se est\u00e1 a la espera de la notificaci\u00f3n que debe efectuar en este caso la Seremi de Salud.<\/p>\n<p style=\"text-align: justify;\">El vecino de Panquehue ha sido sometido a un proceso de aislamiento sanitario y se encuentra bajo estricta vigilancia de parte de profesionales del Cesfam Mar\u00eda Elena Pe\u00f1aloza y de la Seremi de Salud, con el fin de ejecutar los protocolos determinados para estos efectos, donde se considera identificar los contactos estrechos, quienes deber\u00e1n someterse a cuarentena preventiva y si es necesario la aplicaci\u00f3n de ex\u00e1menes.<\/p>\n<p style=\"text-align: justify;\">Agreg\u00f3 el alcalde Luis Pradenas que la comunidad de Panquehue debe estar en calma, ya que se est\u00e1n adoptando todas las medidas que se han coordinado con la unidad de salud de Panquehue, reiterando el llamado a extremar las medidas de autocuidado.<\/p>\n<p style=\"text-align: justify;\">\u00ab<em>Como municipio hemos reforzado cada una de las medidas preventivas. Lo hemos se\u00f1alado, se vienen semanas muy complicadas en temas de contagio. Por lo mismo hago un llamado a los vecinos de mi comuna, a quedarse en sus casas, efectuar salidas lo estrictamente necesario, usar en todo momento mascarillas y lo m\u00e1s importante, evitar las aglomeraciones de personas. Esta Pandemia es de f\u00e1cil contagio, por lo tanto, los vecinos deben actuar con m\u00e1s responsabilidad social y limitarse al m\u00e1ximo de\u00a0 circular por nuestra comuna\u00bb.<\/em><\/p>\n<p style=\"text-align: justify;\">En tanto el director del Cesdam, el doctor <strong>Te\u00f3filo Reyes<\/strong>, se\u00f1al\u00f3 que se est\u00e1 a la espera de la notificaci\u00f3n de la Seremi de Salud y se est\u00e1 aplicando el protocolo que est\u00e1 establecido para estos efectos, y como se trata de un caso nuevo, se est\u00e1 evaluando a cada uno de los contactos estrechos y as\u00ed determinar los procesos de trazabilidad. Con la confirmaci\u00f3n de este tercer caso de Covid-19 en Panquehue, se continuar\u00e1n las campa\u00f1as de sanitizaci\u00f3n en cada uno de los sectores; habr\u00e1 un mayor control sanitario en espacios p\u00fablicos tales como el Cesfam y el Municipio.<\/p>\n<p style=\"text-align: justify;\">Cabe recordar que esta semana ya entraron en funcionamiento dos ordenanzas municipales que estipulan el uso obligatorio de\u00a0 mascarillas en lugares p\u00fablicos y cerrados de atenci\u00f3n de personas, asimismo en el transporte p\u00fablico y en veh\u00edculos particulares con m\u00e1s de dos personas en su interior; se han prohibido las reuniones sociales, el uso de \u00e1reas verdes, parques, multicanchas y estadios, como asimismo se ha reglamentado el horario en el cementerio municipal, ya sea para visitas o funerales y la prohibici\u00f3n en el ingreso de menores de 12 a\u00f1os.<\/p>\n<p style=\"text-align: justify;\">Otras de las medidas que contempla esta ordenanza, es la obligatoriedad\u00a0 por parte de sus due\u00f1os o dependientes, en disponer el uso de elementos sanitarios como alcohol gel, guantes y mascarillas en locales de venta en la comuna de Panquehue, y tambi\u00e9n sanciona al que incite a trav\u00e9s de redes sociales, la convocatoria de todo tipo de reuniones p\u00fablicas.<\/p>\n<p style=\"text-align: justify;\">Asimismo funcionarios del Cesfam Mar\u00eda Elena Pe\u00f1aloza, se est\u00e1n reuniendo con empresas agr\u00edcolas de la comuna, que son fuente laboral para los vecinos, con el fin de reforzar las medidas de prevenci\u00f3n sanitaria.<\/p>\n<p style=\"text-align: justify;\">Adem\u00e1s este martes el alcalde Luis Pradenas junto a los concejales, dar\u00e1 a conocer nuevas medidas de prevenci\u00f3n para la comuna.<\/p>\n<p style=\"text-align: justify;\">\n<p>&nbsp;<\/p>\n<figure id=\"attachment_98912\" aria-describedby=\"caption-attachment-98912\" style=\"width: 580px\" class=\"wp-caption alignnone\"><img data-recalc-dims=\"1\" loading=\"lazy\" decoding=\"async\" class=\"size-full wp-image-98912\" src=\"https:\/\/i0.wp.com\/eltrabajo.cl\/portal\/wp-content\/uploads\/2020\/05\/luis-pradenas-moran.jpg?resize=580%2C359&#038;ssl=1\" alt=\"El alcalde de Panquehue, Luis Pradenas Mor\u00e1n, dio a conocer el tercer caso de Covid-19 en la comuna de Panquehue.\" width=\"580\" height=\"359\" srcset=\"https:\/\/i0.wp.com\/eltrabajo.cl\/portal\/wp-content\/uploads\/2020\/05\/luis-pradenas-moran.jpg?w=580&amp;ssl=1 580w, https:\/\/i0.wp.com\/eltrabajo.cl\/portal\/wp-content\/uploads\/2020\/05\/luis-pradenas-moran.jpg?resize=300%2C186&amp;ssl=1 300w, https:\/\/i0.wp.com\/eltrabajo.cl\/portal\/wp-content\/uploads\/2020\/05\/luis-pradenas-moran.jpg?resize=200%2C124&amp;ssl=1 200w, https:\/\/i0.wp.com\/eltrabajo.cl\/portal\/wp-content\/uploads\/2020\/05\/luis-pradenas-moran.jpg?resize=150%2C93&amp;ssl=1 150w\" sizes=\"auto, (max-width: 580px) 100vw, 580px\" \/><figcaption id=\"caption-attachment-98912\" class=\"wp-caption-text\">El alcalde de Panquehue, Luis Pradenas Mor\u00e1n, dio a conocer el tercer caso de Covid-19 en la comuna de Panquehue.<\/figcaption><\/figure>\n","protected":false},"excerpt":{"rendered":"<p>De acuerdo a lo informado por el alcalde Luis Pradenas, se trata de un nuevo caso con residencia distinta a los dos anteriores. PANQUEHUE.- La comuna de Panquehue registra su tercer caso&#8230;<\/p>\n","protected":false},"author":482,"featured_media":98912,"comment_status":"closed","ping_status":"closed","sticky":false,"template":"","format":"standard","meta":{"advanced_seo_description":"","jetpack_seo_html_title":"","jetpack_seo_noindex":false,"_jetpack_memberships_contains_paid_content":false,"footnotes":""},"categories":[103],"tags":[],"class_list":["post-98911","post","type-post","status-publish","format-standard","has-post-thumbnail","hentry","category-cronica-2"],"jetpack_featured_media_url":"https:\/\/i0.wp.com\/eltrabajo.cl\/portal\/wp-content\/uploads\/2020\/05\/luis-pradenas-moran.jpg?fit=580%2C359&ssl=1","jetpack_sharing_enabled":true,"jetpack_likes_enabled":true,"jetpack-related-posts":[],"_links":{"self":[{"href":"https:\/\/eltrabajo.cl\/portal\/wp-json\/wp\/v2\/posts\/98911","targetHints":{"allow":["GET"]}}],"collection":[{"href":"https:\/\/eltrabajo.cl\/portal\/wp-json\/wp\/v2\/posts"}],"about":[{"href":"https:\/\/eltrabajo.cl\/portal\/wp-json\/wp\/v2\/types\/post"}],"author":[{"embeddable":true,"href":"https:\/\/eltrabajo.cl\/portal\/wp-json\/wp\/v2\/users\/482"}],"replies":[{"embeddable":true,"href":"https:\/\/eltrabajo.cl\/portal\/wp-json\/wp\/v2\/comments?post=98911"}],"version-history":[{"count":0,"href":"https:\/\/eltrabajo.cl\/portal\/wp-json\/wp\/v2\/posts\/98911\/revisions"}],"wp:featuredmedia":[{"embeddable":true,"href":"https:\/\/eltrabajo.cl\/portal\/wp-json\/wp\/v2\/media\/98912"}],"wp:attachment":[{"href":"https:\/\/eltrabajo.cl\/portal\/wp-json\/wp\/v2\/media?parent=98911"}],"wp:term":[{"taxonomy":"category","embeddable":true,"href":"https:\/\/eltrabajo.cl\/portal\/wp-json\/wp\/v2\/categories?post=98911"},{"taxonomy":"post_tag","embeddable":true,"href":"https:\/\/eltrabajo.cl\/portal\/wp-json\/wp\/v2\/tags?post=98911"}],"curies":[{"name":"wp","href":"https:\/\/api.w.org\/{rel}","templated":true}]}}