{"id":98914,"date":"2020-05-18T22:02:30","date_gmt":"2020-05-19T02:02:30","guid":{"rendered":"https:\/\/www.eltrabajo.cl\/portal\/?p=98914"},"modified":"2020-05-18T20:54:43","modified_gmt":"2020-05-19T00:54:43","slug":"cinco-nuevos-casos-de-coronavirus-en-putaendo-confirmo-alcalde-subrogante","status":"publish","type":"post","link":"https:\/\/eltrabajo.cl\/portal\/cinco-nuevos-casos-de-coronavirus-en-putaendo-confirmo-alcalde-subrogante\/","title":{"rendered":"Cinco nuevos casos de Coronavirus en Putaendo confirm\u00f3 alcalde subrogante\u00a0"},"content":{"rendered":"<ul>\n<li style=\"text-align: justify;\"><strong>En total, Putaendo alcanza las 21 personas contagiadas de Covid-19. De dicha cifra, tres personas ya fueron dadas de alta.<\/strong><\/li>\n<\/ul>\n<p style=\"text-align: justify;\"><strong>PUTAENDO.- <\/strong>Este lunes el alcalde (s) de Putaendo, Fabi\u00e1n Mu\u00f1oz, comunic\u00f3 a la poblaci\u00f3n de cinco nuevos casos de Coronavirus en territorio comunal, cuatro de los cuales pertenecen a un mismo grupo familiar. Se trata de dos mujeres de 58 y 23 a\u00f1os de edad, de un hombre de 59 a\u00f1os y de un ni\u00f1o de solo tres a\u00f1os. El quinto contagiado corresponde a un hombre de 34 a\u00f1os.<\/p>\n<p style=\"text-align: justify;\">Englobando el panorama de contagios en Putaendo, <strong>Fabi\u00e1n Mu\u00f1oz<\/strong> explic\u00f3 que <em>\u00abtenemos 18 casos activos y tres ya est\u00e1n recuperados\u00bb.<\/em><\/p>\n<p style=\"text-align: justify;\">\n<p style=\"text-align: justify;\"><span style=\"color: #c81400;\"><strong>MUNICIPIO REFORZAR\u00c1 MEDIDAS<\/strong><\/span><\/p>\n<p style=\"text-align: justify;\">Para tener una mayor cobertura en la comuna, la autoridad inform\u00f3 que el seguimiento de los casos y sus contactos estrechos empezar\u00e1 a ser realizado por personal de la Direcci\u00f3n de Desarrollo Comunitario (Dideco). La entidad apoyar\u00e1 la labor que ya realiza el Cesfam Valle de Los Libertadores.<\/p>\n<p style=\"text-align: justify;\">Adem\u00e1s, a contar de esta semana aumentar\u00e1 la fiscalizaci\u00f3n con Carabineros para hacer cumplir la ordenanza municipal respecto al correcto uso de la mascarilla y el distanciamiento f\u00edsico en los espacios p\u00fablicos de Putaendo.<\/p>\n<p style=\"text-align: justify;\">\u00ab<em>Las medidas de autocuidado son lo \u00fanico que puede ayudar a evitar la propagaci\u00f3n del virus en nuestra comuna. El municipio seguir\u00e1 haciendo todos sus esfuerzos en la sanitizaci\u00f3n de sectores y de disponer de recursos humanos para que el Cesfam pueda seguir entregando los servicios necesarios en cuanto a la salud de las personas\u00bb,<\/em> concluy\u00f3 el alcalde(s).<\/p>\n<p style=\"text-align: justify;\">\n<figure id=\"attachment_98235\" aria-describedby=\"caption-attachment-98235\" style=\"width: 580px\" class=\"wp-caption alignnone\"><img data-recalc-dims=\"1\" loading=\"lazy\" decoding=\"async\" class=\"size-full wp-image-98235\" src=\"https:\/\/i0.wp.com\/eltrabajo.cl\/portal\/wp-content\/uploads\/2020\/04\/Alcalde-subrogante-Fabian-Mu%C3%B1oz.jpg?resize=580%2C359&#038;ssl=1\" alt=\"Fabi\u00e1n Mu\u00f1oz, alcalde subrogante de Putaendo.\" width=\"580\" height=\"359\" srcset=\"https:\/\/i0.wp.com\/eltrabajo.cl\/portal\/wp-content\/uploads\/2020\/04\/Alcalde-subrogante-Fabian-Mu%C3%B1oz.jpg?w=580&amp;ssl=1 580w, https:\/\/i0.wp.com\/eltrabajo.cl\/portal\/wp-content\/uploads\/2020\/04\/Alcalde-subrogante-Fabian-Mu%C3%B1oz.jpg?resize=300%2C186&amp;ssl=1 300w, https:\/\/i0.wp.com\/eltrabajo.cl\/portal\/wp-content\/uploads\/2020\/04\/Alcalde-subrogante-Fabian-Mu%C3%B1oz.jpg?resize=200%2C124&amp;ssl=1 200w, https:\/\/i0.wp.com\/eltrabajo.cl\/portal\/wp-content\/uploads\/2020\/04\/Alcalde-subrogante-Fabian-Mu%C3%B1oz.jpg?resize=242%2C150&amp;ssl=1 242w, https:\/\/i0.wp.com\/eltrabajo.cl\/portal\/wp-content\/uploads\/2020\/04\/Alcalde-subrogante-Fabian-Mu%C3%B1oz.jpg?resize=400%2C248&amp;ssl=1 400w\" sizes=\"auto, (max-width: 580px) 100vw, 580px\" \/><figcaption id=\"caption-attachment-98235\" class=\"wp-caption-text\">Fabi\u00e1n Mu\u00f1oz, alcalde subrogante de Putaendo.<\/figcaption><\/figure>\n","protected":false},"excerpt":{"rendered":"<p>En total, Putaendo alcanza las 21 personas contagiadas de Covid-19. De dicha cifra, tres personas ya fueron dadas de alta. PUTAENDO.- Este lunes el alcalde (s) de Putaendo, Fabi\u00e1n Mu\u00f1oz, comunic\u00f3 a&#8230;<\/p>\n","protected":false},"author":482,"featured_media":98235,"comment_status":"closed","ping_status":"closed","sticky":false,"template":"","format":"standard","meta":{"advanced_seo_description":"","jetpack_seo_html_title":"","jetpack_seo_noindex":false,"_jetpack_memberships_contains_paid_content":false,"footnotes":""},"categories":[103],"tags":[],"class_list":["post-98914","post","type-post","status-publish","format-standard","has-post-thumbnail","hentry","category-cronica-2"],"jetpack_featured_media_url":"https:\/\/i0.wp.com\/eltrabajo.cl\/portal\/wp-content\/uploads\/2020\/04\/Alcalde-subrogante-Fabian-Mu%C3%B1oz.jpg?fit=580%2C359&ssl=1","jetpack_sharing_enabled":true,"jetpack_likes_enabled":true,"jetpack-related-posts":[],"_links":{"self":[{"href":"https:\/\/eltrabajo.cl\/portal\/wp-json\/wp\/v2\/posts\/98914","targetHints":{"allow":["GET"]}}],"collection":[{"href":"https:\/\/eltrabajo.cl\/portal\/wp-json\/wp\/v2\/posts"}],"about":[{"href":"https:\/\/eltrabajo.cl\/portal\/wp-json\/wp\/v2\/types\/post"}],"author":[{"embeddable":true,"href":"https:\/\/eltrabajo.cl\/portal\/wp-json\/wp\/v2\/users\/482"}],"replies":[{"embeddable":true,"href":"https:\/\/eltrabajo.cl\/portal\/wp-json\/wp\/v2\/comments?post=98914"}],"version-history":[{"count":0,"href":"https:\/\/eltrabajo.cl\/portal\/wp-json\/wp\/v2\/posts\/98914\/revisions"}],"wp:featuredmedia":[{"embeddable":true,"href":"https:\/\/eltrabajo.cl\/portal\/wp-json\/wp\/v2\/media\/98235"}],"wp:attachment":[{"href":"https:\/\/eltrabajo.cl\/portal\/wp-json\/wp\/v2\/media?parent=98914"}],"wp:term":[{"taxonomy":"category","embeddable":true,"href":"https:\/\/eltrabajo.cl\/portal\/wp-json\/wp\/v2\/categories?post=98914"},{"taxonomy":"post_tag","embeddable":true,"href":"https:\/\/eltrabajo.cl\/portal\/wp-json\/wp\/v2\/tags?post=98914"}],"curies":[{"name":"wp","href":"https:\/\/api.w.org\/{rel}","templated":true}]}}