{"id":98916,"date":"2020-05-18T22:04:00","date_gmt":"2020-05-19T02:04:00","guid":{"rendered":"https:\/\/www.eltrabajo.cl\/portal\/?p=98916"},"modified":"2020-05-18T21:07:46","modified_gmt":"2020-05-19T01:07:46","slug":"practicando-atletismo-sanfelipeno-ha-logrado-superar-trastorno-de-asperger","status":"publish","type":"post","link":"https:\/\/eltrabajo.cl\/portal\/practicando-atletismo-sanfelipeno-ha-logrado-superar-trastorno-de-asperger\/","title":{"rendered":"Practicando atletismo, sanfelipe\u00f1o ha logrado superar Trastorno de Asperger"},"content":{"rendered":"<p style=\"text-align: justify;\"><span style=\"color: #c81400;\"><strong>Joven es un ejemplo de superaci\u00f3n personal:<\/strong><\/span><\/p>\n<p style=\"text-align: justify;\">Muchas personas consideran que la pr\u00e1ctica de los deportes sirve quiz\u00e1s solamente para cultivar un saludable palmar\u00e9s personal y mantenerse en buena forma, sin embargo la historia de un joven sanfelipe\u00f1o con Trastorno de Asperger y del c\u00f3mo logr\u00f3 salir adelante en todos los aspectos de su vida gracias al atletismo y la nataci\u00f3n, nos demuestra que para la superaci\u00f3n personal s\u00ed tienen una relaci\u00f3n directa el deporte y la condici\u00f3n TEA.<\/p>\n<p style=\"text-align: justify;\">Se trata de <strong>Abner Vidal Ponce<\/strong>, un chico que naci\u00f3 con esta condici\u00f3n. Cl\u00ednicamente se sostiene que el S\u00edndrome de Asperger fue descrito por primera vez en 1944 por el pediatra austriaco <strong>Hans Asperger<\/strong>, quien a partir de la observaci\u00f3n de un grupo de ni\u00f1os caracterizados por ser (1): ni\u00f1os socialmente extra\u00f1os, ingenuos, desconectados unos de otros; con una buena gram\u00e1tica y vocabulario extenso; un discurso fluido, pero literal y pedante; con una comunicaci\u00f3n no verbal empobrecida; interesados por temas espec\u00edficos; con una inteligencia promedio o superior, pero con dificultad en aprender tareas convencionales; con una pobre coordinaci\u00f3n motriz; y falta de \u2018sentido com\u00fan\u2019, o sea, que esta condici\u00f3n ha tomado el nombre del autor que lo describi\u00f3 por primera vez, y se clasifica dentro de los Trastornos Generalizados del Desarrollo.<\/p>\n<p style=\"text-align: justify;\">\n<p style=\"text-align: justify;\"><span style=\"color: #c81400;\"><strong>LOGR\u00d3 ABRIRSE<\/strong><\/span><\/p>\n<p style=\"text-align: justify;\">Seg\u00fan nos coment\u00f3 su madre <strong>Melissa Ponce<\/strong> el d\u00eda de ayer, su hijo a ra\u00edz de esta condici\u00f3n de Asperger <em>\u00abse encerr\u00f3 en s\u00ed mismo y por ninguna raz\u00f3n buscaba asociarse con nadie que fuera de su c\u00edrculo familiar, lo que le fue generando muchos problemas; a nivel escolar no quer\u00eda tener amigos ni mostraba gran inter\u00e9s por sus estudios ni tener una vida social, as\u00ed tuvimos que cambiarlo de colegio, hasta que el profesor Julio Torres del Colegio Cervantino de Putaendo, lo invit\u00f3 a involucrarse en actividades deportivas como el atletismo. Abner reaccion\u00f3 positivamente y poco a poco, desde los once a\u00f1os de edad, fue abri\u00e9ndose a las dem\u00e1s personas hasta lograr manejar casi con normalidad su vida social, y entr\u00f3 as\u00ed a la nataci\u00f3n y el atletismo<\/em>\u00bb, dijo su madre.<\/p>\n<p style=\"text-align: justify;\">\n<p style=\"text-align: justify;\"><span style=\"color: #c81400;\"><strong>SIGUE ESTUDIANDO<\/strong><\/span><\/p>\n<p style=\"text-align: justify;\"><strong>Diario El Trabajo<\/strong> visit\u00f3 ayer a esta familia sanfelipe\u00f1a, el pap\u00e1, la mam\u00e1, su hermana chica y el mismo Abner, todos corr\u00edan y participaban en actividades masivas hasta que lleg\u00f3 el Coronavirus.<\/p>\n<p style=\"text-align: justify;\">\u00ab<em>Mi especialidad es la carrera 5K, aunque empec\u00e9 poco a poco con 800 metros, as\u00ed me fui animando a correr cada vez m\u00e1s, incluso corr\u00ed una 10K, pero me siento mejor en la 5K. He participado con el Aconcagua Running en varias corridas a nivel de toda la V Regi\u00f3n, cada vez que lo hago mejoro mis tiempos. En cuanto a\u00a0 mis sue\u00f1os, creo que estudiar\u00e9 Ingenier\u00eda en Inform\u00e1tica, a\u00fan curso el 3\u00b0 Medio, no he podido correr en corridas nacionales porque son caras y no hay tanto dinero como para ir a todas, aun as\u00ed seguir\u00e9 en el atletismo, ahora me siento mejor y s\u00e9 que lograr\u00e9 mis metas<\/em>\u00bb, dijo el joven Abner Vidal ahora de 16 a\u00f1os de edad.<\/p>\n<p style=\"text-align: justify;\"><strong>Roberto Gonz\u00e1lez Short<\/strong><\/p>\n<p style=\"text-align: justify;\">\n<figure id=\"attachment_98917\" aria-describedby=\"caption-attachment-98917\" style=\"width: 580px\" class=\"wp-caption alignnone\"><img data-recalc-dims=\"1\" loading=\"lazy\" decoding=\"async\" class=\"size-full wp-image-98917\" src=\"https:\/\/i0.wp.com\/eltrabajo.cl\/portal\/wp-content\/uploads\/2020\/05\/Asperger-1_Abner-Vidal.jpg?resize=580%2C359&#038;ssl=1\" alt=\"ABRIENDO SU CAMINO.- El joven Abner Vidal muestra a Diario El Trabajo sus muchas medallas ganadas en atletismo, disciplina deportiva que le ayuda a superar las consecuencias del Asperger.\" width=\"580\" height=\"359\" srcset=\"https:\/\/i0.wp.com\/eltrabajo.cl\/portal\/wp-content\/uploads\/2020\/05\/Asperger-1_Abner-Vidal.jpg?w=580&amp;ssl=1 580w, https:\/\/i0.wp.com\/eltrabajo.cl\/portal\/wp-content\/uploads\/2020\/05\/Asperger-1_Abner-Vidal.jpg?resize=300%2C186&amp;ssl=1 300w, https:\/\/i0.wp.com\/eltrabajo.cl\/portal\/wp-content\/uploads\/2020\/05\/Asperger-1_Abner-Vidal.jpg?resize=200%2C124&amp;ssl=1 200w, https:\/\/i0.wp.com\/eltrabajo.cl\/portal\/wp-content\/uploads\/2020\/05\/Asperger-1_Abner-Vidal.jpg?resize=150%2C93&amp;ssl=1 150w\" sizes=\"auto, (max-width: 580px) 100vw, 580px\" \/><figcaption id=\"caption-attachment-98917\" class=\"wp-caption-text\">ABRIENDO SU CAMINO.- El joven Abner Vidal muestra a Diario El Trabajo sus muchas medallas ganadas en atletismo, disciplina deportiva que le ayuda a superar las consecuencias del Asperger.<\/figcaption><\/figure>\n<p>&nbsp;<\/p>\n<figure id=\"attachment_98919\" aria-describedby=\"caption-attachment-98919\" style=\"width: 580px\" class=\"wp-caption alignnone\"><img data-recalc-dims=\"1\" loading=\"lazy\" decoding=\"async\" class=\"size-full wp-image-98919\" src=\"https:\/\/i0.wp.com\/eltrabajo.cl\/portal\/wp-content\/uploads\/2020\/05\/Asperger3.jpg?resize=580%2C359&#038;ssl=1\" alt=\"SU PALMAR\u00c9S.- Estas son algunas de sus medallas dignamente ganadas en estos a\u00f1os de correr en el Aconcagua Runners, a la vez ha logrado mejor\u00edas para su salud emocional.\" width=\"580\" height=\"359\" srcset=\"https:\/\/i0.wp.com\/eltrabajo.cl\/portal\/wp-content\/uploads\/2020\/05\/Asperger3.jpg?w=580&amp;ssl=1 580w, https:\/\/i0.wp.com\/eltrabajo.cl\/portal\/wp-content\/uploads\/2020\/05\/Asperger3.jpg?resize=300%2C186&amp;ssl=1 300w, https:\/\/i0.wp.com\/eltrabajo.cl\/portal\/wp-content\/uploads\/2020\/05\/Asperger3.jpg?resize=200%2C124&amp;ssl=1 200w, https:\/\/i0.wp.com\/eltrabajo.cl\/portal\/wp-content\/uploads\/2020\/05\/Asperger3.jpg?resize=150%2C93&amp;ssl=1 150w\" sizes=\"auto, (max-width: 580px) 100vw, 580px\" \/><figcaption id=\"caption-attachment-98919\" class=\"wp-caption-text\">SU PALMAR\u00c9S.- Estas son algunas de sus medallas dignamente ganadas en estos a\u00f1os de correr en el Aconcagua Runners, a la vez ha logrado mejor\u00edas para su salud emocional.<\/figcaption><\/figure>\n<p>&nbsp;<\/p>\n<figure id=\"attachment_98918\" aria-describedby=\"caption-attachment-98918\" style=\"width: 580px\" class=\"wp-caption alignnone\"><img data-recalc-dims=\"1\" loading=\"lazy\" decoding=\"async\" class=\"size-full wp-image-98918\" src=\"https:\/\/i0.wp.com\/eltrabajo.cl\/portal\/wp-content\/uploads\/2020\/05\/Asperger2.jpg?resize=580%2C700&#038;ssl=1\" alt=\"GRANDE ABNER.- Aqu\u00ed vemos al joven atleta disputando una de sus carreras antes de la Pandemia.\" width=\"580\" height=\"700\" srcset=\"https:\/\/i0.wp.com\/eltrabajo.cl\/portal\/wp-content\/uploads\/2020\/05\/Asperger2.jpg?w=580&amp;ssl=1 580w, https:\/\/i0.wp.com\/eltrabajo.cl\/portal\/wp-content\/uploads\/2020\/05\/Asperger2.jpg?resize=249%2C300&amp;ssl=1 249w, https:\/\/i0.wp.com\/eltrabajo.cl\/portal\/wp-content\/uploads\/2020\/05\/Asperger2.jpg?resize=124%2C150&amp;ssl=1 124w\" sizes=\"auto, (max-width: 580px) 100vw, 580px\" \/><figcaption id=\"caption-attachment-98918\" class=\"wp-caption-text\">GRANDE ABNER.- Aqu\u00ed vemos al joven atleta disputando una de sus carreras antes de la Pandemia.<\/figcaption><\/figure>\n","protected":false},"excerpt":{"rendered":"<p>Joven es un ejemplo de superaci\u00f3n personal: Muchas personas consideran que la pr\u00e1ctica de los deportes sirve quiz\u00e1s solamente para cultivar un saludable palmar\u00e9s personal y mantenerse en buena forma, sin embargo&#8230;<\/p>\n","protected":false},"author":482,"featured_media":98917,"comment_status":"closed","ping_status":"closed","sticky":false,"template":"","format":"standard","meta":{"advanced_seo_description":"","jetpack_seo_html_title":"","jetpack_seo_noindex":false,"_jetpack_memberships_contains_paid_content":false,"footnotes":""},"categories":[15],"tags":[],"class_list":["post-98916","post","type-post","status-publish","format-standard","has-post-thumbnail","hentry","category-comunidad"],"jetpack_featured_media_url":"https:\/\/i0.wp.com\/eltrabajo.cl\/portal\/wp-content\/uploads\/2020\/05\/Asperger-1_Abner-Vidal.jpg?fit=580%2C359&ssl=1","jetpack_sharing_enabled":true,"jetpack_likes_enabled":true,"jetpack-related-posts":[],"_links":{"self":[{"href":"https:\/\/eltrabajo.cl\/portal\/wp-json\/wp\/v2\/posts\/98916","targetHints":{"allow":["GET"]}}],"collection":[{"href":"https:\/\/eltrabajo.cl\/portal\/wp-json\/wp\/v2\/posts"}],"about":[{"href":"https:\/\/eltrabajo.cl\/portal\/wp-json\/wp\/v2\/types\/post"}],"author":[{"embeddable":true,"href":"https:\/\/eltrabajo.cl\/portal\/wp-json\/wp\/v2\/users\/482"}],"replies":[{"embeddable":true,"href":"https:\/\/eltrabajo.cl\/portal\/wp-json\/wp\/v2\/comments?post=98916"}],"version-history":[{"count":0,"href":"https:\/\/eltrabajo.cl\/portal\/wp-json\/wp\/v2\/posts\/98916\/revisions"}],"wp:featuredmedia":[{"embeddable":true,"href":"https:\/\/eltrabajo.cl\/portal\/wp-json\/wp\/v2\/media\/98917"}],"wp:attachment":[{"href":"https:\/\/eltrabajo.cl\/portal\/wp-json\/wp\/v2\/media?parent=98916"}],"wp:term":[{"taxonomy":"category","embeddable":true,"href":"https:\/\/eltrabajo.cl\/portal\/wp-json\/wp\/v2\/categories?post=98916"},{"taxonomy":"post_tag","embeddable":true,"href":"https:\/\/eltrabajo.cl\/portal\/wp-json\/wp\/v2\/tags?post=98916"}],"curies":[{"name":"wp","href":"https:\/\/api.w.org\/{rel}","templated":true}]}}