{"id":98921,"date":"2020-05-18T22:06:20","date_gmt":"2020-05-19T02:06:20","guid":{"rendered":"https:\/\/www.eltrabajo.cl\/portal\/?p=98921"},"modified":"2020-05-18T21:10:14","modified_gmt":"2020-05-19T01:10:14","slug":"servicio-de-salud-confirma-nuevo-fallecimiento-por-covid-19-en-aconcagua","status":"publish","type":"post","link":"https:\/\/eltrabajo.cl\/portal\/servicio-de-salud-confirma-nuevo-fallecimiento-por-covid-19-en-aconcagua\/","title":{"rendered":"Servicio de Salud confirma nuevo fallecimiento por Covid-19 en Aconcagua"},"content":{"rendered":"<p style=\"text-align: justify;\">A trav\u00e9s de un comunicado de prensa, la Direcci\u00f3n del Servicio de Salud Aconcagua inform\u00f3 sobre un nuevo caso de fallecimiento a causa del Coronavirus Covid-19.<\/p>\n<p style=\"text-align: justify;\">Se trata de un paciente de 52 a\u00f1os de edad, quien se encontraba hospitalizado tras haber sido confirmado como portador de Covid-19.<\/p>\n<p style=\"text-align: justify;\">El lamentable deceso ocurri\u00f3 la tarde de este lunes 18 de Mayo, en el Hospital San Juan de Dios de Los Andes.<\/p>\n<p style=\"text-align: justify;\">La persona ingres\u00f3 al recinto asistencial el d\u00eda 27 de abril, momento desde el que nuestro personal destin\u00f3 el m\u00e1ximo de sus esfuerzos a la recuperaci\u00f3n de su salud.<\/p>\n<p style=\"text-align: justify;\">Al igual que nuestra organizaci\u00f3n (Servicio de Salud Aconcagua), el equipo del establecimiento adhiere al profundo dolor de sus familiares y cercanos.<\/p>\n<p style=\"text-align: justify;\">\n<figure id=\"attachment_98922\" aria-describedby=\"caption-attachment-98922\" style=\"width: 578px\" class=\"wp-caption alignnone\"><img data-recalc-dims=\"1\" loading=\"lazy\" decoding=\"async\" class=\"size-full wp-image-98922\" src=\"https:\/\/i0.wp.com\/eltrabajo.cl\/portal\/wp-content\/uploads\/2020\/05\/deceso-covid-19.jpg?resize=578%2C360&#038;ssl=1\" alt=\"Un nuevo caso de fallecimiento por Covid-19 se registr\u00f3 la tarde de este lunes en el Valle de Aconcagua. (Foto referencial)\" width=\"578\" height=\"360\" srcset=\"https:\/\/i0.wp.com\/eltrabajo.cl\/portal\/wp-content\/uploads\/2020\/05\/deceso-covid-19.jpg?w=578&amp;ssl=1 578w, https:\/\/i0.wp.com\/eltrabajo.cl\/portal\/wp-content\/uploads\/2020\/05\/deceso-covid-19.jpg?resize=300%2C187&amp;ssl=1 300w, https:\/\/i0.wp.com\/eltrabajo.cl\/portal\/wp-content\/uploads\/2020\/05\/deceso-covid-19.jpg?resize=200%2C125&amp;ssl=1 200w, https:\/\/i0.wp.com\/eltrabajo.cl\/portal\/wp-content\/uploads\/2020\/05\/deceso-covid-19.jpg?resize=150%2C93&amp;ssl=1 150w\" sizes=\"auto, (max-width: 578px) 100vw, 578px\" \/><figcaption id=\"caption-attachment-98922\" class=\"wp-caption-text\">Un nuevo caso de fallecimiento por Covid-19 se registr\u00f3 la tarde de este lunes en el Valle de Aconcagua. (Foto referencial)<\/figcaption><\/figure>\n","protected":false},"excerpt":{"rendered":"<p>A trav\u00e9s de un comunicado de prensa, la Direcci\u00f3n del Servicio de Salud Aconcagua inform\u00f3 sobre un nuevo caso de fallecimiento a causa del Coronavirus Covid-19. Se trata de un paciente de&#8230;<\/p>\n","protected":false},"author":482,"featured_media":98922,"comment_status":"closed","ping_status":"closed","sticky":false,"template":"","format":"standard","meta":{"advanced_seo_description":"","jetpack_seo_html_title":"","jetpack_seo_noindex":false,"_jetpack_memberships_contains_paid_content":false,"footnotes":""},"categories":[103],"tags":[],"class_list":["post-98921","post","type-post","status-publish","format-standard","has-post-thumbnail","hentry","category-cronica-2"],"jetpack_featured_media_url":"https:\/\/i0.wp.com\/eltrabajo.cl\/portal\/wp-content\/uploads\/2020\/05\/deceso-covid-19.jpg?fit=578%2C360&ssl=1","jetpack_sharing_enabled":true,"jetpack_likes_enabled":true,"jetpack-related-posts":[],"_links":{"self":[{"href":"https:\/\/eltrabajo.cl\/portal\/wp-json\/wp\/v2\/posts\/98921","targetHints":{"allow":["GET"]}}],"collection":[{"href":"https:\/\/eltrabajo.cl\/portal\/wp-json\/wp\/v2\/posts"}],"about":[{"href":"https:\/\/eltrabajo.cl\/portal\/wp-json\/wp\/v2\/types\/post"}],"author":[{"embeddable":true,"href":"https:\/\/eltrabajo.cl\/portal\/wp-json\/wp\/v2\/users\/482"}],"replies":[{"embeddable":true,"href":"https:\/\/eltrabajo.cl\/portal\/wp-json\/wp\/v2\/comments?post=98921"}],"version-history":[{"count":0,"href":"https:\/\/eltrabajo.cl\/portal\/wp-json\/wp\/v2\/posts\/98921\/revisions"}],"wp:featuredmedia":[{"embeddable":true,"href":"https:\/\/eltrabajo.cl\/portal\/wp-json\/wp\/v2\/media\/98922"}],"wp:attachment":[{"href":"https:\/\/eltrabajo.cl\/portal\/wp-json\/wp\/v2\/media?parent=98921"}],"wp:term":[{"taxonomy":"category","embeddable":true,"href":"https:\/\/eltrabajo.cl\/portal\/wp-json\/wp\/v2\/categories?post=98921"},{"taxonomy":"post_tag","embeddable":true,"href":"https:\/\/eltrabajo.cl\/portal\/wp-json\/wp\/v2\/tags?post=98921"}],"curies":[{"name":"wp","href":"https:\/\/api.w.org\/{rel}","templated":true}]}}