{"id":98928,"date":"2020-05-19T07:45:16","date_gmt":"2020-05-19T11:45:16","guid":{"rendered":"https:\/\/www.eltrabajo.cl\/portal\/?p=98928"},"modified":"2020-05-18T21:22:52","modified_gmt":"2020-05-19T01:22:52","slug":"dos-voraces-incendios-de-casa-se-produjeron-sabado-y-domingo-en-san-felipe","status":"publish","type":"post","link":"https:\/\/eltrabajo.cl\/portal\/dos-voraces-incendios-de-casa-se-produjeron-sabado-y-domingo-en-san-felipe\/","title":{"rendered":"Dos voraces incendios de casa se produjeron s\u00e1bado y domingo en San Felipe"},"content":{"rendered":"<p style=\"text-align: justify;\"><span style=\"color: #c81400;\"><strong>Uno de ellos despert\u00f3 de madrugada a la comunidad:<\/strong><\/span><\/p>\n<p style=\"text-align: justify;\">Dos importantes incendios estructurales se produjeron este fin de semana en San Felipe, los que demandaron un arduo trabajo por parte de voluntarios del Cuerpo de Bomberos de San Felipe. Uno de ellos fue en La Troya y el otro en calle Navarro en pleno centro de la ciudad.<\/p>\n<p style=\"text-align: justify;\">Al respecto el Comandante <strong>Juan Carlos Herrera Lillo<\/strong> dijo que el primero registrado en el sector de La Troya, corresponde a una vivienda de material ligero que result\u00f3 completamente destruida. Este incendio se produjo pasadas las 21:30 horas de este d\u00eda s\u00e1bado, donde se registra un llamado <em>\u00abdel sector La Troya, donde la primera m\u00e1quina de la Cuarta Compa\u00f1\u00eda al llegar divisa que hab\u00eda una gran cantidad de fuego que estaba consumiendo una bodega. Hasta ese momento no sab\u00edamos qui\u00e9nes son los propietarios. Fue un incendio de bastantes proporciones, pero con el trabajo realizado por bomberos se pudo evitar que se propagara a otras viviendas colindantes ubicadas en el mismo sector, evitando tambi\u00e9n que se quemara una maquinaria que hab\u00eda en el lugar. La vivienda result\u00f3 totalmente destruida a causa del fuego\u00bb,<\/em> se\u00f1al\u00f3.<\/p>\n<p style=\"text-align: justify;\">Indic\u00f3 que se ignora si viv\u00eda gente en el lugar. Lo mismo que las causas est\u00e1n siendo investigadas por el Departamento T\u00e9cnico de Bomberos.<\/p>\n<p style=\"text-align: justify;\">La vivienda incendiada se ubicada a unos cien metros del puente de La Troya.<\/p>\n<p style=\"text-align: justify;\">No hubo personas heridas, ni v\u00edctimas que lamentar.<\/p>\n<p>&nbsp;<\/p>\n<p style=\"text-align: justify;\"><span style=\"color: #c81400;\"><strong>Sonar de sirenas despertaron a San Felipe el domingo de madrugada<\/strong><\/span><\/p>\n<p style=\"text-align: justify;\">Este domingo en la madrugada un interminable sonar de sirenas despert\u00f3 al centro de San Felipe. Esto a ra\u00edz de un incendio de una casa ubicada en calle Navarro n\u00famero 279 en pleno centro de San Felipe.<\/p>\n<p style=\"text-align: justify;\">Al respecto el comandante Juan Carlos Herrera Lillo dijo que el siniestro se produjo en Navarro, entre las calles Merced y Freire: <em>\u00abAfect\u00f3 a una casa que a\u00f1os atr\u00e1s se hab\u00eda quemado. En la parte trasera hab\u00eda una gran cantidad de escombros, le\u00f1a; all\u00ed viven unas personas. A la llegada del carro de la Tercera Compa\u00f1\u00eda, junto con el de la Cuarta, el incendio se estaba controlando y posteriormente con la gran cantidad de le\u00f1a y basura que hab\u00eda, el fuego se meti\u00f3 por el entretecho de la otra vivienda, as\u00ed es que lamentablemente afect\u00f3 a una vivienda que result\u00f3 con da\u00f1os considerables en el interior de esta misma. En esta emergencia debieron salir seis compa\u00f1\u00edas al lugar con una totalidad de ochenta bomberos\u00bb,<\/em> se\u00f1al\u00f3.<\/p>\n<p style=\"text-align: justify;\">Consultado sobre la causa, dijo que se debi\u00f3 a una quema no autorizada en el patio de la casa que hab\u00eda resultado siniestrada; <em>\u00aben parte de por qu\u00e9 se produjo\u2026 por un descuido de la gente que estaba habitando la vivienda, de todas maneras, es parte de la investigaci\u00f3n que se est\u00e1 haciendo determinar por qu\u00e9 se produjo este incendio\u00bb,<\/em> se\u00f1al\u00f3 Herrera.<\/p>\n<p>&nbsp;<\/p>\n<figure id=\"attachment_98931\" aria-describedby=\"caption-attachment-98931\" style=\"width: 579px\" class=\"wp-caption alignnone\"><img data-recalc-dims=\"1\" loading=\"lazy\" decoding=\"async\" class=\"size-full wp-image-98931\" src=\"https:\/\/i0.wp.com\/eltrabajo.cl\/portal\/wp-content\/uploads\/2020\/05\/incendio-1.jpg?resize=579%2C700&#038;ssl=1\" alt=\"Personal de Bomberos trabajando en extinguir el incendio en calle Navarro de San Felipe.\" width=\"579\" height=\"700\" srcset=\"https:\/\/i0.wp.com\/eltrabajo.cl\/portal\/wp-content\/uploads\/2020\/05\/incendio-1.jpg?w=579&amp;ssl=1 579w, https:\/\/i0.wp.com\/eltrabajo.cl\/portal\/wp-content\/uploads\/2020\/05\/incendio-1.jpg?resize=248%2C300&amp;ssl=1 248w, https:\/\/i0.wp.com\/eltrabajo.cl\/portal\/wp-content\/uploads\/2020\/05\/incendio-1.jpg?resize=124%2C150&amp;ssl=1 124w\" sizes=\"auto, (max-width: 579px) 100vw, 579px\" \/><figcaption id=\"caption-attachment-98931\" class=\"wp-caption-text\">Personal de Bomberos trabajando en extinguir el incendio en calle Navarro de San Felipe.<\/figcaption><\/figure>\n<p>&nbsp;<\/p>\n<figure id=\"attachment_98930\" aria-describedby=\"caption-attachment-98930\" style=\"width: 580px\" class=\"wp-caption alignnone\"><img data-recalc-dims=\"1\" loading=\"lazy\" decoding=\"async\" class=\"size-full wp-image-98930\" src=\"https:\/\/i0.wp.com\/eltrabajo.cl\/portal\/wp-content\/uploads\/2020\/05\/incendio-La-Troya.jpg?resize=580%2C700&#038;ssl=1\" alt=\"Totalmente destruida por el fuego result\u00f3 una vivienda de material ligero en La Troya.\" width=\"580\" height=\"700\" srcset=\"https:\/\/i0.wp.com\/eltrabajo.cl\/portal\/wp-content\/uploads\/2020\/05\/incendio-La-Troya.jpg?w=580&amp;ssl=1 580w, https:\/\/i0.wp.com\/eltrabajo.cl\/portal\/wp-content\/uploads\/2020\/05\/incendio-La-Troya.jpg?resize=249%2C300&amp;ssl=1 249w, https:\/\/i0.wp.com\/eltrabajo.cl\/portal\/wp-content\/uploads\/2020\/05\/incendio-La-Troya.jpg?resize=124%2C150&amp;ssl=1 124w\" sizes=\"auto, (max-width: 580px) 100vw, 580px\" \/><figcaption id=\"caption-attachment-98930\" class=\"wp-caption-text\">Totalmente destruida por el fuego result\u00f3 una vivienda de material ligero en La Troya.<\/figcaption><\/figure>\n","protected":false},"excerpt":{"rendered":"<p>Uno de ellos despert\u00f3 de madrugada a la comunidad: Dos importantes incendios estructurales se produjeron este fin de semana en San Felipe, los que demandaron un arduo trabajo por parte de voluntarios&#8230;<\/p>\n","protected":false},"author":482,"featured_media":98929,"comment_status":"closed","ping_status":"closed","sticky":false,"template":"","format":"standard","meta":{"advanced_seo_description":"","jetpack_seo_html_title":"","jetpack_seo_noindex":false,"_jetpack_memberships_contains_paid_content":false,"footnotes":""},"categories":[21],"tags":[],"class_list":["post-98928","post","type-post","status-publish","format-standard","has-post-thumbnail","hentry","category-policial"],"jetpack_featured_media_url":"https:\/\/i0.wp.com\/eltrabajo.cl\/portal\/wp-content\/uploads\/2020\/05\/incendio-La-Troya-portada.jpg?fit=580%2C359&ssl=1","jetpack_sharing_enabled":true,"jetpack_likes_enabled":true,"jetpack-related-posts":[],"_links":{"self":[{"href":"https:\/\/eltrabajo.cl\/portal\/wp-json\/wp\/v2\/posts\/98928","targetHints":{"allow":["GET"]}}],"collection":[{"href":"https:\/\/eltrabajo.cl\/portal\/wp-json\/wp\/v2\/posts"}],"about":[{"href":"https:\/\/eltrabajo.cl\/portal\/wp-json\/wp\/v2\/types\/post"}],"author":[{"embeddable":true,"href":"https:\/\/eltrabajo.cl\/portal\/wp-json\/wp\/v2\/users\/482"}],"replies":[{"embeddable":true,"href":"https:\/\/eltrabajo.cl\/portal\/wp-json\/wp\/v2\/comments?post=98928"}],"version-history":[{"count":0,"href":"https:\/\/eltrabajo.cl\/portal\/wp-json\/wp\/v2\/posts\/98928\/revisions"}],"wp:featuredmedia":[{"embeddable":true,"href":"https:\/\/eltrabajo.cl\/portal\/wp-json\/wp\/v2\/media\/98929"}],"wp:attachment":[{"href":"https:\/\/eltrabajo.cl\/portal\/wp-json\/wp\/v2\/media?parent=98928"}],"wp:term":[{"taxonomy":"category","embeddable":true,"href":"https:\/\/eltrabajo.cl\/portal\/wp-json\/wp\/v2\/categories?post=98928"},{"taxonomy":"post_tag","embeddable":true,"href":"https:\/\/eltrabajo.cl\/portal\/wp-json\/wp\/v2\/tags?post=98928"}],"curies":[{"name":"wp","href":"https:\/\/api.w.org\/{rel}","templated":true}]}}