{"id":98934,"date":"2020-05-19T08:00:01","date_gmt":"2020-05-19T12:00:01","guid":{"rendered":"https:\/\/www.eltrabajo.cl\/portal\/?p=98934"},"modified":"2020-05-18T21:25:52","modified_gmt":"2020-05-19T01:25:52","slug":"tres-casos-de-balas-locas-se-han-registrado-los-ultimos-dias-en-san-felipe","status":"publish","type":"post","link":"https:\/\/eltrabajo.cl\/portal\/tres-casos-de-balas-locas-se-han-registrado-los-ultimos-dias-en-san-felipe\/","title":{"rendered":"Tres casos de \u2018balas locas\u2019 se han registrado los \u00faltimos d\u00edas en San Felipe"},"content":{"rendered":"<p style=\"text-align: justify;\">Preocupante situaci\u00f3n se vivi\u00f3 este jueves luego que Carabineros de San Felipe acogiera dos denuncias por las famosas \u2018Balas Locas\u2019 que cayeron a dos domicilios en Villa Las Acacias. Tambi\u00e9n hay informaci\u00f3n de un tercer caso en Villa Sol del Inca, donde s\u00ed una mujer fue impactada.<\/p>\n<p style=\"text-align: justify;\">Al respecto fue el propio capit\u00e1n <strong>Franco Herrera<\/strong> de Carabineros de San Felipe, quien confirm\u00f3 la informaci\u00f3n reconociendo que se acogieron denuncias por da\u00f1os de munici\u00f3n, <em>\u00ablas cuales cayeron en las techumbres de estas casas y perfor\u00f3 en este caso el cielo de estas casas y finalmente se depositaron en los livings y comedor de estos domicilios. Gracias a Dios no hab\u00edan personas en ese momento ni tuvimos lesionados producto de ellos. Obviamente hay que tomar ac\u00e1 en consideraci\u00f3n que no se trata de un hecho doloso, que una persona haya ido a disparar precisamente a este domicilio porque los tiros no tuvieron en este caso una direcci\u00f3n horizontal que hayan ingresado por la puerta o por las ventanas de manera directa; o sea la hip\u00f3tesis que nosotros manejamos, eran tiros que en alg\u00fan momento fueron disparados al aire y por un asunto de par\u00e1bola, esa munici\u00f3n en alg\u00fan momento tiene que bajar\u2026 Es un peligro, de hecho est\u00e1 sancionado en la ley con penas privativas de libertad a aquellos que efect\u00faen disparos al aire, que obviamente es para prevenir estas situaciones que pueden ocurrir\u00bb.<\/em><\/p>\n<p style=\"text-align: justify;\">El hijo de uno de los afectados por estas \u2018balas locas\u2019, dijo que su padre por suerte estaba afuera en el patio. Los llam\u00f3 a eso de las cuatro de la tarde para comentarles\u00a0 que estaba sorprendido por un sonido en el living de la casa, fue a ver y se percat\u00f3 que hab\u00eda una bala en el piso; <em>\u00abvio por donde entr\u00f3 el orificio del proyectil y la sorpresa para \u00e9l fue que era una bala. Carabineros cuando lleg\u00f3 al lugar se dio cuenta y dijo que era un calibre mayor al que nosotros ocupamos, es una situaci\u00f3n lamentable en el sector de Las Acacias, de la tercera etapa, que de cierta forma es un barrio tranquilo, pero con estas cosas que est\u00e1n sucediendo como lo que pas\u00f3 ahora\u2026 rompe la tranquilidad del hogar. Gracias a Dios no hay ning\u00fan hecho que lamentar, sino m\u00e1s que da\u00f1os materiales, pero queda el impacto de ver un proyectil que viene del cielo\u2026 realmente no se sabe\u00bb,<\/em> se\u00f1al\u00f3 <strong>Walter<\/strong>, hijo del propietario de la casa.<\/p>\n<p style=\"text-align: justify;\">Hay una tercera situaci\u00f3n que habla tambi\u00e9n de una \u2018bala loca\u2019 en el sector de Villa Sol del Inca, donde una mujer de iniciales <strong>Y.S.E.<\/strong>, de 35 a\u00f1os de edad, fue impactada por una bala local en su extremidad inferior cuando descend\u00eda de su veh\u00edculo al llegar a su domicilio. Este hecho ocurri\u00f3 el d\u00eda s\u00e1bado a eso de las 14:30 horas, indic\u00f3 @emerVcordillera.<\/p>\n<p style=\"text-align: justify;\">En definitiva fueron tres casos de \u2018balas locas\u2019, dos en Villa Las Acacias donde no hubo heridos, s\u00f3lo da\u00f1os seg\u00fan Carabineros, y el \u00faltimo donde una mujer fue impactada en una de sus extremidades.<\/p>\n<p style=\"text-align: justify;\">\n<figure id=\"attachment_98935\" aria-describedby=\"caption-attachment-98935\" style=\"width: 580px\" class=\"wp-caption alignnone\"><img data-recalc-dims=\"1\" loading=\"lazy\" decoding=\"async\" class=\"size-full wp-image-98935\" src=\"https:\/\/i0.wp.com\/eltrabajo.cl\/portal\/wp-content\/uploads\/2020\/05\/bala-Proyectil.jpg?resize=580%2C359&#038;ssl=1\" alt=\"La bala que se encontr\u00f3 en Villa Las Acacias Tercera Etapa.\" width=\"580\" height=\"359\" srcset=\"https:\/\/i0.wp.com\/eltrabajo.cl\/portal\/wp-content\/uploads\/2020\/05\/bala-Proyectil.jpg?w=580&amp;ssl=1 580w, https:\/\/i0.wp.com\/eltrabajo.cl\/portal\/wp-content\/uploads\/2020\/05\/bala-Proyectil.jpg?resize=300%2C186&amp;ssl=1 300w, https:\/\/i0.wp.com\/eltrabajo.cl\/portal\/wp-content\/uploads\/2020\/05\/bala-Proyectil.jpg?resize=200%2C124&amp;ssl=1 200w, https:\/\/i0.wp.com\/eltrabajo.cl\/portal\/wp-content\/uploads\/2020\/05\/bala-Proyectil.jpg?resize=150%2C93&amp;ssl=1 150w\" sizes=\"auto, (max-width: 580px) 100vw, 580px\" \/><figcaption id=\"caption-attachment-98935\" class=\"wp-caption-text\">La bala que se encontr\u00f3 en Villa Las Acacias Tercera Etapa.<\/figcaption><\/figure>\n<p>&nbsp;<\/p>\n<figure id=\"attachment_98937\" aria-describedby=\"caption-attachment-98937\" style=\"width: 580px\" class=\"wp-caption alignnone\"><img data-recalc-dims=\"1\" loading=\"lazy\" decoding=\"async\" class=\"size-full wp-image-98937\" src=\"https:\/\/i0.wp.com\/eltrabajo.cl\/portal\/wp-content\/uploads\/2020\/05\/bala-Orificio.jpg?resize=580%2C359&#038;ssl=1\" alt=\"Este fue el orificio en el domicilio de Villa Las Acacias tercera etapa.\" width=\"580\" height=\"359\" srcset=\"https:\/\/i0.wp.com\/eltrabajo.cl\/portal\/wp-content\/uploads\/2020\/05\/bala-Orificio.jpg?w=580&amp;ssl=1 580w, https:\/\/i0.wp.com\/eltrabajo.cl\/portal\/wp-content\/uploads\/2020\/05\/bala-Orificio.jpg?resize=300%2C186&amp;ssl=1 300w, https:\/\/i0.wp.com\/eltrabajo.cl\/portal\/wp-content\/uploads\/2020\/05\/bala-Orificio.jpg?resize=200%2C124&amp;ssl=1 200w, https:\/\/i0.wp.com\/eltrabajo.cl\/portal\/wp-content\/uploads\/2020\/05\/bala-Orificio.jpg?resize=150%2C93&amp;ssl=1 150w\" sizes=\"auto, (max-width: 580px) 100vw, 580px\" \/><figcaption id=\"caption-attachment-98937\" class=\"wp-caption-text\">Este fue el orificio en el domicilio de Villa Las Acacias tercera etapa.<\/figcaption><\/figure>\n<p>&nbsp;<\/p>\n<figure id=\"attachment_98938\" aria-describedby=\"caption-attachment-98938\" style=\"width: 580px\" class=\"wp-caption alignnone\"><img data-recalc-dims=\"1\" loading=\"lazy\" decoding=\"async\" class=\"size-full wp-image-98938\" src=\"https:\/\/i0.wp.com\/eltrabajo.cl\/portal\/wp-content\/uploads\/2020\/05\/bala-Pierna.jpg?resize=580%2C360&#038;ssl=1\" alt=\"As\u00ed qued\u00f3 la pierna de la mujer en Villa Sol del Inca. (Foto @emerVcordillera)\" width=\"580\" height=\"360\" srcset=\"https:\/\/i0.wp.com\/eltrabajo.cl\/portal\/wp-content\/uploads\/2020\/05\/bala-Pierna.jpg?w=580&amp;ssl=1 580w, https:\/\/i0.wp.com\/eltrabajo.cl\/portal\/wp-content\/uploads\/2020\/05\/bala-Pierna.jpg?resize=300%2C186&amp;ssl=1 300w, https:\/\/i0.wp.com\/eltrabajo.cl\/portal\/wp-content\/uploads\/2020\/05\/bala-Pierna.jpg?resize=200%2C124&amp;ssl=1 200w, https:\/\/i0.wp.com\/eltrabajo.cl\/portal\/wp-content\/uploads\/2020\/05\/bala-Pierna.jpg?resize=150%2C93&amp;ssl=1 150w\" sizes=\"auto, (max-width: 580px) 100vw, 580px\" \/><figcaption id=\"caption-attachment-98938\" class=\"wp-caption-text\">As\u00ed qued\u00f3 la pierna de la mujer en Villa Sol del Inca. (Foto @emerVcordillera)<\/figcaption><\/figure>\n","protected":false},"excerpt":{"rendered":"<p>Preocupante situaci\u00f3n se vivi\u00f3 este jueves luego que Carabineros de San Felipe acogiera dos denuncias por las famosas \u2018Balas Locas\u2019 que cayeron a dos domicilios en Villa Las Acacias. Tambi\u00e9n hay informaci\u00f3n&#8230;<\/p>\n","protected":false},"author":482,"featured_media":98937,"comment_status":"closed","ping_status":"closed","sticky":false,"template":"","format":"standard","meta":{"advanced_seo_description":"","jetpack_seo_html_title":"","jetpack_seo_noindex":false,"_jetpack_memberships_contains_paid_content":false,"footnotes":""},"categories":[21],"tags":[],"class_list":["post-98934","post","type-post","status-publish","format-standard","has-post-thumbnail","hentry","category-policial"],"jetpack_featured_media_url":"https:\/\/i0.wp.com\/eltrabajo.cl\/portal\/wp-content\/uploads\/2020\/05\/bala-Orificio.jpg?fit=580%2C359&ssl=1","jetpack_sharing_enabled":true,"jetpack_likes_enabled":true,"jetpack-related-posts":[],"_links":{"self":[{"href":"https:\/\/eltrabajo.cl\/portal\/wp-json\/wp\/v2\/posts\/98934","targetHints":{"allow":["GET"]}}],"collection":[{"href":"https:\/\/eltrabajo.cl\/portal\/wp-json\/wp\/v2\/posts"}],"about":[{"href":"https:\/\/eltrabajo.cl\/portal\/wp-json\/wp\/v2\/types\/post"}],"author":[{"embeddable":true,"href":"https:\/\/eltrabajo.cl\/portal\/wp-json\/wp\/v2\/users\/482"}],"replies":[{"embeddable":true,"href":"https:\/\/eltrabajo.cl\/portal\/wp-json\/wp\/v2\/comments?post=98934"}],"version-history":[{"count":0,"href":"https:\/\/eltrabajo.cl\/portal\/wp-json\/wp\/v2\/posts\/98934\/revisions"}],"wp:featuredmedia":[{"embeddable":true,"href":"https:\/\/eltrabajo.cl\/portal\/wp-json\/wp\/v2\/media\/98937"}],"wp:attachment":[{"href":"https:\/\/eltrabajo.cl\/portal\/wp-json\/wp\/v2\/media?parent=98934"}],"wp:term":[{"taxonomy":"category","embeddable":true,"href":"https:\/\/eltrabajo.cl\/portal\/wp-json\/wp\/v2\/categories?post=98934"},{"taxonomy":"post_tag","embeddable":true,"href":"https:\/\/eltrabajo.cl\/portal\/wp-json\/wp\/v2\/tags?post=98934"}],"curies":[{"name":"wp","href":"https:\/\/api.w.org\/{rel}","templated":true}]}}