{"id":98941,"date":"2020-05-19T22:00:42","date_gmt":"2020-05-20T02:00:42","guid":{"rendered":"https:\/\/www.eltrabajo.cl\/portal\/?p=98941"},"modified":"2020-05-19T22:00:42","modified_gmt":"2020-05-20T02:00:42","slug":"ya-en-licitacion-proyecto-del-nuevo-estadio-para-el-club-deportivo-mario-inostroza","status":"publish","type":"post","link":"https:\/\/eltrabajo.cl\/portal\/ya-en-licitacion-proyecto-del-nuevo-estadio-para-el-club-deportivo-mario-inostroza\/","title":{"rendered":"Ya en licitaci\u00f3n proyecto del nuevo estadio para el Club Deportivo Mario Inostroza"},"content":{"rendered":"<p style=\"text-align: justify;\"><span style=\"color: #c81400;\"><strong>Gracias a una inversi\u00f3n FRIL de $59.182.000:<\/strong><\/span><\/p>\n<p style=\"text-align: justify;\">Muy contenta est\u00e1 la gran familia del Club Deportivo Mario Inostroza tras enterarse que ya el proyecto para construir su propio estadio en 21 de Mayo, hoy se encuentra en la etapa de licitaci\u00f3n. As\u00ed lo inform\u00f3 a <strong>Diario El Trabajo<\/strong> el Secplac <strong>Claudio Paredes<\/strong>, quien nos coment\u00f3 que <em>\u00abme parece oportuno informar a la comunidad que el se\u00f1or alcalde Patricio Freire ha dispuesto la licitaci\u00f3n de un proyecto muy esperado por los socios del Club Deportivo Mario Inostroza, este es un proyecto que est\u00e1 financiado por Fondo Regional de Inversi\u00f3n Local <\/em>(FRIL),<em> es un monto de libre disposici\u00f3n que se les entrega a los municipios para que estos generen proyectos con la decisi\u00f3n de invertir en varios sectores o iniciativas, en este caso el alcalde defini\u00f3 entre otros el poder apoyar al Club Deportivo Mario Inostroza, que tiene un terreno en el sector 21 de Mayo, el proyecto aprobado y financiado que ahora est\u00e1 en proceso\u00a0 de licitaci\u00f3n tiene un valor de 59.182.000\u00a0 pesos, y consiste en la creaci\u00f3n de la cancha de f\u00fatbol 100 x 70metros aproximadamente, implica tambi\u00e9n el riego tecnificado completo, adem\u00e1s un pozo de drenaje, una c\u00e1mara decantadora, todo el sistema el\u00e9ctrico con sus tableros nuevos e independiente que adem\u00e1s est\u00e1 asociado a iluminaci\u00f3n solar, tiene sala de bombas respectiva, un cierre perimetral del sector. Este es un proyecto muy interesante porque en el fondo es habilitar un espacio nuevo para\u00a0 el deporte comunal, es tambi\u00e9n la oportunidad de brindar a la comunidad un espacio que puede ser aprovechado por los vecinos, quienes de manera asociativa podr\u00e1n trabajar en comuni\u00f3n con este club deportivo<\/em>\u00bb, dijo Paredes a <strong>Diario El Trabajo<\/strong>.<\/p>\n<p style=\"text-align: justify;\">\n<p style=\"text-align: justify;\"><span style=\"color: #c81400;\"><strong>A\u00d1OS DORADOS<\/strong><\/span><\/p>\n<p style=\"text-align: justify;\">Este club deportivo fue fundado el martes 12 de octubre de 1948 con el nombre de Deportivo Ferroviario, <em>\u00abse llamaba Ferroviario porque en los inicios del siglo pasado, los ferrocarriles y el progreso que esta maquinaria tra\u00eda a Chile estaba en su mejor apogeo. Todo lo relacionado a superaci\u00f3n sociolaboral e industrial, ten\u00eda que ver con las locomotoras de amarillo y negro (de ah\u00ed el color de su uniforme). Nuestro club se fund\u00f3 en 1948, era en ese momento un club de f\u00fatbol que llevar\u00eda por nombre Deportivo Ferroviario y sus colores los mismos de las locomotoras del Estado. En los a\u00f1os y d\u00e9cadas siguientes los triunfos y derrotas no faltaron en nuestra vida deportiva y nuestras familias, est\u00e1bamos haciendo Historia. Nuestro club cuenta con ocho series: tres infantiles y cuatro adultas, y una en Damas, estamos afiliados a la Asociaci\u00f3n de F\u00fatbol Amateur de San Felipe y contamos con 250 socios activos, nuestra instituci\u00f3n cuenta tambi\u00e9n con sede en Poblaci\u00f3n 21 de Mayo, y ya estamos creando nuestra cancha propia ac\u00e1 en el sector<\/em>\u00bb, coment\u00f3 a <strong>Diario El Trabajo<\/strong> el presidente del Inostroza, <strong>Andr\u00e9s Sandoval Parra<\/strong>.<\/p>\n<p style=\"text-align: justify;\">&#8211; <strong>\u00bfQu\u00e9 opini\u00f3n le merece este millonario proyecto ya en licitaci\u00f3n?<\/strong><\/p>\n<p style=\"text-align: justify;\">&#8211; En relaci\u00f3n al complejo deportivo, la adquisici\u00f3n del terreno fue mediante la venta de una casa que se utilizaba como sede social y que era propiedad de nuestro querido club deportivo y fue el fruto de un esfuerzo de varias\u00a0 generaciones de socios y simpatizantes de nuestra instituci\u00f3n, los cuales domingo a domingo acompa\u00f1an a nuestro querido club en las distintas jornadas deportivas. Con respecto al proyecto estamos todos muy ansiosos y a la espera de la licitaci\u00f3n de este que seg\u00fan la \u00faltima informaci\u00f3n que manejamos, los fondos ya se encontraban en poder de la Municipalidad, por lo que cada socio y simpatizante espera con ansias la construcci\u00f3n de nuestro complejo el cual esperamos trascienda m\u00e1s all\u00e1 de lo deportivo y sea un aporte a la comunidad, ya que desde tiempo atr\u00e1s como instituci\u00f3n estamos gestionando actividades extra-program\u00e1ticas enfocadas en el deporte principal mente avocada a los ni\u00f1os de nuestra comuna. Ya hace un tiempo atr\u00e1s se comenz\u00f3 con una escuela de f\u00fatbol en el Estadio Fiscal, la cual a\u00f1oramos poder realizar en nuestro c\u00e9sped. En nuestras proyecciones y viendo la situaci\u00f3n actual de nuestro pa\u00eds y del mundo en general, esperamos que este se concrete de aqu\u00ed a mediados\u00a0 del 2021\u00bb, dijo el dirigente deportivo.<\/p>\n<p style=\"text-align: justify;\">\n<p style=\"text-align: justify;\"><span style=\"color: #c81400;\"><strong>MILLONARIO APORTE<\/strong><\/span><\/p>\n<p style=\"text-align: justify;\">Nuestro medio tambi\u00e9n habl\u00f3 con el alcalde <strong>Patricio Freire<\/strong>, quien confirm\u00f3 que \u00ab<em>era un compromiso con este legendario club deportivo el apoyar, por eso y gracias al Fondo Regional de Iniciativa Local <\/em>(FRIL), <em>pudimos destinar la suma de $60 millones para que este club tenga su cancha, esto incluye nivelaci\u00f3n, riego tecnificado e iluminaci\u00f3n, ya el Gobierno Regional tiene todos los papeles, ya estamos licitando as\u00ed que en pocos meses empezar\u00e1n las obras de esta construcci\u00f3n<\/em>\u00bb, dijo Freire.<\/p>\n<p style=\"text-align: justify;\"><strong>Roberto Gonz\u00e1lez Short<\/strong><\/p>\n<p style=\"text-align: justify;\">\n<p>&nbsp;<\/p>\n<figure id=\"attachment_98946\" aria-describedby=\"caption-attachment-98946\" style=\"width: 580px\" class=\"wp-caption alignnone\"><img data-recalc-dims=\"1\" loading=\"lazy\" decoding=\"async\" class=\"size-full wp-image-98946\" src=\"https:\/\/i0.wp.com\/eltrabajo.cl\/portal\/wp-content\/uploads\/2020\/05\/Estadio2.jpg?resize=580%2C359&#038;ssl=1\" alt=\"CON NOMBRE PROPIO.- As\u00ed se llamar\u00e1 este estadio cuando sea inaugurado: Complejo Deportivo Eulogio Jopia Villalobos.\" width=\"580\" height=\"359\" srcset=\"https:\/\/i0.wp.com\/eltrabajo.cl\/portal\/wp-content\/uploads\/2020\/05\/Estadio2.jpg?w=580&amp;ssl=1 580w, https:\/\/i0.wp.com\/eltrabajo.cl\/portal\/wp-content\/uploads\/2020\/05\/Estadio2.jpg?resize=300%2C186&amp;ssl=1 300w, https:\/\/i0.wp.com\/eltrabajo.cl\/portal\/wp-content\/uploads\/2020\/05\/Estadio2.jpg?resize=200%2C124&amp;ssl=1 200w, https:\/\/i0.wp.com\/eltrabajo.cl\/portal\/wp-content\/uploads\/2020\/05\/Estadio2.jpg?resize=150%2C93&amp;ssl=1 150w\" sizes=\"auto, (max-width: 580px) 100vw, 580px\" \/><figcaption id=\"caption-attachment-98946\" class=\"wp-caption-text\">CON NOMBRE PROPIO.- As\u00ed se llamar\u00e1 este estadio cuando sea inaugurado: Complejo Deportivo Eulogio Jopia Villalobos.<\/figcaption><\/figure>\n<p>&nbsp;<\/p>\n<figure id=\"attachment_98945\" aria-describedby=\"caption-attachment-98945\" style=\"width: 578px\" class=\"wp-caption alignnone\"><img data-recalc-dims=\"1\" loading=\"lazy\" decoding=\"async\" class=\"size-full wp-image-98945\" src=\"https:\/\/i0.wp.com\/eltrabajo.cl\/portal\/wp-content\/uploads\/2020\/05\/estadio1.jpg?resize=578%2C343&#038;ssl=1\" alt=\"TIEMPOS DE GLORIA.- As\u00ed luc\u00eda el Deportivo Inostroza en 1979, cuando se coron\u00f3 como Campe\u00f3n de Campeones, en Llay Llay.\" width=\"578\" height=\"343\" srcset=\"https:\/\/i0.wp.com\/eltrabajo.cl\/portal\/wp-content\/uploads\/2020\/05\/estadio1.jpg?w=578&amp;ssl=1 578w, https:\/\/i0.wp.com\/eltrabajo.cl\/portal\/wp-content\/uploads\/2020\/05\/estadio1.jpg?resize=300%2C178&amp;ssl=1 300w, https:\/\/i0.wp.com\/eltrabajo.cl\/portal\/wp-content\/uploads\/2020\/05\/estadio1.jpg?resize=200%2C119&amp;ssl=1 200w, https:\/\/i0.wp.com\/eltrabajo.cl\/portal\/wp-content\/uploads\/2020\/05\/estadio1.jpg?resize=150%2C89&amp;ssl=1 150w\" sizes=\"auto, (max-width: 578px) 100vw, 578px\" \/><figcaption id=\"caption-attachment-98945\" class=\"wp-caption-text\">TIEMPOS DE GLORIA.- As\u00ed luc\u00eda el Deportivo Inostroza en 1979, cuando se coron\u00f3 como Campe\u00f3n de Campeones, en Llay Llay.<\/figcaption><\/figure>\n<p>&nbsp;<\/p>\n<figure id=\"attachment_98944\" aria-describedby=\"caption-attachment-98944\" style=\"width: 579px\" class=\"wp-caption alignnone\"><img data-recalc-dims=\"1\" loading=\"lazy\" decoding=\"async\" class=\"size-full wp-image-98944\" src=\"https:\/\/i0.wp.com\/eltrabajo.cl\/portal\/wp-content\/uploads\/2020\/05\/Estadio_Patricio-Freire.jpg?resize=579%2C600&#038;ssl=1\" alt=\"Patricio Freire Canto, alcalde de San Felipe.\" width=\"579\" height=\"600\" srcset=\"https:\/\/i0.wp.com\/eltrabajo.cl\/portal\/wp-content\/uploads\/2020\/05\/Estadio_Patricio-Freire.jpg?w=579&amp;ssl=1 579w, https:\/\/i0.wp.com\/eltrabajo.cl\/portal\/wp-content\/uploads\/2020\/05\/Estadio_Patricio-Freire.jpg?resize=290%2C300&amp;ssl=1 290w, https:\/\/i0.wp.com\/eltrabajo.cl\/portal\/wp-content\/uploads\/2020\/05\/Estadio_Patricio-Freire.jpg?resize=145%2C150&amp;ssl=1 145w\" sizes=\"auto, (max-width: 579px) 100vw, 579px\" \/><figcaption id=\"caption-attachment-98944\" class=\"wp-caption-text\">Patricio Freire Canto, alcalde de San Felipe.<\/figcaption><\/figure>\n<p>&nbsp;<\/p>\n<figure id=\"attachment_98943\" aria-describedby=\"caption-attachment-98943\" style=\"width: 580px\" class=\"wp-caption alignnone\"><img data-recalc-dims=\"1\" loading=\"lazy\" decoding=\"async\" class=\"size-full wp-image-98943\" src=\"https:\/\/i0.wp.com\/eltrabajo.cl\/portal\/wp-content\/uploads\/2020\/05\/Estadio_Claudio-Paredes.jpg?resize=580%2C598&#038;ssl=1\" alt=\"Secplac sanfelipe\u00f1o, Claudio Paredes.\" width=\"580\" height=\"598\" srcset=\"https:\/\/i0.wp.com\/eltrabajo.cl\/portal\/wp-content\/uploads\/2020\/05\/Estadio_Claudio-Paredes.jpg?w=580&amp;ssl=1 580w, https:\/\/i0.wp.com\/eltrabajo.cl\/portal\/wp-content\/uploads\/2020\/05\/Estadio_Claudio-Paredes.jpg?resize=291%2C300&amp;ssl=1 291w, https:\/\/i0.wp.com\/eltrabajo.cl\/portal\/wp-content\/uploads\/2020\/05\/Estadio_Claudio-Paredes.jpg?resize=145%2C150&amp;ssl=1 145w\" sizes=\"auto, (max-width: 580px) 100vw, 580px\" \/><figcaption id=\"caption-attachment-98943\" class=\"wp-caption-text\">Secplac sanfelipe\u00f1o, Claudio Paredes.<\/figcaption><\/figure>\n<p>&nbsp;<\/p>\n<figure id=\"attachment_98942\" aria-describedby=\"caption-attachment-98942\" style=\"width: 580px\" class=\"wp-caption alignnone\"><img data-recalc-dims=\"1\" loading=\"lazy\" decoding=\"async\" class=\"size-full wp-image-98942\" src=\"https:\/\/i0.wp.com\/eltrabajo.cl\/portal\/wp-content\/uploads\/2020\/05\/Estadio_Andres-Sandoval.jpg?resize=580%2C600&#038;ssl=1\" alt=\"Presidente del Inostroza, Andr\u00e9s Sandoval Parra.\" width=\"580\" height=\"600\" srcset=\"https:\/\/i0.wp.com\/eltrabajo.cl\/portal\/wp-content\/uploads\/2020\/05\/Estadio_Andres-Sandoval.jpg?w=580&amp;ssl=1 580w, https:\/\/i0.wp.com\/eltrabajo.cl\/portal\/wp-content\/uploads\/2020\/05\/Estadio_Andres-Sandoval.jpg?resize=290%2C300&amp;ssl=1 290w, https:\/\/i0.wp.com\/eltrabajo.cl\/portal\/wp-content\/uploads\/2020\/05\/Estadio_Andres-Sandoval.jpg?resize=145%2C150&amp;ssl=1 145w\" sizes=\"auto, (max-width: 580px) 100vw, 580px\" \/><figcaption id=\"caption-attachment-98942\" class=\"wp-caption-text\">Presidente del Inostroza, Andr\u00e9s Sandoval Parra.<\/figcaption><\/figure>\n<p>&nbsp;<\/p>\n<figure id=\"attachment_98947\" aria-describedby=\"caption-attachment-98947\" style=\"width: 579px\" class=\"wp-caption alignnone\"><img data-recalc-dims=\"1\" loading=\"lazy\" decoding=\"async\" class=\"size-full wp-image-98947\" src=\"https:\/\/i0.wp.com\/eltrabajo.cl\/portal\/wp-content\/uploads\/2020\/05\/Estadio3.jpg?resize=579%2C678&#038;ssl=1\" alt=\"ES SU TERRENO.- Aqu\u00ed vemos a los propios socios del club, plantando c\u00e9sped y cuidando lo que tanto les ha costado obtener.\" width=\"579\" height=\"678\" srcset=\"https:\/\/i0.wp.com\/eltrabajo.cl\/portal\/wp-content\/uploads\/2020\/05\/Estadio3.jpg?w=579&amp;ssl=1 579w, https:\/\/i0.wp.com\/eltrabajo.cl\/portal\/wp-content\/uploads\/2020\/05\/Estadio3.jpg?resize=256%2C300&amp;ssl=1 256w, https:\/\/i0.wp.com\/eltrabajo.cl\/portal\/wp-content\/uploads\/2020\/05\/Estadio3.jpg?resize=128%2C150&amp;ssl=1 128w\" sizes=\"auto, (max-width: 579px) 100vw, 579px\" \/><figcaption id=\"caption-attachment-98947\" class=\"wp-caption-text\">ES SU TERRENO.- Aqu\u00ed vemos a los propios socios del club, plantando c\u00e9sped y cuidando lo que tanto les ha costado obtener.<\/figcaption><\/figure>\n","protected":false},"excerpt":{"rendered":"<p>Gracias a una inversi\u00f3n FRIL de $59.182.000: Muy contenta est\u00e1 la gran familia del Club Deportivo Mario Inostroza tras enterarse que ya el proyecto para construir su propio estadio en 21 de&#8230;<\/p>\n","protected":false},"author":482,"featured_media":98945,"comment_status":"closed","ping_status":"closed","sticky":false,"template":"","format":"standard","meta":{"advanced_seo_description":"","jetpack_seo_html_title":"","jetpack_seo_noindex":false,"_jetpack_memberships_contains_paid_content":false,"footnotes":""},"categories":[15],"tags":[],"class_list":["post-98941","post","type-post","status-publish","format-standard","has-post-thumbnail","hentry","category-comunidad"],"jetpack_featured_media_url":"https:\/\/i0.wp.com\/eltrabajo.cl\/portal\/wp-content\/uploads\/2020\/05\/estadio1.jpg?fit=578%2C343&ssl=1","jetpack_sharing_enabled":true,"jetpack_likes_enabled":true,"jetpack-related-posts":[],"_links":{"self":[{"href":"https:\/\/eltrabajo.cl\/portal\/wp-json\/wp\/v2\/posts\/98941","targetHints":{"allow":["GET"]}}],"collection":[{"href":"https:\/\/eltrabajo.cl\/portal\/wp-json\/wp\/v2\/posts"}],"about":[{"href":"https:\/\/eltrabajo.cl\/portal\/wp-json\/wp\/v2\/types\/post"}],"author":[{"embeddable":true,"href":"https:\/\/eltrabajo.cl\/portal\/wp-json\/wp\/v2\/users\/482"}],"replies":[{"embeddable":true,"href":"https:\/\/eltrabajo.cl\/portal\/wp-json\/wp\/v2\/comments?post=98941"}],"version-history":[{"count":0,"href":"https:\/\/eltrabajo.cl\/portal\/wp-json\/wp\/v2\/posts\/98941\/revisions"}],"wp:featuredmedia":[{"embeddable":true,"href":"https:\/\/eltrabajo.cl\/portal\/wp-json\/wp\/v2\/media\/98945"}],"wp:attachment":[{"href":"https:\/\/eltrabajo.cl\/portal\/wp-json\/wp\/v2\/media?parent=98941"}],"wp:term":[{"taxonomy":"category","embeddable":true,"href":"https:\/\/eltrabajo.cl\/portal\/wp-json\/wp\/v2\/categories?post=98941"},{"taxonomy":"post_tag","embeddable":true,"href":"https:\/\/eltrabajo.cl\/portal\/wp-json\/wp\/v2\/tags?post=98941"}],"curies":[{"name":"wp","href":"https:\/\/api.w.org\/{rel}","templated":true}]}}