{"id":98949,"date":"2020-05-19T22:02:37","date_gmt":"2020-05-20T02:02:37","guid":{"rendered":"https:\/\/www.eltrabajo.cl\/portal\/?p=98949"},"modified":"2020-05-19T22:02:53","modified_gmt":"2020-05-20T02:02:53","slug":"el-fortin-prat-debera-seguir-esperando","status":"publish","type":"post","link":"https:\/\/eltrabajo.cl\/portal\/el-fortin-prat-debera-seguir-esperando\/","title":{"rendered":"El Fort\u00edn Prat deber\u00e1 seguir esperando"},"content":{"rendered":"<p style=\"text-align: justify;\">El da\u00f1o provocado por la pandemia del Coronavirus Covid\u201319, ha sido transversal al tocar todas las actividades. Uno de los m\u00e1ximos anhelos de la numerosa familia del club Arturo Prat y, por qu\u00e9 no decirlo, del deporte sanfelipe\u00f1o, es mejorar el Fort\u00edn Prat.<\/p>\n<p style=\"text-align: justify;\">Antes que se desatara la tormenta del Covid\u201319, se hab\u00eda hecho p\u00fablico que el Gobierno Regional hab\u00eda autorizado los recursos para someter a mejoramiento el coliseo de la calle Santo Domingo. Como todos saben la delicada situaci\u00f3n sanitaria por la que atraviesa el pa\u00eds ha hecho que este tipo de cosas pasen a un segundo plano, por lo que ahora es una completa inc\u00f3gnita saber cu\u00e1ndo comenzar\u00e1n los trabajos en el gimnasio. <em>\u00abMire est\u00e1 todo detenido; no hemos recibido mayores informaciones respecto a los trabajos que se har\u00e1n en el Fort\u00edn. Tenemos muy claro que ahora las prioridades han cambiado dr\u00e1sticamente, y por lo tanto nosotros no estamos dentro de las preocupaciones, y lo entendemos; ahora solo nos queda esperar y tener fe que el proyecto no se nos caiga, o que los recursos vayan a otros \u00edtems\u00bb,<\/em> cont\u00f3 a <strong>El Trabajo Deportivo<\/strong>, el directivo <strong>Mauro Bull<\/strong>.<\/p>\n<p>&nbsp;<\/p>\n<figure id=\"attachment_98951\" aria-describedby=\"caption-attachment-98951\" style=\"width: 580px\" class=\"wp-caption alignnone\"><img data-recalc-dims=\"1\" loading=\"lazy\" decoding=\"async\" class=\"size-full wp-image-98951\" src=\"https:\/\/i0.wp.com\/eltrabajo.cl\/portal\/wp-content\/uploads\/2020\/05\/fortin-prat.jpg?resize=580%2C435&#038;ssl=1\" alt=\"Las obras de mejoramiento del Fort\u00edn Prat deber\u00e1n esperar hasta que el Covid\u201319 d\u00e9 una tregua.\" width=\"580\" height=\"435\" srcset=\"https:\/\/i0.wp.com\/eltrabajo.cl\/portal\/wp-content\/uploads\/2020\/05\/fortin-prat.jpg?w=580&amp;ssl=1 580w, https:\/\/i0.wp.com\/eltrabajo.cl\/portal\/wp-content\/uploads\/2020\/05\/fortin-prat.jpg?resize=300%2C225&amp;ssl=1 300w, https:\/\/i0.wp.com\/eltrabajo.cl\/portal\/wp-content\/uploads\/2020\/05\/fortin-prat.jpg?resize=200%2C150&amp;ssl=1 200w, https:\/\/i0.wp.com\/eltrabajo.cl\/portal\/wp-content\/uploads\/2020\/05\/fortin-prat.jpg?resize=150%2C113&amp;ssl=1 150w\" sizes=\"auto, (max-width: 580px) 100vw, 580px\" \/><figcaption id=\"caption-attachment-98951\" class=\"wp-caption-text\">Las obras de mejoramiento del Fort\u00edn Prat deber\u00e1n esperar hasta que el Covid\u201319 d\u00e9 una tregua.<\/figcaption><\/figure>\n","protected":false},"excerpt":{"rendered":"<p>El da\u00f1o provocado por la pandemia del Coronavirus Covid\u201319, ha sido transversal al tocar todas las actividades. Uno de los m\u00e1ximos anhelos de la numerosa familia del club Arturo Prat y, por&#8230;<\/p>\n","protected":false},"author":482,"featured_media":98950,"comment_status":"closed","ping_status":"closed","sticky":false,"template":"","format":"standard","meta":{"advanced_seo_description":"","jetpack_seo_html_title":"","jetpack_seo_noindex":false,"_jetpack_memberships_contains_paid_content":false,"footnotes":""},"categories":[19],"tags":[],"class_list":["post-98949","post","type-post","status-publish","format-standard","has-post-thumbnail","hentry","category-deportes"],"jetpack_featured_media_url":"https:\/\/i0.wp.com\/eltrabajo.cl\/portal\/wp-content\/uploads\/2020\/05\/fortin-prat-copia.jpg?fit=580%2C359&ssl=1","jetpack_sharing_enabled":true,"jetpack_likes_enabled":true,"jetpack-related-posts":[],"_links":{"self":[{"href":"https:\/\/eltrabajo.cl\/portal\/wp-json\/wp\/v2\/posts\/98949","targetHints":{"allow":["GET"]}}],"collection":[{"href":"https:\/\/eltrabajo.cl\/portal\/wp-json\/wp\/v2\/posts"}],"about":[{"href":"https:\/\/eltrabajo.cl\/portal\/wp-json\/wp\/v2\/types\/post"}],"author":[{"embeddable":true,"href":"https:\/\/eltrabajo.cl\/portal\/wp-json\/wp\/v2\/users\/482"}],"replies":[{"embeddable":true,"href":"https:\/\/eltrabajo.cl\/portal\/wp-json\/wp\/v2\/comments?post=98949"}],"version-history":[{"count":0,"href":"https:\/\/eltrabajo.cl\/portal\/wp-json\/wp\/v2\/posts\/98949\/revisions"}],"wp:featuredmedia":[{"embeddable":true,"href":"https:\/\/eltrabajo.cl\/portal\/wp-json\/wp\/v2\/media\/98950"}],"wp:attachment":[{"href":"https:\/\/eltrabajo.cl\/portal\/wp-json\/wp\/v2\/media?parent=98949"}],"wp:term":[{"taxonomy":"category","embeddable":true,"href":"https:\/\/eltrabajo.cl\/portal\/wp-json\/wp\/v2\/categories?post=98949"},{"taxonomy":"post_tag","embeddable":true,"href":"https:\/\/eltrabajo.cl\/portal\/wp-json\/wp\/v2\/tags?post=98949"}],"curies":[{"name":"wp","href":"https:\/\/api.w.org\/{rel}","templated":true}]}}