{"id":98954,"date":"2020-05-19T22:06:15","date_gmt":"2020-05-20T02:06:15","guid":{"rendered":"https:\/\/www.eltrabajo.cl\/portal\/?p=98954"},"modified":"2020-05-19T22:06:34","modified_gmt":"2020-05-20T02:06:34","slug":"linea-4-desinfecta-sector-de-jardin-infantil-usado-como-urinario-en-villa-juan-pablo-ii","status":"publish","type":"post","link":"https:\/\/eltrabajo.cl\/portal\/linea-4-desinfecta-sector-de-jardin-infantil-usado-como-urinario-en-villa-juan-pablo-ii\/","title":{"rendered":"L\u00ednea 4 desinfecta sector de jard\u00edn infantil usado como urinario en Villa Juan Pablo II"},"content":{"rendered":"<p style=\"text-align: justify;\"><span style=\"color: #c81400;\"><strong>Reacci\u00f3n a publicaci\u00f3n de Diario El Trabajo:<\/strong><\/span><\/p>\n<p style=\"text-align: justify;\">En nuestra edici\u00f3n del d\u00eda viernes 15 de mayo dimos a conocer una noticia relacionada con que <strong>algunos<\/strong> conductores de taxis colectivos de San Felipe iban a orinar a un costado del Jard\u00edn Infantil \u2018El Rinc\u00f3n de los Angelitos\u2019 ubicado en Villa Juan Pablo Segundo.<\/p>\n<p style=\"text-align: justify;\">Fueron los propios vecinos quienes a trav\u00e9s de un video virilizado denunciaron esta situaci\u00f3n, la que finamente provocaba molestia\u00a0 aparte de esos malos olores.<\/p>\n<p style=\"text-align: justify;\">Pues bien este d\u00eda martes el presidente de la L\u00ednea 4 de taxis colectivos de San Felipe, <strong>Carlos Gonz\u00e1lez<\/strong>, lleg\u00f3 con un profesional de la desinfecci\u00f3n, precisamente para desinfectar el lugar que <strong>algunos<\/strong> choferes de su l\u00ednea estaban utilizando como ba\u00f1o p\u00fablico.<\/p>\n<p style=\"text-align: justify;\">Al conversar con nuestro medio indic\u00f3 que \u00e9l como dirigente no pod\u00eda estar ajeno a la mala actitud de <strong>algunos<\/strong> conductores, <em>\u00abentonces como cay\u00f3 uno de mi l\u00ednea\u2026 l\u00ednea 4, estoy en estos momentos cooperando a la junta de vecinos; traje una m\u00e1quina para que les fumigara donde la gente ven\u00eda a orinar, yo a m\u00ed l\u00ednea le tengo estrictamente prohibido que vengan a orinar, el que venga para ac\u00e1 deber\u00e1 atenerse a consecuencias mayores\u00bb,<\/em> se\u00f1al\u00f3.<\/p>\n<p style=\"text-align: justify;\">El producto qu\u00edmico que fue aplicado por todo el alrededor del jard\u00edn infantil,\u00a0 es el tradicional amonio cuaternario.<\/p>\n<p style=\"text-align: justify;\">El costo del producto fue asumido en plenitud por la l\u00ednea 4: <em>\u00abNosotros estamos llanos en el momento que me llamen, ya tom\u00e9 contacto con el presidente de la junta de vecinos, cualquier cosa me van a avisar si sorprenden a otra persona ac\u00e1, porque no puede ser, teniendo todos una garita donde ir a hacer sus necesidades, a descansar en vez de estar viniendo ac\u00e1, a un sector que no corresponde, adem\u00e1s de eso que hay un jard\u00edn infantil, yo pienso que a nadie le gustar\u00eda que fueran a orinar a su pandereta\u00bb,<\/em> dijo Carlos Gonz\u00e1lez, presidente de L\u00ednea 4<\/p>\n<p style=\"text-align: justify;\">Por su parte <strong>Elizabeth Mancilla<\/strong>, secretaria de la Junta de Vecinos Villa Juan Pablo Segundo, reconoci\u00f3 que a ellos les llegaron las grabaciones, pero que las subieron m\u00e1s bien con el af\u00e1n de concientizar a las personas, para que ellos vieran que no se puede hacer eso: <em>\u00abSi Carabineros los ve ah\u00ed\u2026 no s\u00e9 si es un delito, yo lo busqu\u00e9, pero no pude encontrarlo, pero la acci\u00f3n de don Carlos Gonz\u00e1lez se agradece totalmente porque es el \u00fanico que se comprometi\u00f3 con nosotros como Villa, porque nosotros tambi\u00e9n viajamos con ellos, porque no tenemos micro que llegue para ac\u00e1, somos asiduos a los colectivos, entonces ellos tambi\u00e9n debieran ser agradecidos con nosotros, en el sentido que si ellos orinaron aqu\u00ed, que vengan a pedir disculpas; nosotros los vamos a recibir, tampoco nadie los va a repudiar, tirarles piedras\u2026 nada de eso\u00bb,<\/em> se\u00f1al\u00f3.<\/p>\n<p style=\"text-align: justify;\">Indic\u00f3 que hay muchos videos de otros conductores pertenecientes a otras l\u00edneas, sin embargo el \u00fanico que se ha acercado a solucionar el problema y pedir disculpas p\u00fablicas ha sido Carlos Gonz\u00e1lez, presidente de la l\u00ednea 4: <em>\u00abHay m\u00e1s, pero vimos que fue mucho esto porque fue compartida 33 mil veces los videos virilizados, entonces nosotros no queremos subir a los otros, pero no nos interesa subirlos\u2026 nos interesa que no orinen m\u00e1s ac\u00e1. Entiendo la emergencia, pero podr\u00eda haber caminado diez pasitos m\u00e1s y le queda en el potrero\u00bb,<\/em> finaliz\u00f3 Elizabeth Mancilla, secretaria de la Junta de Vecinos Villa Juan Pablo Segundo.<\/p>\n<p style=\"text-align: justify;\">Hay un proyecto que present\u00f3 el Diputado Dur\u00e1n que contempla una modificaci\u00f3n del c\u00f3digo penal, en el n\u00famero 22 de art\u00edculo 494, con el fin de incorporar como falta <em>\u00ablas incivilidades tales como orinar o excretar en la v\u00eda p\u00fablica, estableciendo\u00a0<strong>una prisi\u00f3n de hasta de 60 d\u00edas y una multa de 4 UTM<\/strong>\u00a0(cerca de 196 mil pesos)\u00bb.<\/em><\/p>\n<p>&nbsp;<\/p>\n<figure id=\"attachment_98955\" aria-describedby=\"caption-attachment-98955\" style=\"width: 580px\" class=\"wp-caption alignnone\"><img data-recalc-dims=\"1\" loading=\"lazy\" decoding=\"async\" class=\"size-full wp-image-98955\" src=\"https:\/\/i0.wp.com\/eltrabajo.cl\/portal\/wp-content\/uploads\/2020\/05\/desinfectan-Linea.jpg?resize=580%2C359&#038;ssl=1\" alt=\"Ac\u00e1 vemos al presidente de la l\u00ednea 4 de San Felipe junto a la directiva de la Villa Juan Pablo Segundo, una vez terminada la desinfecci\u00f3n.\" width=\"580\" height=\"359\" srcset=\"https:\/\/i0.wp.com\/eltrabajo.cl\/portal\/wp-content\/uploads\/2020\/05\/desinfectan-Linea.jpg?w=580&amp;ssl=1 580w, https:\/\/i0.wp.com\/eltrabajo.cl\/portal\/wp-content\/uploads\/2020\/05\/desinfectan-Linea.jpg?resize=300%2C186&amp;ssl=1 300w, https:\/\/i0.wp.com\/eltrabajo.cl\/portal\/wp-content\/uploads\/2020\/05\/desinfectan-Linea.jpg?resize=200%2C124&amp;ssl=1 200w, https:\/\/i0.wp.com\/eltrabajo.cl\/portal\/wp-content\/uploads\/2020\/05\/desinfectan-Linea.jpg?resize=150%2C93&amp;ssl=1 150w\" sizes=\"auto, (max-width: 580px) 100vw, 580px\" \/><figcaption id=\"caption-attachment-98955\" class=\"wp-caption-text\">Ac\u00e1 vemos al presidente de la l\u00ednea 4 de San Felipe junto a la directiva de la Villa Juan Pablo Segundo, una vez terminada la desinfecci\u00f3n.<\/figcaption><\/figure>\n<p>&nbsp;<\/p>\n<figure id=\"attachment_98956\" aria-describedby=\"caption-attachment-98956\" style=\"width: 580px\" class=\"wp-caption alignnone\"><img data-recalc-dims=\"1\" loading=\"lazy\" decoding=\"async\" class=\"size-full wp-image-98956\" src=\"https:\/\/i0.wp.com\/eltrabajo.cl\/portal\/wp-content\/uploads\/2020\/05\/desinfectan-operador.jpg?resize=580%2C359&#038;ssl=1\" alt=\"El operario en plena faena de desinfecci\u00f3n, alrededor del Jard\u00edn Infantil El Rinc\u00f3n de los Angelitos de la Villa Juan Pablo Segundo en San Felipe.\" width=\"580\" height=\"359\" srcset=\"https:\/\/i0.wp.com\/eltrabajo.cl\/portal\/wp-content\/uploads\/2020\/05\/desinfectan-operador.jpg?w=580&amp;ssl=1 580w, https:\/\/i0.wp.com\/eltrabajo.cl\/portal\/wp-content\/uploads\/2020\/05\/desinfectan-operador.jpg?resize=300%2C186&amp;ssl=1 300w, https:\/\/i0.wp.com\/eltrabajo.cl\/portal\/wp-content\/uploads\/2020\/05\/desinfectan-operador.jpg?resize=200%2C124&amp;ssl=1 200w, https:\/\/i0.wp.com\/eltrabajo.cl\/portal\/wp-content\/uploads\/2020\/05\/desinfectan-operador.jpg?resize=150%2C93&amp;ssl=1 150w\" sizes=\"auto, (max-width: 580px) 100vw, 580px\" \/><figcaption id=\"caption-attachment-98956\" class=\"wp-caption-text\">El operario en plena faena de desinfecci\u00f3n, alrededor del Jard\u00edn Infantil El Rinc\u00f3n de los Angelitos de la Villa Juan Pablo Segundo en San Felipe.<\/figcaption><\/figure>\n","protected":false},"excerpt":{"rendered":"<p>Reacci\u00f3n a publicaci\u00f3n de Diario El Trabajo: En nuestra edici\u00f3n del d\u00eda viernes 15 de mayo dimos a conocer una noticia relacionada con que algunos conductores de taxis colectivos de San Felipe&#8230;<\/p>\n","protected":false},"author":482,"featured_media":98956,"comment_status":"closed","ping_status":"closed","sticky":false,"template":"","format":"standard","meta":{"advanced_seo_description":"","jetpack_seo_html_title":"","jetpack_seo_noindex":false,"_jetpack_memberships_contains_paid_content":false,"footnotes":""},"categories":[15],"tags":[],"class_list":["post-98954","post","type-post","status-publish","format-standard","has-post-thumbnail","hentry","category-comunidad"],"jetpack_featured_media_url":"https:\/\/i0.wp.com\/eltrabajo.cl\/portal\/wp-content\/uploads\/2020\/05\/desinfectan-operador.jpg?fit=580%2C359&ssl=1","jetpack_sharing_enabled":true,"jetpack_likes_enabled":true,"jetpack-related-posts":[],"_links":{"self":[{"href":"https:\/\/eltrabajo.cl\/portal\/wp-json\/wp\/v2\/posts\/98954","targetHints":{"allow":["GET"]}}],"collection":[{"href":"https:\/\/eltrabajo.cl\/portal\/wp-json\/wp\/v2\/posts"}],"about":[{"href":"https:\/\/eltrabajo.cl\/portal\/wp-json\/wp\/v2\/types\/post"}],"author":[{"embeddable":true,"href":"https:\/\/eltrabajo.cl\/portal\/wp-json\/wp\/v2\/users\/482"}],"replies":[{"embeddable":true,"href":"https:\/\/eltrabajo.cl\/portal\/wp-json\/wp\/v2\/comments?post=98954"}],"version-history":[{"count":0,"href":"https:\/\/eltrabajo.cl\/portal\/wp-json\/wp\/v2\/posts\/98954\/revisions"}],"wp:featuredmedia":[{"embeddable":true,"href":"https:\/\/eltrabajo.cl\/portal\/wp-json\/wp\/v2\/media\/98956"}],"wp:attachment":[{"href":"https:\/\/eltrabajo.cl\/portal\/wp-json\/wp\/v2\/media?parent=98954"}],"wp:term":[{"taxonomy":"category","embeddable":true,"href":"https:\/\/eltrabajo.cl\/portal\/wp-json\/wp\/v2\/categories?post=98954"},{"taxonomy":"post_tag","embeddable":true,"href":"https:\/\/eltrabajo.cl\/portal\/wp-json\/wp\/v2\/tags?post=98954"}],"curies":[{"name":"wp","href":"https:\/\/api.w.org\/{rel}","templated":true}]}}