{"id":98959,"date":"2020-05-20T07:30:27","date_gmt":"2020-05-20T11:30:27","guid":{"rendered":"https:\/\/www.eltrabajo.cl\/portal\/?p=98959"},"modified":"2020-05-19T22:09:43","modified_gmt":"2020-05-20T02:09:43","slug":"ya-son-7-000-los-beneficiados-con-el-subsidio-de-aseo-domiciliario","status":"publish","type":"post","link":"https:\/\/eltrabajo.cl\/portal\/ya-son-7-000-los-beneficiados-con-el-subsidio-de-aseo-domiciliario\/","title":{"rendered":"Ya son 7.000 los beneficiados con el Subsidio de Aseo Domiciliario"},"content":{"rendered":"<p style=\"text-align: justify;\"><span style=\"color: #c81400;\"><strong>En total cerca de $350 millones se han entregado:<\/strong><\/span><\/p>\n<p style=\"text-align: justify;\">Desde 2018 a la fecha son ya unas 7.000 personas, todas ellas vecinos de San Felipe, las que est\u00e1n recibiendo un Subsidio de Aseo Domiciliario, o sea, que no tienen que pagar al Municipio por los servicios de recolecci\u00f3n de basura domiciliaria. La informaci\u00f3n la entreg\u00f3 a <strong>Diario El Trabajo<\/strong> la trabajadora social de Dideco, <strong>Alejandra Campos<\/strong>, encargada del proceso de evaluaci\u00f3n de Subsidio de Aseo Domiciliario, quien nos coment\u00f3 que <em>\u00abeste subsidio lo venimos implementando en nuestra comuna desde 2018, a ra\u00edz de eso a la fecha llevamos alrededor de 7.000 vecinos beneficiados con este subsidio. Cuando se cre\u00f3 este beneficio, se pens\u00f3 en el adulto mayor directamente y con el tiempo nos fuimos dando cuenta que hab\u00edan otros grupos de la poblaci\u00f3n que tambi\u00e9n necesitan de este apoyo, por esta raz\u00f3n tenemos varios beneficiarios, primeramente adultos mayores que tengan Registro Social de Hogares en la comuna de San Felipe, para eso no le pedimos un porcentaje, puede ser tanto del 0% al 100%, tenemos del 0% al 40% ellos tienen el beneficio de un 100% por tres a\u00f1os, al igual que el adulto mayor, tenemos tambi\u00e9n beneficiarios con incapacidad por tres a\u00f1os, las personas que est\u00e1n cesantes est\u00e1n con este beneficio por un a\u00f1o tenemos, a personas con enfermedades catastr\u00f3ficas con beneficio tambi\u00e9n por un a\u00f1o, y Registro Social de Hogares del 41% al 60% por un a\u00f1o el beneficio. Cabe destacar que es importante que este beneficio entregado a los adultos mayores por tres a\u00f1os para que ellos no tengan que venir a hacer el tr\u00e1mite todos los a\u00f1os, solamente debe renovarlo, el Aseo Domiciliario se pagan cuatro cuotas anuales, o sea, habr\u00eda que multiplicar unos 50.000 aproximados por 7.000<\/em> ($350 millones)<em>. Las personas que postularon a este beneficio s\u00f3lo deben ingresar a la p\u00e1gina del Municipio y ah\u00ed est\u00e1n los resultados<\/em>\u00bb, dijo la profesional.<\/p>\n<p style=\"text-align: justify;\"><strong>Roberto Gonz\u00e1lez Short<\/strong><\/p>\n<p>&nbsp;<\/p>\n<figure id=\"attachment_98960\" aria-describedby=\"caption-attachment-98960\" style=\"width: 580px\" class=\"wp-caption alignnone\"><img data-recalc-dims=\"1\" loading=\"lazy\" decoding=\"async\" class=\"size-full wp-image-98960\" src=\"https:\/\/i0.wp.com\/eltrabajo.cl\/portal\/wp-content\/uploads\/2020\/05\/aseo-Basura1.jpg?resize=580%2C360&#038;ssl=1\" alt=\"Los vecinos que han postulado al Subsidio de Aseo Domiciliario est\u00e1n exentos de pago por tres y un a\u00f1o, dependiendo del mismo.\" width=\"580\" height=\"360\" srcset=\"https:\/\/i0.wp.com\/eltrabajo.cl\/portal\/wp-content\/uploads\/2020\/05\/aseo-Basura1.jpg?w=580&amp;ssl=1 580w, https:\/\/i0.wp.com\/eltrabajo.cl\/portal\/wp-content\/uploads\/2020\/05\/aseo-Basura1.jpg?resize=300%2C186&amp;ssl=1 300w, https:\/\/i0.wp.com\/eltrabajo.cl\/portal\/wp-content\/uploads\/2020\/05\/aseo-Basura1.jpg?resize=200%2C124&amp;ssl=1 200w, https:\/\/i0.wp.com\/eltrabajo.cl\/portal\/wp-content\/uploads\/2020\/05\/aseo-Basura1.jpg?resize=150%2C93&amp;ssl=1 150w\" sizes=\"auto, (max-width: 580px) 100vw, 580px\" \/><figcaption id=\"caption-attachment-98960\" class=\"wp-caption-text\">Los vecinos que han postulado al Subsidio de Aseo Domiciliario est\u00e1n exentos de pago por tres y un a\u00f1o, dependiendo del mismo.<\/figcaption><\/figure>\n<figure id=\"attachment_98961\" aria-describedby=\"caption-attachment-98961\" style=\"width: 578px\" class=\"wp-caption alignnone\"><img data-recalc-dims=\"1\" loading=\"lazy\" decoding=\"async\" class=\"size-full wp-image-98961\" src=\"https:\/\/i0.wp.com\/eltrabajo.cl\/portal\/wp-content\/uploads\/2020\/05\/aseo_Alejandra-Campos.jpg?resize=578%2C600&#038;ssl=1\" alt=\"Trabajadora social de Dideco, Alejandra Campos, encargada proceso de evaluaci\u00f3n de Subsidio de Aseo Domiciliario.\" width=\"578\" height=\"600\" srcset=\"https:\/\/i0.wp.com\/eltrabajo.cl\/portal\/wp-content\/uploads\/2020\/05\/aseo_Alejandra-Campos.jpg?w=578&amp;ssl=1 578w, https:\/\/i0.wp.com\/eltrabajo.cl\/portal\/wp-content\/uploads\/2020\/05\/aseo_Alejandra-Campos.jpg?resize=289%2C300&amp;ssl=1 289w, https:\/\/i0.wp.com\/eltrabajo.cl\/portal\/wp-content\/uploads\/2020\/05\/aseo_Alejandra-Campos.jpg?resize=145%2C150&amp;ssl=1 145w\" sizes=\"auto, (max-width: 578px) 100vw, 578px\" \/><figcaption id=\"caption-attachment-98961\" class=\"wp-caption-text\">Trabajadora social de Dideco, Alejandra Campos, encargada proceso de evaluaci\u00f3n de Subsidio de Aseo Domiciliario.<\/figcaption><\/figure>\n","protected":false},"excerpt":{"rendered":"<p>En total cerca de $350 millones se han entregado: Desde 2018 a la fecha son ya unas 7.000 personas, todas ellas vecinos de San Felipe, las que est\u00e1n recibiendo un Subsidio de&#8230;<\/p>\n","protected":false},"author":482,"featured_media":98960,"comment_status":"closed","ping_status":"closed","sticky":false,"template":"","format":"standard","meta":{"advanced_seo_description":"","jetpack_seo_html_title":"","jetpack_seo_noindex":false,"_jetpack_memberships_contains_paid_content":false,"footnotes":""},"categories":[103],"tags":[],"class_list":["post-98959","post","type-post","status-publish","format-standard","has-post-thumbnail","hentry","category-cronica-2"],"jetpack_featured_media_url":"https:\/\/i0.wp.com\/eltrabajo.cl\/portal\/wp-content\/uploads\/2020\/05\/aseo-Basura1.jpg?fit=580%2C360&ssl=1","jetpack_sharing_enabled":true,"jetpack_likes_enabled":true,"jetpack-related-posts":[],"_links":{"self":[{"href":"https:\/\/eltrabajo.cl\/portal\/wp-json\/wp\/v2\/posts\/98959","targetHints":{"allow":["GET"]}}],"collection":[{"href":"https:\/\/eltrabajo.cl\/portal\/wp-json\/wp\/v2\/posts"}],"about":[{"href":"https:\/\/eltrabajo.cl\/portal\/wp-json\/wp\/v2\/types\/post"}],"author":[{"embeddable":true,"href":"https:\/\/eltrabajo.cl\/portal\/wp-json\/wp\/v2\/users\/482"}],"replies":[{"embeddable":true,"href":"https:\/\/eltrabajo.cl\/portal\/wp-json\/wp\/v2\/comments?post=98959"}],"version-history":[{"count":0,"href":"https:\/\/eltrabajo.cl\/portal\/wp-json\/wp\/v2\/posts\/98959\/revisions"}],"wp:featuredmedia":[{"embeddable":true,"href":"https:\/\/eltrabajo.cl\/portal\/wp-json\/wp\/v2\/media\/98960"}],"wp:attachment":[{"href":"https:\/\/eltrabajo.cl\/portal\/wp-json\/wp\/v2\/media?parent=98959"}],"wp:term":[{"taxonomy":"category","embeddable":true,"href":"https:\/\/eltrabajo.cl\/portal\/wp-json\/wp\/v2\/categories?post=98959"},{"taxonomy":"post_tag","embeddable":true,"href":"https:\/\/eltrabajo.cl\/portal\/wp-json\/wp\/v2\/tags?post=98959"}],"curies":[{"name":"wp","href":"https:\/\/api.w.org\/{rel}","templated":true}]}}