{"id":98964,"date":"2020-05-20T07:45:57","date_gmt":"2020-05-20T11:45:57","guid":{"rendered":"https:\/\/www.eltrabajo.cl\/portal\/?p=98964"},"modified":"2020-05-19T22:13:54","modified_gmt":"2020-05-20T02:13:54","slug":"masiva-y-dolorosa-despedida-ayer-al-profesor-lorenzo-lolo-vergara","status":"publish","type":"post","link":"https:\/\/eltrabajo.cl\/portal\/masiva-y-dolorosa-despedida-ayer-al-profesor-lorenzo-lolo-vergara\/","title":{"rendered":"Masiva y dolorosa despedida ayer al profesor Lorenzo \u2018Lolo\u2019 Vergara"},"content":{"rendered":"<p style=\"text-align: justify;\"><span style=\"color: #c81400;\"><strong>Vecinos rompen protocolo de distanciamiento para poder despedirlo:<\/strong><\/span><\/p>\n<p style=\"text-align: justify;\">Larga fue la caravana de autos que acompa\u00f1aron la pompa f\u00fanebre desde Santiago a San Felipe al mediod\u00eda de este martes, en este caso para dar el \u00faltimo adi\u00f3s al querido profesor sanfelipe\u00f1o <strong>Lorenzo<\/strong> \u2018<strong>Lolo<\/strong>\u2019 <strong>Vergara<\/strong>. Recordemos que este educador muri\u00f3 a la edad de 72 a\u00f1os en un accidente ocurrido este domingo en la Ruta 5 a la altura de Til Til en el kil\u00f3metro 36 de esta v\u00eda.<\/p>\n<p style=\"text-align: justify;\">Al llegar el cuerpo de Vergara a nuestra comuna ingres\u00f3 por Tres Esquinas puente Monasterio, baj\u00f3 por Michimalongo, Yungay y subi\u00f3 por Miraflores, deteni\u00e9ndose por 4 minutos frente a la casa donde viv\u00eda el profesor. En ese lugar e ignorando la recomendaci\u00f3n de mantenerse a distancia, cerca de 100 personas se abalanzaron sobre la carroza, unos lloraban, la mayor\u00eda aplaud\u00eda y gritaban su nombre, \u2018Vuela Alto Lolito\u2019, los adultos mayores salieron algunos en sillas de ruedas, en todos los corazones ard\u00eda la llama del amor y el deseo de al menos tocar a su amado vecino.<\/p>\n<p style=\"text-align: justify;\"><span style=\"color: #c81400;\"><strong>DESGARRADOR ADI\u00d3S<\/strong><\/span><\/p>\n<p style=\"text-align: justify;\">Entre las personas que lloraron al educador estuvo la concejala sanfelipe\u00f1a <strong>Patricia Boffa<\/strong>, quien fue alumna de Vergara cuando era ni\u00f1a: <em>\u00abMi profesor, mi amigo y vecino, que Dios lo reciba en su regazo y le d\u00e9 consuelo a su familia y cercanos, gracias por esos momentos vividos ri\u00e9ndonos de todo, gracias por celebrar mis triunfos y mis metas alcanzadas. Gracias por tus ense\u00f1anzas y sus consejos, eras un divertido amigo todo el tiempo, no hab\u00edan penas si estabas cerca<\/em>\u00bb, dijo Boffa.<\/p>\n<p style=\"text-align: justify;\">Entre las personas que lo despidieron estuvieron muchos exalumnos, amigos, colegas, vecinos y conocidos del jovial profesor. Los restos mortales de Lorenzo Vergara fueron sepultados en el Cementerio Municipal de San Felipe, en Almendral. Todo el personal administrativo y period\u00edstico que laboramos en <strong>Diario El Trabajo<\/strong> hoy con honda pena nos unimos al gran sentimiento de p\u00e9rdida y pesar de su familia. Descansa en Paz Lorenzo Vergara.<\/p>\n<p style=\"text-align: justify;\"><strong>Roberto Gonz\u00e1lez Short<\/strong><\/p>\n<p>&nbsp;<\/p>\n<figure id=\"attachment_98968\" aria-describedby=\"caption-attachment-98968\" style=\"width: 580px\" class=\"wp-caption alignnone\"><img data-recalc-dims=\"1\" loading=\"lazy\" decoding=\"async\" class=\"size-full wp-image-98968\" src=\"https:\/\/i0.wp.com\/eltrabajo.cl\/portal\/wp-content\/uploads\/2020\/05\/Lolo1.jpg?resize=580%2C359&#038;ssl=1\" alt=\"AYER FUE DESPEDIDO.- Flores, pa\u00f1uelos blancos, aplausos, llanto y dolor fue lo ofrecido al querido Lolo Vergara por sus vecinos, exalumnos y amigos.\" width=\"580\" height=\"359\" srcset=\"https:\/\/i0.wp.com\/eltrabajo.cl\/portal\/wp-content\/uploads\/2020\/05\/Lolo1.jpg?w=580&amp;ssl=1 580w, https:\/\/i0.wp.com\/eltrabajo.cl\/portal\/wp-content\/uploads\/2020\/05\/Lolo1.jpg?resize=300%2C186&amp;ssl=1 300w, https:\/\/i0.wp.com\/eltrabajo.cl\/portal\/wp-content\/uploads\/2020\/05\/Lolo1.jpg?resize=200%2C124&amp;ssl=1 200w, https:\/\/i0.wp.com\/eltrabajo.cl\/portal\/wp-content\/uploads\/2020\/05\/Lolo1.jpg?resize=150%2C93&amp;ssl=1 150w\" sizes=\"auto, (max-width: 580px) 100vw, 580px\" \/><figcaption id=\"caption-attachment-98968\" class=\"wp-caption-text\">AYER FUE DESPEDIDO.- Flores, pa\u00f1uelos blancos, aplausos, llanto y dolor fue lo ofrecido al querido Lolo Vergara por sus vecinos, exalumnos y amigos.<\/figcaption><\/figure>\n<figure id=\"attachment_98965\" aria-describedby=\"caption-attachment-98965\" style=\"width: 580px\" class=\"wp-caption alignnone\"><img data-recalc-dims=\"1\" loading=\"lazy\" decoding=\"async\" class=\"size-full wp-image-98965\" src=\"https:\/\/i0.wp.com\/eltrabajo.cl\/portal\/wp-content\/uploads\/2020\/05\/Lolo2.jpg?resize=580%2C359&#038;ssl=1\" alt=\"SAN FELIPE LE LLORA.- Todos quer\u00edan abrazarle, mirarle al menos por un instante, pero no fue posible, s\u00f3lo quienes le conocieron saben la calidad de persona que fue.\" width=\"580\" height=\"359\" srcset=\"https:\/\/i0.wp.com\/eltrabajo.cl\/portal\/wp-content\/uploads\/2020\/05\/Lolo2.jpg?w=580&amp;ssl=1 580w, https:\/\/i0.wp.com\/eltrabajo.cl\/portal\/wp-content\/uploads\/2020\/05\/Lolo2.jpg?resize=300%2C186&amp;ssl=1 300w, https:\/\/i0.wp.com\/eltrabajo.cl\/portal\/wp-content\/uploads\/2020\/05\/Lolo2.jpg?resize=200%2C124&amp;ssl=1 200w, https:\/\/i0.wp.com\/eltrabajo.cl\/portal\/wp-content\/uploads\/2020\/05\/Lolo2.jpg?resize=150%2C93&amp;ssl=1 150w\" sizes=\"auto, (max-width: 580px) 100vw, 580px\" \/><figcaption id=\"caption-attachment-98965\" class=\"wp-caption-text\">SAN FELIPE LE LLORA.- Todos quer\u00edan abrazarle, mirarle al menos por un instante, pero no fue posible, s\u00f3lo quienes le conocieron saben la calidad de persona que fue.<\/figcaption><\/figure>\n<figure id=\"attachment_98967\" aria-describedby=\"caption-attachment-98967\" style=\"width: 579px\" class=\"wp-caption alignnone\"><img data-recalc-dims=\"1\" loading=\"lazy\" decoding=\"async\" class=\"size-full wp-image-98967\" src=\"https:\/\/i0.wp.com\/eltrabajo.cl\/portal\/wp-content\/uploads\/2020\/05\/Lolo_Lorenzo-Vergara.jpg?resize=579%2C456&#038;ssl=1\" alt=\"ADI\u00d3S QUERIDO PROFESOR.- As\u00ed luc\u00eda en sus a\u00f1os mozos el profesor Lorenzo Vergara, lo vemos tambi\u00e9n con su apariencia actual. \" width=\"579\" height=\"456\" srcset=\"https:\/\/i0.wp.com\/eltrabajo.cl\/portal\/wp-content\/uploads\/2020\/05\/Lolo_Lorenzo-Vergara.jpg?w=579&amp;ssl=1 579w, https:\/\/i0.wp.com\/eltrabajo.cl\/portal\/wp-content\/uploads\/2020\/05\/Lolo_Lorenzo-Vergara.jpg?resize=300%2C236&amp;ssl=1 300w, https:\/\/i0.wp.com\/eltrabajo.cl\/portal\/wp-content\/uploads\/2020\/05\/Lolo_Lorenzo-Vergara.jpg?resize=190%2C150&amp;ssl=1 190w, https:\/\/i0.wp.com\/eltrabajo.cl\/portal\/wp-content\/uploads\/2020\/05\/Lolo_Lorenzo-Vergara.jpg?resize=150%2C118&amp;ssl=1 150w\" sizes=\"auto, (max-width: 579px) 100vw, 579px\" \/><figcaption id=\"caption-attachment-98967\" class=\"wp-caption-text\">ADI\u00d3S QUERIDO PROFESOR.- As\u00ed luc\u00eda en sus a\u00f1os mozos el profesor Lorenzo Vergara, lo vemos tambi\u00e9n con su apariencia actual.<\/figcaption><\/figure>\n<figure id=\"attachment_98966\" aria-describedby=\"caption-attachment-98966\" style=\"width: 579px\" class=\"wp-caption alignnone\"><img data-recalc-dims=\"1\" loading=\"lazy\" decoding=\"async\" class=\"size-full wp-image-98966\" src=\"https:\/\/i0.wp.com\/eltrabajo.cl\/portal\/wp-content\/uploads\/2020\/05\/Lolo_Enriqueta.jpg?resize=579%2C707&#038;ssl=1\" alt=\"AMADO POR SIEMPRE.- Do\u00f1a Enriqueta, una vecina y amiga de Lorenzo, no soport\u00f3 la angustia y estall\u00f3 en llanto cuando lleg\u00f3 la carroza.\" width=\"579\" height=\"707\" srcset=\"https:\/\/i0.wp.com\/eltrabajo.cl\/portal\/wp-content\/uploads\/2020\/05\/Lolo_Enriqueta.jpg?w=579&amp;ssl=1 579w, https:\/\/i0.wp.com\/eltrabajo.cl\/portal\/wp-content\/uploads\/2020\/05\/Lolo_Enriqueta.jpg?resize=246%2C300&amp;ssl=1 246w, https:\/\/i0.wp.com\/eltrabajo.cl\/portal\/wp-content\/uploads\/2020\/05\/Lolo_Enriqueta.jpg?resize=123%2C150&amp;ssl=1 123w\" sizes=\"auto, (max-width: 579px) 100vw, 579px\" \/><figcaption id=\"caption-attachment-98966\" class=\"wp-caption-text\">AMADO POR SIEMPRE.- Do\u00f1a Enriqueta, una vecina y amiga de Lorenzo, no soport\u00f3 la angustia y estall\u00f3 en llanto cuando lleg\u00f3 la carroza.<\/figcaption><\/figure>\n","protected":false},"excerpt":{"rendered":"<p>Vecinos rompen protocolo de distanciamiento para poder despedirlo: Larga fue la caravana de autos que acompa\u00f1aron la pompa f\u00fanebre desde Santiago a San Felipe al mediod\u00eda de este martes, en este caso&#8230;<\/p>\n","protected":false},"author":482,"featured_media":98965,"comment_status":"closed","ping_status":"closed","sticky":false,"template":"","format":"standard","meta":{"advanced_seo_description":"","jetpack_seo_html_title":"","jetpack_seo_noindex":false,"_jetpack_memberships_contains_paid_content":false,"footnotes":""},"categories":[15],"tags":[],"class_list":["post-98964","post","type-post","status-publish","format-standard","has-post-thumbnail","hentry","category-comunidad"],"jetpack_featured_media_url":"https:\/\/i0.wp.com\/eltrabajo.cl\/portal\/wp-content\/uploads\/2020\/05\/Lolo2.jpg?fit=580%2C359&ssl=1","jetpack_sharing_enabled":true,"jetpack_likes_enabled":true,"jetpack-related-posts":[],"_links":{"self":[{"href":"https:\/\/eltrabajo.cl\/portal\/wp-json\/wp\/v2\/posts\/98964","targetHints":{"allow":["GET"]}}],"collection":[{"href":"https:\/\/eltrabajo.cl\/portal\/wp-json\/wp\/v2\/posts"}],"about":[{"href":"https:\/\/eltrabajo.cl\/portal\/wp-json\/wp\/v2\/types\/post"}],"author":[{"embeddable":true,"href":"https:\/\/eltrabajo.cl\/portal\/wp-json\/wp\/v2\/users\/482"}],"replies":[{"embeddable":true,"href":"https:\/\/eltrabajo.cl\/portal\/wp-json\/wp\/v2\/comments?post=98964"}],"version-history":[{"count":0,"href":"https:\/\/eltrabajo.cl\/portal\/wp-json\/wp\/v2\/posts\/98964\/revisions"}],"wp:featuredmedia":[{"embeddable":true,"href":"https:\/\/eltrabajo.cl\/portal\/wp-json\/wp\/v2\/media\/98965"}],"wp:attachment":[{"href":"https:\/\/eltrabajo.cl\/portal\/wp-json\/wp\/v2\/media?parent=98964"}],"wp:term":[{"taxonomy":"category","embeddable":true,"href":"https:\/\/eltrabajo.cl\/portal\/wp-json\/wp\/v2\/categories?post=98964"},{"taxonomy":"post_tag","embeddable":true,"href":"https:\/\/eltrabajo.cl\/portal\/wp-json\/wp\/v2\/tags?post=98964"}],"curies":[{"name":"wp","href":"https:\/\/api.w.org\/{rel}","templated":true}]}}