{"id":98974,"date":"2020-05-20T08:00:38","date_gmt":"2020-05-20T12:00:38","guid":{"rendered":"https:\/\/www.eltrabajo.cl\/portal\/?p=98974"},"modified":"2020-05-19T22:17:15","modified_gmt":"2020-05-20T02:17:15","slug":"cifra-record-valle-de-aconcagua-registra-28-nuevos-contagios-por-covid-19","status":"publish","type":"post","link":"https:\/\/eltrabajo.cl\/portal\/cifra-record-valle-de-aconcagua-registra-28-nuevos-contagios-por-covid-19\/","title":{"rendered":"\u00a1Cifra r\u00e9cord! Valle de Aconcagua registra 28 nuevos contagios por Covid-19"},"content":{"rendered":"<p style=\"text-align: justify;\">El Seremi de Salud de la Quinta Regi\u00f3n, <strong>Francisco \u00c1lvarez<\/strong>, confirm\u00f3 28 nuevos casos de Covid-19 en el Valle de Aconcagua, la cifra m\u00e1s alta de positivos registrados en un mismo d\u00eda desde que comenz\u00f3 la pandemia.<\/p>\n<p style=\"text-align: justify;\">Los casos est\u00e1n ubicados en Los Andes, con 10 nuevos contagios; 6 en Llay Llay; 6 en San Felipe; 2 en Catemu; 2 en Putaendo; 1 Calle Larga, y 1 en San Esteban.<\/p>\n<p style=\"text-align: justify;\">\n<p style=\"text-align: justify;\"><span style=\"color: #c81400;\"><strong>Seis nuevos caso de contagio en el San Camilo<\/strong><\/span><\/p>\n<p style=\"text-align: justify;\">Junto con lo anterior, el Seremi confirm\u00f3 seis casos de Covid-19 en el Hospital San Camilo. Se trata de 2 t\u00e9cnicos param\u00e9dicos, 2 m\u00e9dicos, 1 enfermera y 1 qu\u00edmico farmac\u00e9utico, todos a ra\u00edz del m\u00e9dico confirmado el d\u00eda domingo.<\/p>\n<p style=\"text-align: justify;\">En total hay 8 personas hospitalizadas, 28 casos nuevos, fallecidos 3, total casos confirmados 179.<\/p>\n<p style=\"text-align: justify;\">\n<figure id=\"attachment_98976\" aria-describedby=\"caption-attachment-98976\" style=\"width: 579px\" class=\"wp-caption alignnone\"><img data-recalc-dims=\"1\" loading=\"lazy\" decoding=\"async\" class=\"size-full wp-image-98976\" src=\"https:\/\/i0.wp.com\/eltrabajo.cl\/portal\/wp-content\/uploads\/2020\/05\/Covid-19-2.jpg?resize=579%2C521&#038;ssl=1\" alt=\"Este es el total a la fecha desde que se dio a conocer el primer caso de Covid-19.\" width=\"579\" height=\"521\" srcset=\"https:\/\/i0.wp.com\/eltrabajo.cl\/portal\/wp-content\/uploads\/2020\/05\/Covid-19-2.jpg?w=579&amp;ssl=1 579w, https:\/\/i0.wp.com\/eltrabajo.cl\/portal\/wp-content\/uploads\/2020\/05\/Covid-19-2.jpg?resize=300%2C270&amp;ssl=1 300w, https:\/\/i0.wp.com\/eltrabajo.cl\/portal\/wp-content\/uploads\/2020\/05\/Covid-19-2.jpg?resize=167%2C150&amp;ssl=1 167w, https:\/\/i0.wp.com\/eltrabajo.cl\/portal\/wp-content\/uploads\/2020\/05\/Covid-19-2.jpg?resize=150%2C135&amp;ssl=1 150w\" sizes=\"auto, (max-width: 579px) 100vw, 579px\" \/><figcaption id=\"caption-attachment-98976\" class=\"wp-caption-text\">Este es el total a la fecha desde que se dio a conocer el primer caso de Covid-19.<\/figcaption><\/figure>\n<p>&nbsp;<\/p>\n<figure id=\"attachment_98977\" aria-describedby=\"caption-attachment-98977\" style=\"width: 580px\" class=\"wp-caption alignnone\"><img data-recalc-dims=\"1\" loading=\"lazy\" decoding=\"async\" class=\"size-full wp-image-98977\" src=\"https:\/\/i0.wp.com\/eltrabajo.cl\/portal\/wp-content\/uploads\/2020\/05\/Covid-19.jpg?resize=580%2C580&#038;ssl=1\" alt=\"El resumen del d\u00eda de hoy 19 de mayo de 2020.\" width=\"580\" height=\"580\" srcset=\"https:\/\/i0.wp.com\/eltrabajo.cl\/portal\/wp-content\/uploads\/2020\/05\/Covid-19.jpg?w=580&amp;ssl=1 580w, https:\/\/i0.wp.com\/eltrabajo.cl\/portal\/wp-content\/uploads\/2020\/05\/Covid-19.jpg?resize=300%2C300&amp;ssl=1 300w, https:\/\/i0.wp.com\/eltrabajo.cl\/portal\/wp-content\/uploads\/2020\/05\/Covid-19.jpg?resize=150%2C150&amp;ssl=1 150w\" sizes=\"auto, (max-width: 580px) 100vw, 580px\" \/><figcaption id=\"caption-attachment-98977\" class=\"wp-caption-text\">El resumen del d\u00eda de hoy 19 de mayo de 2020.<\/figcaption><\/figure>\n","protected":false},"excerpt":{"rendered":"<p>El Seremi de Salud de la Quinta Regi\u00f3n, Francisco \u00c1lvarez, confirm\u00f3 28 nuevos casos de Covid-19 en el Valle de Aconcagua, la cifra m\u00e1s alta de positivos registrados en un mismo d\u00eda&#8230;<\/p>\n","protected":false},"author":482,"featured_media":98975,"comment_status":"closed","ping_status":"closed","sticky":false,"template":"","format":"standard","meta":{"advanced_seo_description":"","jetpack_seo_html_title":"","jetpack_seo_noindex":false,"_jetpack_memberships_contains_paid_content":false,"footnotes":""},"categories":[103],"tags":[],"class_list":["post-98974","post","type-post","status-publish","format-standard","has-post-thumbnail","hentry","category-cronica-2"],"jetpack_featured_media_url":"https:\/\/i0.wp.com\/eltrabajo.cl\/portal\/wp-content\/uploads\/2020\/05\/Covid-19-2-copia.jpg?fit=580%2C358&ssl=1","jetpack_sharing_enabled":true,"jetpack_likes_enabled":true,"jetpack-related-posts":[],"_links":{"self":[{"href":"https:\/\/eltrabajo.cl\/portal\/wp-json\/wp\/v2\/posts\/98974","targetHints":{"allow":["GET"]}}],"collection":[{"href":"https:\/\/eltrabajo.cl\/portal\/wp-json\/wp\/v2\/posts"}],"about":[{"href":"https:\/\/eltrabajo.cl\/portal\/wp-json\/wp\/v2\/types\/post"}],"author":[{"embeddable":true,"href":"https:\/\/eltrabajo.cl\/portal\/wp-json\/wp\/v2\/users\/482"}],"replies":[{"embeddable":true,"href":"https:\/\/eltrabajo.cl\/portal\/wp-json\/wp\/v2\/comments?post=98974"}],"version-history":[{"count":0,"href":"https:\/\/eltrabajo.cl\/portal\/wp-json\/wp\/v2\/posts\/98974\/revisions"}],"wp:featuredmedia":[{"embeddable":true,"href":"https:\/\/eltrabajo.cl\/portal\/wp-json\/wp\/v2\/media\/98975"}],"wp:attachment":[{"href":"https:\/\/eltrabajo.cl\/portal\/wp-json\/wp\/v2\/media?parent=98974"}],"wp:term":[{"taxonomy":"category","embeddable":true,"href":"https:\/\/eltrabajo.cl\/portal\/wp-json\/wp\/v2\/categories?post=98974"},{"taxonomy":"post_tag","embeddable":true,"href":"https:\/\/eltrabajo.cl\/portal\/wp-json\/wp\/v2\/tags?post=98974"}],"curies":[{"name":"wp","href":"https:\/\/api.w.org\/{rel}","templated":true}]}}