{"id":98981,"date":"2020-05-21T21:00:22","date_gmt":"2020-05-22T01:00:22","guid":{"rendered":"https:\/\/www.eltrabajo.cl\/portal\/?p=98981"},"modified":"2020-05-21T21:24:31","modified_gmt":"2020-05-22T01:24:31","slug":"panchita-zuniga-sigue-entrenando-y-espera-estar-pronto-compitiendo","status":"publish","type":"post","link":"https:\/\/eltrabajo.cl\/portal\/panchita-zuniga-sigue-entrenando-y-espera-estar-pronto-compitiendo\/","title":{"rendered":"\u2018Panchita\u2019 Z\u00fa\u00f1iga sigue entrenando y espera estar pronto compitiendo"},"content":{"rendered":"<p style=\"text-align: justify;\"><span style=\"color: #c81400;\"><strong>Hasta hoy la joven atleta llevaba dos a\u00f1os \u2018desaparecida\u2019:<\/strong><\/span><\/p>\n<p style=\"text-align: justify;\">Desde hace varias semanas en <strong>Diario El Trabajo<\/strong> venimos publicando varias cr\u00f3nicas relacionadas al quehacer de nuestros deportistas locales en estos tiempos de pandemia, ellos no se pueden lucir como siempre lo han hecho, es por eso que, aunque hoy no est\u00e9n compitiendo, nuestro medio s\u00ed les recuerda y nos propusimos actualizar su accionar para que sus seguidores y todos nuestros fieles lectores sepan qu\u00e9 ha sido de ellos.<\/p>\n<p style=\"text-align: justify;\">En esta oportunidad muchos lectores nos han preguntado por aquella peque\u00f1ita capaz de hacer morder el polvo a j\u00f3venes y adultos en el mundo del atletismo chileno, hablamos de la regalona <strong>Francisca<\/strong> \u2018<strong>Panchita<\/strong>\u2019 <strong>Z\u00fa\u00f1iga Contreras<\/strong>, quien se inici\u00f3 a sus 6 a\u00f1os de edad en las carreras estudiantiles.<\/p>\n<p style=\"text-align: justify;\">En <strong>Diario El Trabajo<\/strong> la presentamos oficialmente a la Opini\u00f3n P\u00fablica cuando estudiaba en el Liceo Bicentenario Cordillera el 1\u00b0 de octubre de 2015, desde entonces la atleta infantil pas\u00f3 a llenar p\u00e1ginas de prensa y grandes portadas en casi toda la V Regi\u00f3n, pues no solamente derrotaba a los ni\u00f1os de su edad en los juegos deportivos escolares de nuestra comuna, sino que tambi\u00e9n a los chicos m\u00e1s grandes que ella, incluso a los adultos.<\/p>\n<p style=\"text-align: justify;\"><span style=\"color: #c81400;\"><strong>SIGUE ENTRENANDO<\/strong><\/span><\/p>\n<p style=\"text-align: justify;\">Pero desde 2018 esta joven atleta sanfelipe\u00f1a dej\u00f3 de competir y desapareci\u00f3 de la mirada p\u00fablica, por eso la buscamos para conocer de su vida y proyectos personales, entre ellos el deportivo.<\/p>\n<p style=\"text-align: justify;\">Panchita es ahora una bell\u00edsima adolescente llena de ilusiones.<\/p>\n<p style=\"text-align: justify;\">\u00ab<em>Actualmente tengo15 a\u00f1os de edad, estudio ahora en el Liceo Roberto Humeres Oyanedel, ah\u00ed curso 8\u00b0 B\u00e1sico, soy la menor de cinco hermanos, mi especialidad deportiva es fondista del atletismo chileno, mi talento deportivo a\u00fan lo conservo intacto<\/em>\u00bb, nos comenta Francisca, quien visit\u00f3 nuestra Sala de Redacci\u00f3n.<\/p>\n<p style=\"text-align: justify;\">&#8211; <strong>\u00bfCu\u00e1les son los triunfos deportivos que m\u00e1s recuerdas?<\/strong><\/p>\n<p style=\"text-align: justify;\">&#8211; Las maratones Costa del Pac\u00edfico en 2017 de la categor\u00eda Juvenil; Marat\u00f3n Los Andes-San Felipe 2018; Marat\u00f3n Arica 2018; Marat\u00f3n Valdivia 2017; Marat\u00f3n Puerto Varas 2016 y la Media Marat\u00f3n de Petorca 2015, todas esas las gan\u00e9.<\/p>\n<p style=\"text-align: justify;\">&#8211; <strong>\u00bfMuchos trofeos y medallas en tan productivas temporadas?<\/strong><\/p>\n<p style=\"text-align: justify;\">&#8211; Bastante, son m\u00e1s o menos unas 130 medallas, diez copas y muchos galvanos. Fui tambi\u00e9n elegida por la Municipalidad de San Felipe \u2018Talento Joven 2015\u2019, seleccionada por el IND CER Centro de Entrenamiento Nacional para entrenar en el Estadio El\u00edas Figueroa en Valpara\u00edso, me ha ido bien.<\/p>\n<p style=\"text-align: justify;\">&#8211; <strong>\u00bfA qu\u00e9 edad empezaste a correr y c\u00f3mo te sientes ahora?<\/strong><\/p>\n<p style=\"text-align: justify;\">&#8211; Inici\u00e9 mis carreras a los seis a\u00f1os de edad. En lo deportivo me queman las piernas por correr de nuevo en competencias, sigo entrenando en el patio de mi casa y a veces salgo a correr en solitario por la Costanera, quiero o sue\u00f1o estudiar Medicina. Entreno en mi barrio en solitario, mi pap\u00e1 <strong>Boris Z\u00fa\u00f1iga<\/strong> me adapt\u00f3 patio de entrenamiento.<\/p>\n<p style=\"text-align: justify;\">&#8211; <strong>\u00bfPor qu\u00e9 desapareciste hace dos a\u00f1os de las competencias?<\/strong><\/p>\n<p style=\"text-align: justify;\">&#8211; Tuve problemas propios de adolescencia, necesitaba descubrirme, tambi\u00e9n tuve que darle prioridad a mis estudios, ya estaba bajando mis calificaciones, m\u00e1s bien por eso tambi\u00e9n me cambi\u00e9 de colegio, adem\u00e1s que no cont\u00e9 m\u00e1s con patrocinio de nadie, s\u00f3lo mi pap\u00e1 que me sigue apoyando, aun as\u00ed sue\u00f1o y en los deportes poder participar en unas Olimpiadas, seguir\u00e9 luchando por mis metas.<\/p>\n<p style=\"text-align: justify;\"><strong>Roberto Gonz\u00e1lez Short<\/strong><\/p>\n<figure id=\"attachment_98982\" aria-describedby=\"caption-attachment-98982\" style=\"width: 580px\" class=\"wp-caption alignnone\"><img data-recalc-dims=\"1\" loading=\"lazy\" decoding=\"async\" class=\"size-full wp-image-98982\" src=\"https:\/\/i0.wp.com\/eltrabajo.cl\/portal\/wp-content\/uploads\/2020\/05\/Panchita1.jpg?resize=580%2C359&#038;ssl=1\" alt=\"IMPARABLE.- Durante a\u00f1os esta atleta sanfelipe\u00f1a nos ha regalado momentos de alegr\u00eda y orgullo con sus triunfos deportivos.\" width=\"580\" height=\"359\" srcset=\"https:\/\/i0.wp.com\/eltrabajo.cl\/portal\/wp-content\/uploads\/2020\/05\/Panchita1.jpg?w=580&amp;ssl=1 580w, https:\/\/i0.wp.com\/eltrabajo.cl\/portal\/wp-content\/uploads\/2020\/05\/Panchita1.jpg?resize=300%2C186&amp;ssl=1 300w, https:\/\/i0.wp.com\/eltrabajo.cl\/portal\/wp-content\/uploads\/2020\/05\/Panchita1.jpg?resize=200%2C124&amp;ssl=1 200w, https:\/\/i0.wp.com\/eltrabajo.cl\/portal\/wp-content\/uploads\/2020\/05\/Panchita1.jpg?resize=150%2C93&amp;ssl=1 150w\" sizes=\"auto, (max-width: 580px) 100vw, 580px\" \/><figcaption id=\"caption-attachment-98982\" class=\"wp-caption-text\">IMPARABLE.- Durante a\u00f1os esta atleta sanfelipe\u00f1a nos ha regalado momentos de alegr\u00eda y orgullo con sus triunfos deportivos.<\/figcaption><\/figure>\n<figure id=\"attachment_98985\" aria-describedby=\"caption-attachment-98985\" style=\"width: 580px\" class=\"wp-caption alignnone\"><img data-recalc-dims=\"1\" loading=\"lazy\" decoding=\"async\" class=\"size-full wp-image-98985\" src=\"https:\/\/i0.wp.com\/eltrabajo.cl\/portal\/wp-content\/uploads\/2020\/05\/Panchita3.jpg?resize=580%2C700&#038;ssl=1\" alt=\"LA TRIUNFADORA.- As\u00ed conocimos a \u2018Panchita\u2019 Z\u00fa\u00f1iga, siempre ganando y celebrando en grande sus victorias.\" width=\"580\" height=\"700\" srcset=\"https:\/\/i0.wp.com\/eltrabajo.cl\/portal\/wp-content\/uploads\/2020\/05\/Panchita3.jpg?w=580&amp;ssl=1 580w, https:\/\/i0.wp.com\/eltrabajo.cl\/portal\/wp-content\/uploads\/2020\/05\/Panchita3.jpg?resize=249%2C300&amp;ssl=1 249w, https:\/\/i0.wp.com\/eltrabajo.cl\/portal\/wp-content\/uploads\/2020\/05\/Panchita3.jpg?resize=124%2C150&amp;ssl=1 124w\" sizes=\"auto, (max-width: 580px) 100vw, 580px\" \/><figcaption id=\"caption-attachment-98985\" class=\"wp-caption-text\">LA TRIUNFADORA.- As\u00ed conocimos a \u2018Panchita\u2019 Z\u00fa\u00f1iga, siempre ganando y celebrando en grande sus victorias.<\/figcaption><\/figure>\n<figure id=\"attachment_98984\" aria-describedby=\"caption-attachment-98984\" style=\"width: 580px\" class=\"wp-caption alignnone\"><img data-recalc-dims=\"1\" loading=\"lazy\" decoding=\"async\" class=\"size-full wp-image-98984\" src=\"https:\/\/i0.wp.com\/eltrabajo.cl\/portal\/wp-content\/uploads\/2020\/05\/Panchita2.jpg?resize=580%2C698&#038;ssl=1\" alt=\"GRATA VISITA.- La ahora adolescente Francisca Z\u00fa\u00f1iga visit\u00f3 nuestra Sala de Redacci\u00f3n para decirnos que sigue activa, pero debe esperar a que la Pandemia d\u00e9 espacio para las competencias.\" width=\"580\" height=\"698\" srcset=\"https:\/\/i0.wp.com\/eltrabajo.cl\/portal\/wp-content\/uploads\/2020\/05\/Panchita2.jpg?w=580&amp;ssl=1 580w, https:\/\/i0.wp.com\/eltrabajo.cl\/portal\/wp-content\/uploads\/2020\/05\/Panchita2.jpg?resize=249%2C300&amp;ssl=1 249w, https:\/\/i0.wp.com\/eltrabajo.cl\/portal\/wp-content\/uploads\/2020\/05\/Panchita2.jpg?resize=125%2C150&amp;ssl=1 125w\" sizes=\"auto, (max-width: 580px) 100vw, 580px\" \/><figcaption id=\"caption-attachment-98984\" class=\"wp-caption-text\">GRATA VISITA.- La ahora adolescente Francisca Z\u00fa\u00f1iga visit\u00f3 nuestra Sala de Redacci\u00f3n para decirnos que sigue activa, pero debe esperar a que la Pandemia d\u00e9 espacio para las competencias.<\/figcaption><\/figure>\n","protected":false},"excerpt":{"rendered":"<p>Hasta hoy la joven atleta llevaba dos a\u00f1os \u2018desaparecida\u2019: Desde hace varias semanas en Diario El Trabajo venimos publicando varias cr\u00f3nicas relacionadas al quehacer de nuestros deportistas locales en estos tiempos de&#8230;<\/p>\n","protected":false},"author":482,"featured_media":98983,"comment_status":"closed","ping_status":"closed","sticky":false,"template":"","format":"standard","meta":{"advanced_seo_description":"","jetpack_seo_html_title":"","jetpack_seo_noindex":false,"_jetpack_memberships_contains_paid_content":false,"footnotes":""},"categories":[15],"tags":[],"class_list":["post-98981","post","type-post","status-publish","format-standard","has-post-thumbnail","hentry","category-comunidad"],"jetpack_featured_media_url":"https:\/\/i0.wp.com\/eltrabajo.cl\/portal\/wp-content\/uploads\/2020\/05\/Panchita2-copia.jpg?fit=580%2C360&ssl=1","jetpack_sharing_enabled":true,"jetpack_likes_enabled":true,"jetpack-related-posts":[],"_links":{"self":[{"href":"https:\/\/eltrabajo.cl\/portal\/wp-json\/wp\/v2\/posts\/98981","targetHints":{"allow":["GET"]}}],"collection":[{"href":"https:\/\/eltrabajo.cl\/portal\/wp-json\/wp\/v2\/posts"}],"about":[{"href":"https:\/\/eltrabajo.cl\/portal\/wp-json\/wp\/v2\/types\/post"}],"author":[{"embeddable":true,"href":"https:\/\/eltrabajo.cl\/portal\/wp-json\/wp\/v2\/users\/482"}],"replies":[{"embeddable":true,"href":"https:\/\/eltrabajo.cl\/portal\/wp-json\/wp\/v2\/comments?post=98981"}],"version-history":[{"count":0,"href":"https:\/\/eltrabajo.cl\/portal\/wp-json\/wp\/v2\/posts\/98981\/revisions"}],"wp:featuredmedia":[{"embeddable":true,"href":"https:\/\/eltrabajo.cl\/portal\/wp-json\/wp\/v2\/media\/98983"}],"wp:attachment":[{"href":"https:\/\/eltrabajo.cl\/portal\/wp-json\/wp\/v2\/media?parent=98981"}],"wp:term":[{"taxonomy":"category","embeddable":true,"href":"https:\/\/eltrabajo.cl\/portal\/wp-json\/wp\/v2\/categories?post=98981"},{"taxonomy":"post_tag","embeddable":true,"href":"https:\/\/eltrabajo.cl\/portal\/wp-json\/wp\/v2\/tags?post=98981"}],"curies":[{"name":"wp","href":"https:\/\/api.w.org\/{rel}","templated":true}]}}