{"id":98987,"date":"2020-05-21T21:05:23","date_gmt":"2020-05-22T01:05:23","guid":{"rendered":"https:\/\/www.eltrabajo.cl\/portal\/?p=98987"},"modified":"2020-05-21T21:26:48","modified_gmt":"2020-05-22T01:26:48","slug":"en-agosto-deberia-iniciar-funcionamiento-nuevo-resonador-nuclear-magnetico","status":"publish","type":"post","link":"https:\/\/eltrabajo.cl\/portal\/en-agosto-deberia-iniciar-funcionamiento-nuevo-resonador-nuclear-magnetico\/","title":{"rendered":"En agosto deber\u00eda iniciar funcionamiento nuevo resonador nuclear magn\u00e9tico"},"content":{"rendered":"<p style=\"text-align: justify;\"><span style=\"color: #c81400;\"><strong>Hospital San Camilo:<\/strong><\/span><\/p>\n<ul style=\"text-align: justify;\">\n<li><strong>Tras una visita inspectiva, las autoridades del Servicio de Salud confirmaron que el avance de las obras marcha sin retrasos y estar\u00e1 operativo dentro de los primeros meses del segundo semestre de este a\u00f1o, beneficiando a toda la red de salud del Valle de Aconcagua.<\/strong><\/li>\n<\/ul>\n<p style=\"text-align: justify;\">Una revisi\u00f3n al avance de las obras de la Unidad de Imagenolog\u00eda Compleja del Hospital San Camilo realizaron las autoridades del Servicio de Salud y del establecimiento asistencial, corroborando el progreso de los trabajos que permitir\u00e1n contar con el primer resonador nuclear magn\u00e9tico de la red p\u00fablica de salud de Aconcagua.<\/p>\n<p style=\"text-align: justify;\">La obra representa una inversi\u00f3n de $2.200 millones y registra un avance del 73,5 por ciento, lo que corresponde plenamente a lo establecido en la carta de progresi\u00f3n de los trabajos, lo que permite establecer que la construcci\u00f3n se terminar\u00e1 a mediados de junio, para luego iniciar la marcha blanca, la que deber\u00eda culminar en agosto. <em>\u00abEste es un trabajo que la empresa ha desempe\u00f1ado con mucha seriedad y que permitir\u00e1 un avance enorme, ya que este ser\u00e1 el primer resonador magn\u00e9tico del Valle de Aconcagua, lo que va a cambiar para bien muchas cosas en nuestra red\u00bb,<\/em> inform\u00f3 la subdirectora de Gesti\u00f3n Asistencial del Servicio de Salud Aconcagua, doctora <strong>Iris Boisier<\/strong>.<\/p>\n<p style=\"text-align: justify;\">As\u00ed mismo, la profesional destac\u00f3 que esto representa un enorme avance para los equipos asistenciales y su trabajo. <em>\u00abEsto va a permitir que muchos de los diagn\u00f3sticos que tienen demoras, se aceleren mucho m\u00e1s y con ello brindemos una atenci\u00f3n mucho mejor a nuestros usuarios. Es una enorme ventaja tanto para los equipos cl\u00ednicos como para las personas que se atienden en este establecimiento, que van a dejar de viajar a Santiago o Vi\u00f1a del Mar, con todo lo que ello significa\u00bb,<\/em> estableci\u00f3 Dra. Iris Boisier.<\/p>\n<p style=\"text-align: justify;\">Finalmente, la directora del Servicio de Salud Aconcagua, <strong>Susan Porras<\/strong>, destac\u00f3 el trabajo de los diferentes equipos que han permitido el desarrollo de la obra y que pese a las diferentes dificultades que ha implicado la alerta sanitaria, se est\u00e1 en la \u00faltima etapa de esta obra. <em>\u00abNo nos hemos detenido a pesar del enorme trabajo que ha significado la pandemia, estamos avanzando con las obras del SAR de Los Andes y tambi\u00e9n con esta obra, que lleva casi un 75% de avance y que va a ser de un enorme apoyo a los equipos cl\u00ednicos, que podr\u00e1n realizar diagn\u00f3sticos m\u00e1s r\u00e1pidos y con ello, beneficiar a todos los usuarios de la red p\u00fablica de salud de Aconcagua\u00bb,<\/em> finaliz\u00f3 la autoridad.<\/p>\n<figure id=\"attachment_98988\" aria-describedby=\"caption-attachment-98988\" style=\"width: 580px\" class=\"wp-caption alignnone\"><img data-recalc-dims=\"1\" loading=\"lazy\" decoding=\"async\" class=\"size-full wp-image-98988\" src=\"https:\/\/i0.wp.com\/eltrabajo.cl\/portal\/wp-content\/uploads\/2020\/05\/resonador_nuclear_magnetico_hospital_san_camilo.jpg?resize=580%2C359&#038;ssl=1\" alt=\"Autoridades de Salud revisaron el avance de las obras de la Unidad de Imagenolog\u00eda Compleja del Hospital San Camilo, corroborando que los trabajos avanzan seg\u00fan lo planificado.\" width=\"580\" height=\"359\" srcset=\"https:\/\/i0.wp.com\/eltrabajo.cl\/portal\/wp-content\/uploads\/2020\/05\/resonador_nuclear_magnetico_hospital_san_camilo.jpg?w=580&amp;ssl=1 580w, https:\/\/i0.wp.com\/eltrabajo.cl\/portal\/wp-content\/uploads\/2020\/05\/resonador_nuclear_magnetico_hospital_san_camilo.jpg?resize=300%2C186&amp;ssl=1 300w, https:\/\/i0.wp.com\/eltrabajo.cl\/portal\/wp-content\/uploads\/2020\/05\/resonador_nuclear_magnetico_hospital_san_camilo.jpg?resize=200%2C124&amp;ssl=1 200w, https:\/\/i0.wp.com\/eltrabajo.cl\/portal\/wp-content\/uploads\/2020\/05\/resonador_nuclear_magnetico_hospital_san_camilo.jpg?resize=150%2C93&amp;ssl=1 150w\" sizes=\"auto, (max-width: 580px) 100vw, 580px\" \/><figcaption id=\"caption-attachment-98988\" class=\"wp-caption-text\">Autoridades de Salud revisaron el avance de las obras de la Unidad de Imagenolog\u00eda Compleja del Hospital San Camilo, corroborando que los trabajos avanzan seg\u00fan lo planificado.<\/figcaption><\/figure>\n","protected":false},"excerpt":{"rendered":"<p>Hospital San Camilo: Tras una visita inspectiva, las autoridades del Servicio de Salud confirmaron que el avance de las obras marcha sin retrasos y estar\u00e1 operativo dentro de los primeros meses del&#8230;<\/p>\n","protected":false},"author":482,"featured_media":98988,"comment_status":"closed","ping_status":"closed","sticky":false,"template":"","format":"standard","meta":{"advanced_seo_description":"","jetpack_seo_html_title":"","jetpack_seo_noindex":false,"_jetpack_memberships_contains_paid_content":false,"footnotes":""},"categories":[103],"tags":[],"class_list":["post-98987","post","type-post","status-publish","format-standard","has-post-thumbnail","hentry","category-cronica-2"],"jetpack_featured_media_url":"https:\/\/i0.wp.com\/eltrabajo.cl\/portal\/wp-content\/uploads\/2020\/05\/resonador_nuclear_magnetico_hospital_san_camilo.jpg?fit=580%2C359&ssl=1","jetpack_sharing_enabled":true,"jetpack_likes_enabled":true,"jetpack-related-posts":[],"_links":{"self":[{"href":"https:\/\/eltrabajo.cl\/portal\/wp-json\/wp\/v2\/posts\/98987","targetHints":{"allow":["GET"]}}],"collection":[{"href":"https:\/\/eltrabajo.cl\/portal\/wp-json\/wp\/v2\/posts"}],"about":[{"href":"https:\/\/eltrabajo.cl\/portal\/wp-json\/wp\/v2\/types\/post"}],"author":[{"embeddable":true,"href":"https:\/\/eltrabajo.cl\/portal\/wp-json\/wp\/v2\/users\/482"}],"replies":[{"embeddable":true,"href":"https:\/\/eltrabajo.cl\/portal\/wp-json\/wp\/v2\/comments?post=98987"}],"version-history":[{"count":0,"href":"https:\/\/eltrabajo.cl\/portal\/wp-json\/wp\/v2\/posts\/98987\/revisions"}],"wp:featuredmedia":[{"embeddable":true,"href":"https:\/\/eltrabajo.cl\/portal\/wp-json\/wp\/v2\/media\/98988"}],"wp:attachment":[{"href":"https:\/\/eltrabajo.cl\/portal\/wp-json\/wp\/v2\/media?parent=98987"}],"wp:term":[{"taxonomy":"category","embeddable":true,"href":"https:\/\/eltrabajo.cl\/portal\/wp-json\/wp\/v2\/categories?post=98987"},{"taxonomy":"post_tag","embeddable":true,"href":"https:\/\/eltrabajo.cl\/portal\/wp-json\/wp\/v2\/tags?post=98987"}],"curies":[{"name":"wp","href":"https:\/\/api.w.org\/{rel}","templated":true}]}}