{"id":98993,"date":"2020-05-21T21:32:25","date_gmt":"2020-05-22T01:32:25","guid":{"rendered":"https:\/\/www.eltrabajo.cl\/portal\/?p=98993"},"modified":"2020-05-21T21:32:25","modified_gmt":"2020-05-22T01:32:25","slug":"a-fondo-con-hector-roco-uno-de-los-historicos-de-union-san-felipe","status":"publish","type":"post","link":"https:\/\/eltrabajo.cl\/portal\/a-fondo-con-hector-roco-uno-de-los-historicos-de-union-san-felipe\/","title":{"rendered":"A fondo con H\u00e9ctor Roco: uno de los hist\u00f3ricos de Uni\u00f3n San Felipe"},"content":{"rendered":"<p style=\"text-align: justify;\"><strong>H\u00e9ctor \u2018Tito\u2019 Roco<\/strong> es uno de los referentes y jugadores hist\u00f3ricos de Un\u00ed Un\u00ed m\u00e1s admirados por la parcialidad albirroja. Durante la semana el ex zaguero habl\u00f3 en extenso con <strong>El Trabajo Deportivo<\/strong> para contar algunos pasajes desconocidos de lo que fue su exitosa carrera deportiva.<\/p>\n<p style=\"text-align: justify;\">En la conversaci\u00f3n con nuestro medio, el ex jugador y ahora formador, desclasific\u00f3 temas muy interesantes, como por ejemplo fue su sorpresivo retiro, su bullada renuncia al banco t\u00e9cnico de Uni\u00f3n San Felipe hace unos a\u00f1os, y las ideas que a veces se le vienen a la cabeza para tener su partido de despedida.<\/p>\n<p style=\"text-align: justify;\">El que en su \u00e9poca activa fuera un recio zaguero central, habl\u00f3 del porqu\u00e9 \u00e9l cree se mantiene intacto el cari\u00f1o que la hinchada le expresa. <em>\u00abTengo la suerte que la gente me quiere por lo que hice en todos los clubes en que estuve. San Felipe es distinto, porque ando en la calle y comparto con todos. Nunca niego una conversaci\u00f3n a nadie. Hoy por ejemplo estoy en un proceso muy atractivo en el club en la formaci\u00f3n de los jugadores m\u00e1s peque\u00f1itos. Eso me permite estar en permanente contacto con los padres y apoderados de los ni\u00f1os\u00bb,<\/em> explic\u00f3.<\/p>\n<p style=\"text-align: justify;\">H\u00e9ctor Roco es uno de los pocos jugadores con pasado en el Un\u00ed Un\u00ed que supo de \u00e9xitos en sus dos etapas en el Un\u00ed Un\u00ed. La Primera el a\u00f1o 88 cuando reci\u00e9n despuntaba al profesionalismo, y la segunda el 2000 cuando su carrera ya llegaba a su fin. Es por eso que era interesante interrogarlo respecto a cu\u00e1l de esos exitosos pasos valoraba m\u00e1s. <em>\u00abMe cuesta decidirme por uno. El 88, Hern\u00e1n P\u00e9rez Quijanes (QEPD) nos meti\u00f3 la m\u00edstica que todos recuerdan. \u00c9ramos pura pasi\u00f3n, amor a la camiseta. En esa oportunidad la mayor\u00eda del plantel \u00e9ramos cabros chicos que no nos d\u00e1bamos cuenta de lo que est\u00e1bamos haciendo. La clave fue que disfrutamos mucho jugando. El 2000 tambi\u00e9n fue hermoso porque ya volv\u00ed \u2018hecho\u2019, y con la parte econ\u00f3mica resuelta. En esa ocasi\u00f3n Toro me dijo ser\u00e1s el Capit\u00e1n y tendr\u00e1s que hacerte cargo de los chicos. Ah\u00ed me hice cargo del \u2018Guagua\u2019 V\u00edctor Gonz\u00e1lez (risas). Ese plantel era de peso, y despu\u00e9s se le dio a\u00fan m\u00e1s con la llegada de Jorge P\u00e9rez y Miguel \u00c1ngel Romero. Fueron \u00e9pocas muy distintas, ya que en una \u00e9ramos la sorpresa del torneo y en la otra el equipo a vencer\u00bb,<\/em> confidenci\u00f3.<\/p>\n<p style=\"text-align: justify;\">Para el ahora captador de talentos, uno de los momentos m\u00e1s complejos desde lo emocional fue su abrupto retiro. <em>\u00abNunca hablo mal de las personas, menos de los que me dieron la posibilidad de haber vuelto al club el 2000 (Ra\u00fal Toro). Fue en el partido con la Universidad de Chile en el Nacional. Recuerdo que jugu\u00e9 de manera feliz, casi como un ni\u00f1o. Tal vez present\u00eda que era mi \u00faltimo partido. Fui sustituido al minuto 58; gan\u00e1bamos 1 a 0, y casualidad o no, perdimos 2 a 1. Despu\u00e9s nunca m\u00e1s vest\u00ed de corto. Quiz\u00e1s el destino quiso que mi adi\u00f3s fuera as\u00ed, porque mirando hacia atr\u00e1s lo veo como algo lindo y al mismo tiempo triste\u00bb,<\/em> record\u00f3.<\/p>\n<p style=\"text-align: justify;\">Roco Lucero dej\u00f3 una m\u00e1s que buena impresi\u00f3n cuando le toc\u00f3 asumir el mando del equipo estelar sanfelipe\u00f1o. Es m\u00e1s, sus n\u00fameros fueron muy positivos; entonces porque renunci\u00f3 al cargo. <em>\u00abMi gran error fue no haber entendido los cambios que se estaban generando en el f\u00fatbol chileno con la llegada de las Sociedades An\u00f3nimas. Yo ven\u00eda de otra escuela\u00bb,<\/em> reconoci\u00f3.<\/p>\n<p style=\"text-align: justify;\">En el final de la charla el ex capit\u00e1n no descart\u00f3 la posibilidad de un partido de despedida. <em>\u00abHay algunos (ex compa\u00f1eros) que solo podr\u00edan vestirse de corto porque les cuesta hasta caminar (risas). Qui\u00e9n sabe si alg\u00fan d\u00eda me aventuro, llamo a mis amigos y hacemos algo. Ser\u00eda lindo poder juntar a las generaciones del club que subimos el 88 y el 2000. Creo a la gente le gustar\u00eda eso\u00bb,<\/em> culmin\u00f3.<\/p>\n<p style=\"text-align: justify;\"><strong>Jorge Vega Oses<\/strong><\/p>\n<p>&nbsp;<\/p>\n<figure id=\"attachment_98994\" aria-describedby=\"caption-attachment-98994\" style=\"width: 580px\" class=\"wp-caption alignnone\"><img data-recalc-dims=\"1\" loading=\"lazy\" decoding=\"async\" class=\"size-full wp-image-98994\" src=\"https:\/\/i0.wp.com\/eltrabajo.cl\/portal\/wp-content\/uploads\/2020\/05\/hector_roco.jpg?resize=580%2C360&#038;ssl=1\" alt=\"H\u00e9ctor Roco entrando al campo de juego del Municipal en el partido final del a\u00f1o 2000.\" width=\"580\" height=\"360\" srcset=\"https:\/\/i0.wp.com\/eltrabajo.cl\/portal\/wp-content\/uploads\/2020\/05\/hector_roco.jpg?w=580&amp;ssl=1 580w, https:\/\/i0.wp.com\/eltrabajo.cl\/portal\/wp-content\/uploads\/2020\/05\/hector_roco.jpg?resize=300%2C186&amp;ssl=1 300w, https:\/\/i0.wp.com\/eltrabajo.cl\/portal\/wp-content\/uploads\/2020\/05\/hector_roco.jpg?resize=200%2C124&amp;ssl=1 200w, https:\/\/i0.wp.com\/eltrabajo.cl\/portal\/wp-content\/uploads\/2020\/05\/hector_roco.jpg?resize=150%2C93&amp;ssl=1 150w\" sizes=\"auto, (max-width: 580px) 100vw, 580px\" \/><figcaption id=\"caption-attachment-98994\" class=\"wp-caption-text\">H\u00e9ctor Roco entrando al campo de juego del Municipal en el partido final del a\u00f1o 2000.<\/figcaption><\/figure>\n","protected":false},"excerpt":{"rendered":"<p>H\u00e9ctor \u2018Tito\u2019 Roco es uno de los referentes y jugadores hist\u00f3ricos de Un\u00ed Un\u00ed m\u00e1s admirados por la parcialidad albirroja. Durante la semana el ex zaguero habl\u00f3 en extenso con El Trabajo&#8230;<\/p>\n","protected":false},"author":482,"featured_media":98994,"comment_status":"closed","ping_status":"closed","sticky":false,"template":"","format":"standard","meta":{"advanced_seo_description":"","jetpack_seo_html_title":"","jetpack_seo_noindex":false,"_jetpack_memberships_contains_paid_content":false,"footnotes":""},"categories":[19],"tags":[],"class_list":["post-98993","post","type-post","status-publish","format-standard","has-post-thumbnail","hentry","category-deportes"],"jetpack_featured_media_url":"https:\/\/i0.wp.com\/eltrabajo.cl\/portal\/wp-content\/uploads\/2020\/05\/hector_roco.jpg?fit=580%2C360&ssl=1","jetpack_sharing_enabled":true,"jetpack_likes_enabled":true,"jetpack-related-posts":[],"_links":{"self":[{"href":"https:\/\/eltrabajo.cl\/portal\/wp-json\/wp\/v2\/posts\/98993","targetHints":{"allow":["GET"]}}],"collection":[{"href":"https:\/\/eltrabajo.cl\/portal\/wp-json\/wp\/v2\/posts"}],"about":[{"href":"https:\/\/eltrabajo.cl\/portal\/wp-json\/wp\/v2\/types\/post"}],"author":[{"embeddable":true,"href":"https:\/\/eltrabajo.cl\/portal\/wp-json\/wp\/v2\/users\/482"}],"replies":[{"embeddable":true,"href":"https:\/\/eltrabajo.cl\/portal\/wp-json\/wp\/v2\/comments?post=98993"}],"version-history":[{"count":0,"href":"https:\/\/eltrabajo.cl\/portal\/wp-json\/wp\/v2\/posts\/98993\/revisions"}],"wp:featuredmedia":[{"embeddable":true,"href":"https:\/\/eltrabajo.cl\/portal\/wp-json\/wp\/v2\/media\/98994"}],"wp:attachment":[{"href":"https:\/\/eltrabajo.cl\/portal\/wp-json\/wp\/v2\/media?parent=98993"}],"wp:term":[{"taxonomy":"category","embeddable":true,"href":"https:\/\/eltrabajo.cl\/portal\/wp-json\/wp\/v2\/categories?post=98993"},{"taxonomy":"post_tag","embeddable":true,"href":"https:\/\/eltrabajo.cl\/portal\/wp-json\/wp\/v2\/tags?post=98993"}],"curies":[{"name":"wp","href":"https:\/\/api.w.org\/{rel}","templated":true}]}}