{"id":98996,"date":"2020-05-22T07:45:04","date_gmt":"2020-05-22T11:45:04","guid":{"rendered":"https:\/\/www.eltrabajo.cl\/portal\/?p=98996"},"modified":"2020-05-21T21:39:17","modified_gmt":"2020-05-22T01:39:17","slug":"asaltan-a-conductor-y-le-provocan-corte-de-15-centimetros-en-su-cabeza","status":"publish","type":"post","link":"https:\/\/eltrabajo.cl\/portal\/asaltan-a-conductor-y-le-provocan-corte-de-15-centimetros-en-su-cabeza\/","title":{"rendered":"Asaltan a conductor y le provocan corte de 15 cent\u00edmetros en su cabeza"},"content":{"rendered":"<p style=\"text-align: justify;\"><span style=\"color: #c81400;\"><strong>Violento robo de camioneta en Llay Llay:<\/strong><\/span><\/p>\n<p style=\"text-align: justify;\">Con un corte en la frente de aproximadamente 15 cent\u00edmetros result\u00f3 un joven conductor que fue v\u00edctima de un violento asalto perpetrado por unos tres sujetos en Llay Llay.<\/p>\n<p style=\"text-align: justify;\">El violento hecho delictual se registr\u00f3 el pasado domingo 17 de mayo, a eso de las 19:15 horas en el servicentro Shell de esa comuna, cuando se encontraba junto a otra persona esperando el cami\u00f3n para entregar documentaci\u00f3n bancaria, en una suerte de enlace que realizan en dicho punto, por cuanto \u00e9l trabaja en eso a modo de \u2018pituto\u2019 ya que tiene un trabajo estable en San Felipe como bodeguero de una tienda comercial.<\/p>\n<p style=\"text-align: justify;\">Seg\u00fan nos relat\u00f3 la v\u00edctima, estaban precisamente en ese tr\u00e1mite cuando pudo ver a tres individuos, <em>\u00abuno de ellos ven\u00eda con esos conos que tiene Carabineros, yo estaba con el otro chofer firmando la gu\u00eda de entrega y en eso veo a los tres; uno me asegur\u00f3 al tiro, no s\u00e9 si me \u2018aforr\u00f3\u2019 con el cono o con la cacha de una\u00a0 pistola. Entre forcejo y todo me tiraron al suelo, al otro chofer le pegaron\u00a0 igual, lo tiraron al suelo, quer\u00edan las llaves de un veh\u00edculo. Al final y al cabo se llevaron el cami\u00f3n en que yo andaba, que no es m\u00edo, yo le hice una \u2018paleteda\u2019 a otro ni\u00f1o, \u00e9l me pagaba cierta cantidad de lucas por manejar m\u00e1s que nada, el cami\u00f3n es de V\u00edctor R\u00edos\u00bb,<\/em> dijo <strong>Paulo Lillo<\/strong>, el afectado.<\/p>\n<p style=\"text-align: justify;\">Piensa que debe haber sido con la cacha de una pistola porque le dejaron una herida de 15 cent\u00edmetros en la cabeza, mientras que el otro chofer recibi\u00f3 tambi\u00e9n varios golpes, lo cual tambi\u00e9n es bastante grave pues se trata de una persona de 62 a\u00f1os de edad.<\/p>\n<p style=\"text-align: justify;\">\u00ab<em>El d\u00eda domingo en la tarde me asaltaron en carretera de Llay Llay, pero estoy bien, se llevaron camioneta, mi billetera y una mochila color caf\u00e9 oscuro. Si alguien los encuentra por favor avisar, tengo toda mi documentaci\u00f3n. Por favor ayudar a difundir para encontrar a los que robaron cami\u00f3n\u00a0con una puerta por el costado en Llay Llay, a las 19:15 horas APP, por si alguien los llega a ver por favor\u00a0PATENTE LRFG-86 ME AVISAN\u00bb,<\/em> dice el afectado en su p\u00e1gina de Facebok.<\/p>\n<p style=\"text-align: justify;\">Piensa que puede haber sido un \u2018sapeo\u2019, pensando que transportaban dinero, pero eso no es as\u00ed ya que ellos se dedican al traslado de documentos bancarios e insumos como alcohol gel, por ejemplo: <em>\u00abNosotros tenemos que hacerla corta porque tenemos que virar, as\u00ed nos dec\u00edan\u00bb,<\/em> se\u00f1al\u00f3 la v\u00edctima.<\/p>\n<p style=\"text-align: justify;\">Los delincuentes una vez perpetrado el delito, deben haber escapado hacia el interior de Llay Llay porque estaba la aduana sanitaria y hab\u00eda Carabineros.<\/p>\n<p style=\"text-align: justify;\">\n<figure id=\"attachment_98999\" aria-describedby=\"caption-attachment-98999\" style=\"width: 580px\" class=\"wp-caption alignnone\"><img data-recalc-dims=\"1\" loading=\"lazy\" decoding=\"async\" class=\"size-full wp-image-98999\" src=\"https:\/\/i0.wp.com\/eltrabajo.cl\/portal\/wp-content\/uploads\/2020\/05\/Asalto_Camion.jpg?resize=580%2C359&#038;ssl=1\" alt=\"Esta es la camioneta tres cuartos robada en Llay Llay.\" width=\"580\" height=\"359\" srcset=\"https:\/\/i0.wp.com\/eltrabajo.cl\/portal\/wp-content\/uploads\/2020\/05\/Asalto_Camion.jpg?w=580&amp;ssl=1 580w, https:\/\/i0.wp.com\/eltrabajo.cl\/portal\/wp-content\/uploads\/2020\/05\/Asalto_Camion.jpg?resize=300%2C186&amp;ssl=1 300w, https:\/\/i0.wp.com\/eltrabajo.cl\/portal\/wp-content\/uploads\/2020\/05\/Asalto_Camion.jpg?resize=200%2C124&amp;ssl=1 200w, https:\/\/i0.wp.com\/eltrabajo.cl\/portal\/wp-content\/uploads\/2020\/05\/Asalto_Camion.jpg?resize=150%2C93&amp;ssl=1 150w\" sizes=\"auto, (max-width: 580px) 100vw, 580px\" \/><figcaption id=\"caption-attachment-98999\" class=\"wp-caption-text\">Esta es la camioneta tres cuartos robada en Llay Llay.<\/figcaption><\/figure>\n<figure id=\"attachment_98998\" aria-describedby=\"caption-attachment-98998\" style=\"width: 580px\" class=\"wp-caption alignnone\"><img data-recalc-dims=\"1\" loading=\"lazy\" decoding=\"async\" class=\"size-full wp-image-98998\" src=\"https:\/\/i0.wp.com\/eltrabajo.cl\/portal\/wp-content\/uploads\/2020\/05\/Asalto_Corte.jpg?resize=580%2C700&#038;ssl=1\" alt=\"Un enorme corte de unos 15 cent\u00edmetros en la frente le provocaron los delincuentes a la v\u00edctima.\" width=\"580\" height=\"700\" srcset=\"https:\/\/i0.wp.com\/eltrabajo.cl\/portal\/wp-content\/uploads\/2020\/05\/Asalto_Corte.jpg?w=580&amp;ssl=1 580w, https:\/\/i0.wp.com\/eltrabajo.cl\/portal\/wp-content\/uploads\/2020\/05\/Asalto_Corte.jpg?resize=249%2C300&amp;ssl=1 249w, https:\/\/i0.wp.com\/eltrabajo.cl\/portal\/wp-content\/uploads\/2020\/05\/Asalto_Corte.jpg?resize=124%2C150&amp;ssl=1 124w\" sizes=\"auto, (max-width: 580px) 100vw, 580px\" \/><figcaption id=\"caption-attachment-98998\" class=\"wp-caption-text\">Un enorme corte de unos 15 cent\u00edmetros en la frente le provocaron los delincuentes a la v\u00edctima.<\/figcaption><\/figure>\n","protected":false},"excerpt":{"rendered":"<p>Violento robo de camioneta en Llay Llay: Con un corte en la frente de aproximadamente 15 cent\u00edmetros result\u00f3 un joven conductor que fue v\u00edctima de un violento asalto perpetrado por unos tres&#8230;<\/p>\n","protected":false},"author":482,"featured_media":98997,"comment_status":"closed","ping_status":"closed","sticky":false,"template":"","format":"standard","meta":{"advanced_seo_description":"","jetpack_seo_html_title":"","jetpack_seo_noindex":false,"_jetpack_memberships_contains_paid_content":false,"footnotes":""},"categories":[21],"tags":[],"class_list":["post-98996","post","type-post","status-publish","format-standard","has-post-thumbnail","hentry","category-policial"],"jetpack_featured_media_url":"https:\/\/i0.wp.com\/eltrabajo.cl\/portal\/wp-content\/uploads\/2020\/05\/Asalto_Corte-copia.jpg?fit=580%2C358&ssl=1","jetpack_sharing_enabled":true,"jetpack_likes_enabled":true,"jetpack-related-posts":[],"_links":{"self":[{"href":"https:\/\/eltrabajo.cl\/portal\/wp-json\/wp\/v2\/posts\/98996","targetHints":{"allow":["GET"]}}],"collection":[{"href":"https:\/\/eltrabajo.cl\/portal\/wp-json\/wp\/v2\/posts"}],"about":[{"href":"https:\/\/eltrabajo.cl\/portal\/wp-json\/wp\/v2\/types\/post"}],"author":[{"embeddable":true,"href":"https:\/\/eltrabajo.cl\/portal\/wp-json\/wp\/v2\/users\/482"}],"replies":[{"embeddable":true,"href":"https:\/\/eltrabajo.cl\/portal\/wp-json\/wp\/v2\/comments?post=98996"}],"version-history":[{"count":0,"href":"https:\/\/eltrabajo.cl\/portal\/wp-json\/wp\/v2\/posts\/98996\/revisions"}],"wp:featuredmedia":[{"embeddable":true,"href":"https:\/\/eltrabajo.cl\/portal\/wp-json\/wp\/v2\/media\/98997"}],"wp:attachment":[{"href":"https:\/\/eltrabajo.cl\/portal\/wp-json\/wp\/v2\/media?parent=98996"}],"wp:term":[{"taxonomy":"category","embeddable":true,"href":"https:\/\/eltrabajo.cl\/portal\/wp-json\/wp\/v2\/categories?post=98996"},{"taxonomy":"post_tag","embeddable":true,"href":"https:\/\/eltrabajo.cl\/portal\/wp-json\/wp\/v2\/tags?post=98996"}],"curies":[{"name":"wp","href":"https:\/\/api.w.org\/{rel}","templated":true}]}}