{"id":99002,"date":"2020-05-22T07:50:29","date_gmt":"2020-05-22T11:50:29","guid":{"rendered":"https:\/\/www.eltrabajo.cl\/portal\/?p=99002"},"modified":"2020-05-21T21:43:32","modified_gmt":"2020-05-22T01:43:32","slug":"cancer-de-ojo-finalmente-acabo-con-la-vida-de-fernanda-ordonez","status":"publish","type":"post","link":"https:\/\/eltrabajo.cl\/portal\/cancer-de-ojo-finalmente-acabo-con-la-vida-de-fernanda-ordonez\/","title":{"rendered":"C\u00e1ncer de ojo finalmente acab\u00f3 con la vida de Fernanda Ord\u00f3\u00f1ez"},"content":{"rendered":"<p><span style=\"color: #c81400;\"><strong>Ser\u00e1 sepultada este s\u00e1bado a las 10:30 horas:<\/strong><\/span><\/p>\n<p>Nunca dej\u00f3 de luchar por su vida y sus hijos, realiz\u00f3 cuanta campa\u00f1a solidaria le fue posible para vencer el c\u00e1ncer de ojo que le afectaba desde hace varios a\u00f1os y que finalmente le arrebat\u00f3 la vida. Lamentablemente la joven madre de 32 a\u00f1os de edad, <strong>Fernanda Ord\u00f3\u00f1ez Ruiz<\/strong>, vecina de Villa El Se\u00f1orial, muri\u00f3 y est\u00e1 siendo velada en su casa de habitaci\u00f3n.<\/p>\n<p>En <strong>Diario El Trabajo<\/strong> en varias oportunidades nos unimos a los esfuerzos de su familia dirigidos a sacarla adelante, hoy sin embargo esa batalla se perdi\u00f3. Fernanda era estilista local y dej\u00f3 dos hijos, ahora al cuidado de sus abuelos: <strong>Le\u00f3n<\/strong>, de 6 a\u00f1os de edad, y <strong>Colomba<\/strong> de solo 3 a\u00f1os.<\/p>\n<p>\u00ab\u2026<em>lamentablemente padezco de un c\u00e1ncer extremadamente agresivo, es un carcinoma adenoidea qu\u00edstico ubicado en los lagrimales de mi ojo derecho, despu\u00e9s de muchas resonancias magn\u00e9ticas de \u00f3rbita la Junta M\u00e9dica del Hospital Carlos Van Buren determin\u00f3 que mi c\u00e1ncer es irreversible y no tiene cura. S\u00f3lo pueden ayudarme con morfina para el dolor cada seis horas, y un par de horas al psiquiatra para soportar el shock de la noticia. Pero como no pienso rendirme ni bajar los brazos por la vida de mis hijos y la m\u00eda, buscamos una segunda opini\u00f3n en Fundaci\u00f3n Arturo L\u00f3pez P\u00e9rez<\/em> (FALP), <em>en la cual me han dado una esperanza de realizarme una cirug\u00eda y radioterapia, las cuales tienen un valor que no est\u00e1 a mi alcance. Estamos organizando bingos, vendemos rifas<\/em>\u00bb<em>, <\/em>hab\u00eda comentado Fernanda el a\u00f1o pasado cuando dimos a conocer su historia.<\/p>\n<p>En esa oportunidad la noticia y un video que ella misma grab\u00f3 en el Hospital San Camilo, se hizo viral en pocas horas, recibiendo mucho apoyo de nuestros lectores y tambi\u00e9n de amistades de la chica. Fernanda Ord\u00f3\u00f1ez ser\u00e1 sepultada este <strong>s\u00e1bado a las 10:30 horas<\/strong> en el Cementerio Parque Almendral en La Troya, donde se realizar\u00e1 un Responso cat\u00f3lico.<\/p>\n<p><strong>Roberto Gonz\u00e1lez Short<\/strong><\/p>\n<p>&nbsp;<\/p>\n<figure id=\"attachment_99005\" aria-describedby=\"caption-attachment-99005\" style=\"width: 580px\" class=\"wp-caption alignnone\"><img data-recalc-dims=\"1\" loading=\"lazy\" decoding=\"async\" class=\"size-full wp-image-99005\" src=\"https:\/\/i0.wp.com\/eltrabajo.cl\/portal\/wp-content\/uploads\/2020\/05\/Fernanda1.jpg?resize=580%2C360&#038;ssl=1\" alt=\"SIEMPRE LA APOYARON.- Los padres de Fernanda, do\u00f1a Lidia y don Marco siempre estuvieron al lado de su hija y sus peque\u00f1os hijos, no lograron liberarla de su destino. (Archivo)\" width=\"580\" height=\"360\" srcset=\"https:\/\/i0.wp.com\/eltrabajo.cl\/portal\/wp-content\/uploads\/2020\/05\/Fernanda1.jpg?w=580&amp;ssl=1 580w, https:\/\/i0.wp.com\/eltrabajo.cl\/portal\/wp-content\/uploads\/2020\/05\/Fernanda1.jpg?resize=300%2C186&amp;ssl=1 300w, https:\/\/i0.wp.com\/eltrabajo.cl\/portal\/wp-content\/uploads\/2020\/05\/Fernanda1.jpg?resize=200%2C124&amp;ssl=1 200w, https:\/\/i0.wp.com\/eltrabajo.cl\/portal\/wp-content\/uploads\/2020\/05\/Fernanda1.jpg?resize=150%2C93&amp;ssl=1 150w\" sizes=\"auto, (max-width: 580px) 100vw, 580px\" \/><figcaption id=\"caption-attachment-99005\" class=\"wp-caption-text\">SIEMPRE LA APOYARON.- Los padres de Fernanda, do\u00f1a Lidia y don Marco siempre estuvieron al lado de su hija y sus peque\u00f1os hijos, no lograron liberarla de su destino. (Archivo)<\/figcaption><\/figure>\n<figure id=\"attachment_99004\" aria-describedby=\"caption-attachment-99004\" style=\"width: 580px\" class=\"wp-caption alignnone\"><img data-recalc-dims=\"1\" loading=\"lazy\" decoding=\"async\" class=\"size-full wp-image-99004\" src=\"https:\/\/i0.wp.com\/eltrabajo.cl\/portal\/wp-content\/uploads\/2020\/05\/Fernanda_Fernanda-Ordonez.jpg?resize=580%2C700&#038;ssl=1\" alt=\"JOVEN LUCHADORA.- Fernanda Ord\u00f3\u00f1ez Ruiz, estilista sanfelipe\u00f1a que a la edad de 32 a\u00f1os perdi\u00f3 la vida frente a un c\u00e1ncer inoperable.\" width=\"580\" height=\"700\" srcset=\"https:\/\/i0.wp.com\/eltrabajo.cl\/portal\/wp-content\/uploads\/2020\/05\/Fernanda_Fernanda-Ordonez.jpg?w=580&amp;ssl=1 580w, https:\/\/i0.wp.com\/eltrabajo.cl\/portal\/wp-content\/uploads\/2020\/05\/Fernanda_Fernanda-Ordonez.jpg?resize=249%2C300&amp;ssl=1 249w, https:\/\/i0.wp.com\/eltrabajo.cl\/portal\/wp-content\/uploads\/2020\/05\/Fernanda_Fernanda-Ordonez.jpg?resize=124%2C150&amp;ssl=1 124w\" sizes=\"auto, (max-width: 580px) 100vw, 580px\" \/><figcaption id=\"caption-attachment-99004\" class=\"wp-caption-text\">JOVEN LUCHADORA.- Fernanda Ord\u00f3\u00f1ez Ruiz, estilista sanfelipe\u00f1a que a la edad de 32 a\u00f1os perdi\u00f3 la vida frente a un c\u00e1ncer inoperable.<\/figcaption><\/figure>\n","protected":false},"excerpt":{"rendered":"<p>Ser\u00e1 sepultada este s\u00e1bado a las 10:30 horas: Nunca dej\u00f3 de luchar por su vida y sus hijos, realiz\u00f3 cuanta campa\u00f1a solidaria le fue posible para vencer el c\u00e1ncer de ojo que&#8230;<\/p>\n","protected":false},"author":482,"featured_media":99003,"comment_status":"closed","ping_status":"closed","sticky":false,"template":"","format":"standard","meta":{"advanced_seo_description":"","jetpack_seo_html_title":"","jetpack_seo_noindex":false,"_jetpack_memberships_contains_paid_content":false,"footnotes":""},"categories":[15],"tags":[],"class_list":["post-99002","post","type-post","status-publish","format-standard","has-post-thumbnail","hentry","category-comunidad"],"jetpack_featured_media_url":"https:\/\/i0.wp.com\/eltrabajo.cl\/portal\/wp-content\/uploads\/2020\/05\/Fernanda_Fernanda-Ordonez-copia.jpg?fit=580%2C359&ssl=1","jetpack_sharing_enabled":true,"jetpack_likes_enabled":true,"jetpack-related-posts":[],"_links":{"self":[{"href":"https:\/\/eltrabajo.cl\/portal\/wp-json\/wp\/v2\/posts\/99002","targetHints":{"allow":["GET"]}}],"collection":[{"href":"https:\/\/eltrabajo.cl\/portal\/wp-json\/wp\/v2\/posts"}],"about":[{"href":"https:\/\/eltrabajo.cl\/portal\/wp-json\/wp\/v2\/types\/post"}],"author":[{"embeddable":true,"href":"https:\/\/eltrabajo.cl\/portal\/wp-json\/wp\/v2\/users\/482"}],"replies":[{"embeddable":true,"href":"https:\/\/eltrabajo.cl\/portal\/wp-json\/wp\/v2\/comments?post=99002"}],"version-history":[{"count":0,"href":"https:\/\/eltrabajo.cl\/portal\/wp-json\/wp\/v2\/posts\/99002\/revisions"}],"wp:featuredmedia":[{"embeddable":true,"href":"https:\/\/eltrabajo.cl\/portal\/wp-json\/wp\/v2\/media\/99003"}],"wp:attachment":[{"href":"https:\/\/eltrabajo.cl\/portal\/wp-json\/wp\/v2\/media?parent=99002"}],"wp:term":[{"taxonomy":"category","embeddable":true,"href":"https:\/\/eltrabajo.cl\/portal\/wp-json\/wp\/v2\/categories?post=99002"},{"taxonomy":"post_tag","embeddable":true,"href":"https:\/\/eltrabajo.cl\/portal\/wp-json\/wp\/v2\/tags?post=99002"}],"curies":[{"name":"wp","href":"https:\/\/api.w.org\/{rel}","templated":true}]}}