{"id":99007,"date":"2020-05-22T07:55:44","date_gmt":"2020-05-22T11:55:44","guid":{"rendered":"https:\/\/www.eltrabajo.cl\/portal\/?p=99007"},"modified":"2020-05-21T21:48:01","modified_gmt":"2020-05-22T01:48:01","slug":"familias-se-tomarian-terreno-para-instalar-mediaguas-mientras-dure-pandemia","status":"publish","type":"post","link":"https:\/\/eltrabajo.cl\/portal\/familias-se-tomarian-terreno-para-instalar-mediaguas-mientras-dure-pandemia\/","title":{"rendered":"Familias se tomar\u00edan terreno para instalar mediaguas  mientras dure pandemia"},"content":{"rendered":"<p style=\"text-align: justify;\"><span style=\"color: #c81400;\"><strong>No tienen trabajo ni dinero para seguir pagando arriendo:<\/strong><\/span><\/p>\n<p style=\"text-align: justify;\">Un grupo compuesto por 14 familias est\u00e1n dispuestas, como un gesto de desesperaci\u00f3n, a tomarse un terreno ubicado entre Villa Departamental y Villa Yevide e instalar ah\u00ed mediaguas para poder vivir mientras pase la pandemia. Esto debido a que no tienen plata para seguir pagando los arriendos, lo que ha llevado a que los due\u00f1os les est\u00e1n pidiendo los departamentos. Todo por la falta de trabajo.<\/p>\n<p style=\"text-align: justify;\">Justifican su accionar indicando que este terreno ha estado abandonado por m\u00e1s de 25 a\u00f1os y sirve para cometer actos delictivos.<\/p>\n<p style=\"text-align: justify;\">La vocera de las familias, <strong>Estefany Ponce<\/strong>, ratifica lo anterior: <em>\u00abDespu\u00e9s de 25 a\u00f1os los due\u00f1os vienen a reclamar el terreno, ahora que est\u00e1 limpio, ac\u00e1 se ocupaba para basurero. Las 14 familias quieren hacer toma de este terreno para poder vivir porque los due\u00f1os les est\u00e1n pidiendo sus departamentos, para poder venirse a vivir por la contingencia\u2026 van a quedar en la calle, por eso se est\u00e1n tomando este terreno y los due\u00f1os vienen con sus abogados a supuestamente quitarles el terreno que nos estamos tomando nosotros\u00bb,<\/em> dijo Estefany Ponce.<\/p>\n<p style=\"text-align: justify;\">&#8211; <strong>\u00bfCuando termine la limpieza piensan instalarse ustedes?<\/strong><\/p>\n<p style=\"text-align: justify;\">&#8211; La limpieza termina hoy d\u00eda y se levanta el campamento pandemia.<\/p>\n<p style=\"text-align: justify;\">Reconocen que una toma es ilegal, pero la desesperaci\u00f3n en estos momentos puede m\u00e1s: <em>\u00abEs ilegal, nosotros investigamos, hemos hablado con abogado, investigado el tema, no es que nos vayamos a tomar de por vida este terreno, sino que es por la contingencia solamente, es mientras pase la pandemia, despu\u00e9s encontrar, regularizar un arriendo, no es que nos vamos a tomar esto dos o tres a\u00f1os. Tanto la poblaci\u00f3n Yevide como la Villa Departamental est\u00e1n de acuerdo en que las 14 familias se est\u00e9n tomando este terreno, porque como les expliqu\u00e9 anteriormente, este terreno ha sido usado para asaltos, motel clandestino, basurales, se presta para mucho, entonces ahora va a haber gente y solo van a transitar las familias que est\u00e1n ac\u00e1\u00bb.<\/em><\/p>\n<p style=\"text-align: justify;\">&#8211; <strong>\u00bfDespu\u00e9s piensan buscar una soluci\u00f3n habitacional definitiva por parte de las autoridades?<\/strong><\/p>\n<p style=\"text-align: justify;\">&#8211; Obviamente queremos tener una reuni\u00f3n con el alcalde para que les preste ayuda a las 14 familias que se van a tomar ac\u00e1.<\/p>\n<p>&nbsp;<\/p>\n<p style=\"text-align: justify;\"><span style=\"color: #c81400;\"><strong>TESTIMONIOS<\/strong><\/span><\/p>\n<p style=\"text-align: justify;\">Una de las personas que piensa instalarse en el lugar es <strong>Sandra Medina<\/strong>, quien dice que es temporera: <em>\u00abNo tenemos plata para pagar los arriendos, estamos viviendo con lo que nos queda para comer, alcanzamos a juntar algo\u00a0 de mercader\u00eda, yo fui a pedir ayuda al municipio, me dejaron anotada, ya voy para el mes y no llega ayuda, no llega mercader\u00eda tampoco\u00bb,<\/em> dijo.<\/p>\n<p style=\"text-align: justify;\">&#8211; <strong>\u00bfEst\u00e1n haciendo olla com\u00fan?<\/strong><\/p>\n<p style=\"text-align: justify;\">&#8211; S\u00ed, porque nos estamos cuidando todos del pedazo que nos estamos tomando y no le vamos a hacer da\u00f1o a nadie. Lo \u00fanico que queremos es instalar algo con un techito para los ni\u00f1os, poder vivir y que pase todo lo que tiene que pasar y despu\u00e9s volver a la normalidad, tener trabajo y volver a arrendar.<\/p>\n<p style=\"text-align: justify;\">En tanto <strong>V\u00edctor Costa<\/strong> dice que debe tres meses de luz y agua; <em>\u00abel arriendo que tuvimos que mover algo por ah\u00ed, yo ten\u00eda unos ahorritos en el banco, fui y los saqu\u00e9 y ahorr\u00e9 cien mil pesos porque me cobran ciento sesenta lucas el departamento, no tengo m\u00e1s\u2026 no he trabajado hace dos meses, toda la platita que junt\u00e9 durante la temporada se termin\u00f3 \u00bfAhora d\u00f3nde tenemos que vivir?, tenemos que tomarnos algo para poder venirnos a vivir, ac\u00e1 lo que nosotros vamos a hacer es una media agua, nada m\u00e1s. Ahora el agua, la luz, eso no s\u00e9 c\u00f3mo lo vamos a hacer, pero tenemos que solucionar esos problemas entre todo el grupito que estamos, porque somos\u2026 15 familias que estamos ac\u00e1, no soy s\u00f3lo yo, mi familia es mi se\u00f1ora y una ni\u00f1ita, ella tiene una ni\u00f1ita chica, y claro hay mucha desesperaci\u00f3n y estamos pasando hambre porque ya se nos est\u00e1n terminando los v\u00edveres. Las se\u00f1oras van a la municipalidad, les dejan el n\u00famero de tel\u00e9fono para llamarlas y no solucionan nada\u00bb,<\/em> se\u00f1al\u00f3.<\/p>\n<p style=\"text-align: justify;\">Otra vecina, <strong>Laura V\u00e1squez<\/strong>, dijo a nuestro medio estar en las mismas condiciones <em>\u00abde las compa\u00f1eras porque no hay trabajo, yo soy sola, tambi\u00e9n estoy enferma de la columna, ahora por la edad no me dan trabajo porque en todos lados est\u00e1n recibiendo menos de 60 a\u00f1os. Esta es la \u00fanica soluci\u00f3n que vemos por ahora y tenemos que hacerlo porque no tenemos como pagar arriendo, y la gente que est\u00e1 ac\u00e1 estamos con esfuerzo limpiando el terrenito porque ya no podemos pagar arriendo y la gente est\u00e1 pidiendo las casas, los departamentos, yo ya llevo dos meses que no pago, estoy en eso, no hay pega, no tenemos trabajo\u2026 no hay nada. Para alimentarme estamos con una olla com\u00fan entre todas ponemos algo y hacemos comida\u2026 porotos, tallarines, todo eso hacemos\u00bb,<\/em> se\u00f1al\u00f3.<\/p>\n<p style=\"text-align: justify;\">Cabe destacar que por antecedentes obtenidos por nuestro medio, el terreno corresponder\u00eda a la inmobiliaria Bartolom\u00e9.<\/p>\n<figure id=\"attachment_99008\" aria-describedby=\"caption-attachment-99008\" style=\"width: 580px\" class=\"wp-caption alignnone\"><img data-recalc-dims=\"1\" loading=\"lazy\" decoding=\"async\" class=\"size-full wp-image-99008\" src=\"https:\/\/i0.wp.com\/eltrabajo.cl\/portal\/wp-content\/uploads\/2020\/05\/Vecinos-Portada.jpg?resize=580%2C359&#038;ssl=1\" alt=\"El grupo de vecinos que est\u00e1 dispuesto a tomarse el terreno para vivir mientras dure la pandemia.\" width=\"580\" height=\"359\" srcset=\"https:\/\/i0.wp.com\/eltrabajo.cl\/portal\/wp-content\/uploads\/2020\/05\/Vecinos-Portada.jpg?w=580&amp;ssl=1 580w, https:\/\/i0.wp.com\/eltrabajo.cl\/portal\/wp-content\/uploads\/2020\/05\/Vecinos-Portada.jpg?resize=300%2C186&amp;ssl=1 300w, https:\/\/i0.wp.com\/eltrabajo.cl\/portal\/wp-content\/uploads\/2020\/05\/Vecinos-Portada.jpg?resize=200%2C124&amp;ssl=1 200w, https:\/\/i0.wp.com\/eltrabajo.cl\/portal\/wp-content\/uploads\/2020\/05\/Vecinos-Portada.jpg?resize=150%2C93&amp;ssl=1 150w\" sizes=\"auto, (max-width: 580px) 100vw, 580px\" \/><figcaption id=\"caption-attachment-99008\" class=\"wp-caption-text\">El grupo de vecinos que est\u00e1 dispuesto a tomarse el terreno para vivir mientras dure la pandemia.<\/figcaption><\/figure>\n","protected":false},"excerpt":{"rendered":"<p>No tienen trabajo ni dinero para seguir pagando arriendo: Un grupo compuesto por 14 familias est\u00e1n dispuestas, como un gesto de desesperaci\u00f3n, a tomarse un terreno ubicado entre Villa Departamental y Villa&#8230;<\/p>\n","protected":false},"author":482,"featured_media":99008,"comment_status":"closed","ping_status":"closed","sticky":false,"template":"","format":"standard","meta":{"advanced_seo_description":"","jetpack_seo_html_title":"","jetpack_seo_noindex":false,"_jetpack_memberships_contains_paid_content":false,"footnotes":""},"categories":[15],"tags":[],"class_list":["post-99007","post","type-post","status-publish","format-standard","has-post-thumbnail","hentry","category-comunidad"],"jetpack_featured_media_url":"https:\/\/i0.wp.com\/eltrabajo.cl\/portal\/wp-content\/uploads\/2020\/05\/Vecinos-Portada.jpg?fit=580%2C359&ssl=1","jetpack_sharing_enabled":true,"jetpack_likes_enabled":true,"jetpack-related-posts":[],"_links":{"self":[{"href":"https:\/\/eltrabajo.cl\/portal\/wp-json\/wp\/v2\/posts\/99007","targetHints":{"allow":["GET"]}}],"collection":[{"href":"https:\/\/eltrabajo.cl\/portal\/wp-json\/wp\/v2\/posts"}],"about":[{"href":"https:\/\/eltrabajo.cl\/portal\/wp-json\/wp\/v2\/types\/post"}],"author":[{"embeddable":true,"href":"https:\/\/eltrabajo.cl\/portal\/wp-json\/wp\/v2\/users\/482"}],"replies":[{"embeddable":true,"href":"https:\/\/eltrabajo.cl\/portal\/wp-json\/wp\/v2\/comments?post=99007"}],"version-history":[{"count":0,"href":"https:\/\/eltrabajo.cl\/portal\/wp-json\/wp\/v2\/posts\/99007\/revisions"}],"wp:featuredmedia":[{"embeddable":true,"href":"https:\/\/eltrabajo.cl\/portal\/wp-json\/wp\/v2\/media\/99008"}],"wp:attachment":[{"href":"https:\/\/eltrabajo.cl\/portal\/wp-json\/wp\/v2\/media?parent=99007"}],"wp:term":[{"taxonomy":"category","embeddable":true,"href":"https:\/\/eltrabajo.cl\/portal\/wp-json\/wp\/v2\/categories?post=99007"},{"taxonomy":"post_tag","embeddable":true,"href":"https:\/\/eltrabajo.cl\/portal\/wp-json\/wp\/v2\/tags?post=99007"}],"curies":[{"name":"wp","href":"https:\/\/api.w.org\/{rel}","templated":true}]}}