{"id":99012,"date":"2020-05-22T08:00:30","date_gmt":"2020-05-22T12:00:30","guid":{"rendered":"https:\/\/www.eltrabajo.cl\/portal\/?p=99012"},"modified":"2020-05-21T21:59:01","modified_gmt":"2020-05-22T01:59:01","slug":"ya-son-248-casos-positivos-de-contagios-por-covid-19-en-el-valle-de-aconcagua","status":"publish","type":"post","link":"https:\/\/eltrabajo.cl\/portal\/ya-son-248-casos-positivos-de-contagios-por-covid-19-en-el-valle-de-aconcagua\/","title":{"rendered":"Ya son 248 casos positivos de contagios por Covid-19 en el Valle de Aconcagua"},"content":{"rendered":"<p style=\"text-align: justify;\"><span style=\"color: #c81400;\"><strong>\u00daltimo reporte recoge 32 nuevos contagiados en un d\u00eda:<\/strong><\/span><\/p>\n<p style=\"text-align: justify;\">Un importante aumento en el n\u00famero diario de nuevos contagios est\u00e1 registrando el Valle de Aconcagua, donde en el \u00faltimo reporte regional entregado por el Seremi de Salud Quinta Regi\u00f3n, Francisco \u00c1lvarez, Aconcagua presenta 32 nuevos casos, en tanto en el anterior reporte fueron 38.<\/p>\n<p style=\"text-align: justify;\">De esta manera y seg\u00fan las cifras oficiales entregadas por el Seremi, el Valle de Aconcagua suma hasta ahora 248 casos, los cuales corresponden de mayor a menor a las siguientes comunas:<\/p>\n<p style=\"text-align: justify;\"><strong>San Felipe\u00a0\u00a0\u00a0\u00a0\u00a0\u00a0\u00a0\u00a0\u00a0\u00a0 67<\/strong><\/p>\n<p style=\"text-align: justify;\"><strong>Los Andes\u00a0\u00a0\u00a0\u00a0\u00a0\u00a0\u00a0\u00a0\u00a0\u00a0 65<\/strong><\/p>\n<p style=\"text-align: justify;\">Llay Llay\u00a0\u00a0\u00a0\u00a0\u00a0\u00a0\u00a0\u00a0\u00a0\u00a0\u00a0\u00a0\u00a0\u00a0 30<\/p>\n<p style=\"text-align: justify;\">Santa Mar\u00eda\u00a0\u00a0\u00a0\u00a0\u00a0\u00a0 23<\/p>\n<p style=\"text-align: justify;\">Putaendo\u00a0\u00a0\u00a0\u00a0\u00a0\u00a0\u00a0\u00a0\u00a0\u00a0 22<\/p>\n<p style=\"text-align: justify;\">Llay Llay\u00a0\u00a0\u00a0\u00a0\u00a0\u00a0\u00a0\u00a0\u00a0\u00a0\u00a0\u00a0\u00a0\u00a0 14<\/p>\n<p style=\"text-align: justify;\">San Esteban\u00a0\u00a0\u00a0\u00a0\u00a0\u00a0 14<\/p>\n<p style=\"text-align: justify;\">Rinconada\u00a0\u00a0\u00a0\u00a0\u00a0\u00a0\u00a0\u00a0\u00a0 06<\/p>\n<p style=\"text-align: justify;\">Catemu\u00a0\u00a0\u00a0\u00a0\u00a0\u00a0\u00a0\u00a0\u00a0\u00a0\u00a0\u00a0\u00a0\u00a0 04<\/p>\n<p style=\"text-align: justify;\">Panquehue\u00a0\u00a0\u00a0\u00a0\u00a0\u00a0\u00a0 03<\/p>\n<p style=\"text-align: justify;\"><strong>TOTAL\u00a0\u00a0 248<\/strong><\/p>\n<p style=\"text-align: justify;\">Respecto al reporte de nuevos casos registrados entre las 21 horas del martes a las 21 horas del mi\u00e9rcoles pasado, estos corresponden a San Felipe con 14 casos, Los Andes con 6, Llay-Llay 5, Putaendo 2, Panquehue 2, Santa Mar\u00eda 2, San Esteban 1.<\/p>\n<figure id=\"attachment_99014\" aria-describedby=\"caption-attachment-99014\" style=\"width: 580px\" class=\"wp-caption alignnone\"><a href=\"https:\/\/i0.wp.com\/eltrabajo.cl\/portal\/wp-content\/uploads\/2020\/05\/cuadro-covid-19-2.jpg?ssl=1\"><img data-recalc-dims=\"1\" loading=\"lazy\" decoding=\"async\" class=\"wp-image-99014 size-full\" src=\"https:\/\/i0.wp.com\/eltrabajo.cl\/portal\/wp-content\/uploads\/2020\/05\/cuadro-covid-19.jpg?resize=580%2C359&#038;ssl=1\" alt=\"El cuadro de casos para toda la Quinta Regi\u00f3n, donde San Felipe figura en el sexto lugar con 67 casos (izquierda)\" width=\"580\" height=\"359\" srcset=\"https:\/\/i0.wp.com\/eltrabajo.cl\/portal\/wp-content\/uploads\/2020\/05\/cuadro-covid-19.jpg?w=580&amp;ssl=1 580w, https:\/\/i0.wp.com\/eltrabajo.cl\/portal\/wp-content\/uploads\/2020\/05\/cuadro-covid-19.jpg?resize=300%2C186&amp;ssl=1 300w, https:\/\/i0.wp.com\/eltrabajo.cl\/portal\/wp-content\/uploads\/2020\/05\/cuadro-covid-19.jpg?resize=200%2C124&amp;ssl=1 200w, https:\/\/i0.wp.com\/eltrabajo.cl\/portal\/wp-content\/uploads\/2020\/05\/cuadro-covid-19.jpg?resize=150%2C93&amp;ssl=1 150w\" sizes=\"auto, (max-width: 580px) 100vw, 580px\" \/><\/a><figcaption id=\"caption-attachment-99014\" class=\"wp-caption-text\">El cuadro de casos para toda la Quinta Regi\u00f3n, donde San Felipe figura en el sexto lugar con 67 casos (izquierda)<\/figcaption><\/figure>\n","protected":false},"excerpt":{"rendered":"<p>\u00daltimo reporte recoge 32 nuevos contagiados en un d\u00eda: Un importante aumento en el n\u00famero diario de nuevos contagios est\u00e1 registrando el Valle de Aconcagua, donde en el \u00faltimo reporte regional entregado&#8230;<\/p>\n","protected":false},"author":482,"featured_media":99014,"comment_status":"closed","ping_status":"closed","sticky":false,"template":"","format":"standard","meta":{"advanced_seo_description":"","jetpack_seo_html_title":"","jetpack_seo_noindex":false,"_jetpack_memberships_contains_paid_content":false,"footnotes":""},"categories":[103],"tags":[],"class_list":["post-99012","post","type-post","status-publish","format-standard","has-post-thumbnail","hentry","category-cronica-2"],"jetpack_featured_media_url":"https:\/\/i0.wp.com\/eltrabajo.cl\/portal\/wp-content\/uploads\/2020\/05\/cuadro-covid-19.jpg?fit=580%2C359&ssl=1","jetpack_sharing_enabled":true,"jetpack_likes_enabled":true,"jetpack-related-posts":[],"_links":{"self":[{"href":"https:\/\/eltrabajo.cl\/portal\/wp-json\/wp\/v2\/posts\/99012","targetHints":{"allow":["GET"]}}],"collection":[{"href":"https:\/\/eltrabajo.cl\/portal\/wp-json\/wp\/v2\/posts"}],"about":[{"href":"https:\/\/eltrabajo.cl\/portal\/wp-json\/wp\/v2\/types\/post"}],"author":[{"embeddable":true,"href":"https:\/\/eltrabajo.cl\/portal\/wp-json\/wp\/v2\/users\/482"}],"replies":[{"embeddable":true,"href":"https:\/\/eltrabajo.cl\/portal\/wp-json\/wp\/v2\/comments?post=99012"}],"version-history":[{"count":0,"href":"https:\/\/eltrabajo.cl\/portal\/wp-json\/wp\/v2\/posts\/99012\/revisions"}],"wp:featuredmedia":[{"embeddable":true,"href":"https:\/\/eltrabajo.cl\/portal\/wp-json\/wp\/v2\/media\/99014"}],"wp:attachment":[{"href":"https:\/\/eltrabajo.cl\/portal\/wp-json\/wp\/v2\/media?parent=99012"}],"wp:term":[{"taxonomy":"category","embeddable":true,"href":"https:\/\/eltrabajo.cl\/portal\/wp-json\/wp\/v2\/categories?post=99012"},{"taxonomy":"post_tag","embeddable":true,"href":"https:\/\/eltrabajo.cl\/portal\/wp-json\/wp\/v2\/tags?post=99012"}],"curies":[{"name":"wp","href":"https:\/\/api.w.org\/{rel}","templated":true}]}}