{"id":99029,"date":"2020-05-24T22:46:58","date_gmt":"2020-05-25T02:46:58","guid":{"rendered":"https:\/\/www.eltrabajo.cl\/portal\/?p=99029"},"modified":"2020-05-24T22:47:21","modified_gmt":"2020-05-25T02:47:21","slug":"el-futbol-esta-proximo-a-volver","status":"publish","type":"post","link":"https:\/\/eltrabajo.cl\/portal\/el-futbol-esta-proximo-a-volver\/","title":{"rendered":"El f\u00fatbol est\u00e1 pr\u00f3ximo a volver"},"content":{"rendered":"<p style=\"text-align: justify;\">El gerente general de ligas profesionales de la ANFP, <strong>Rodrigo Robles<\/strong>, ratific\u00f3 que dentro de los pr\u00f3ximos d\u00edas, varios equipos nacionales podr\u00e1n volver a los entrenamientos; siempre y cuando la autoridad sanitaria curse los permisos respectivos, dependiendo de la realidad que viva cada regi\u00f3n por la pandemia del Coronavirus Covid-19.<\/p>\n<p style=\"text-align: justify;\">\u00ab<em>Estamos conscientes que la situaci\u00f3n en Regi\u00f3n Metropolitana es compleja, pero no por eso dejaremos de avanzar en el plan de retorno<\/em>\u00bb, afirm\u00f3 el ejecutivo.<\/p>\n<p style=\"text-align: justify;\">Robles se\u00f1al\u00f3 que para dar este paso adelante ha resultado fundamental las experiencias que se est\u00e1n viviendo en Europa, donde los equipos ya entrenan y una liga (alemana) definitivamente ya retorn\u00f3; eso s\u00ed, lo que el directivo pas\u00f3 por alto es que en esa parte del mundo la pandemia ya est\u00e1 medianamente controlada. Cosa muy distinta a lo que pasa en Chile y el resto de Sudam\u00e9rica.<\/p>\n<p style=\"text-align: justify;\">Otro dato interesante que entreg\u00f3 el gerente es que la ANFP, es parte de la mesa Covid-19 del Ministerio del Deporte, lo que les permite trabajar tambi\u00e9n en el regreso de los torneos de F\u00fatbol Joven y Femenino.<\/p>\n<p style=\"text-align: justify;\">De concretarse todo Uni\u00f3n San Felipe deber\u00e1 regresar a las pr\u00e1cticas en un corto tiempo m\u00e1s, mientras que un poco despu\u00e9s lo har\u00e1n sus series menores y su equipo femenino que este a\u00f1o har\u00e1 su estreno absoluto en el campeonato de la ANFP.<\/p>\n<figure id=\"attachment_99030\" aria-describedby=\"caption-attachment-99030\" style=\"width: 580px\" class=\"wp-caption alignnone\"><img data-recalc-dims=\"1\" loading=\"lazy\" decoding=\"async\" class=\"size-full wp-image-99030\" src=\"https:\/\/i0.wp.com\/eltrabajo.cl\/portal\/wp-content\/uploads\/2020\/05\/un-uni.jpg?resize=580%2C360&#038;ssl=1\" alt=\"Junio ser\u00eda el mes en que el Un\u00ed Un\u00ed y el resto de los planteles del f\u00fatbol nacional vuelvan a los entrenamientos. \" width=\"580\" height=\"360\" srcset=\"https:\/\/i0.wp.com\/eltrabajo.cl\/portal\/wp-content\/uploads\/2020\/05\/un-uni.jpg?w=580&amp;ssl=1 580w, https:\/\/i0.wp.com\/eltrabajo.cl\/portal\/wp-content\/uploads\/2020\/05\/un-uni.jpg?resize=300%2C186&amp;ssl=1 300w, https:\/\/i0.wp.com\/eltrabajo.cl\/portal\/wp-content\/uploads\/2020\/05\/un-uni.jpg?resize=200%2C124&amp;ssl=1 200w, https:\/\/i0.wp.com\/eltrabajo.cl\/portal\/wp-content\/uploads\/2020\/05\/un-uni.jpg?resize=150%2C93&amp;ssl=1 150w\" sizes=\"auto, (max-width: 580px) 100vw, 580px\" \/><figcaption id=\"caption-attachment-99030\" class=\"wp-caption-text\">Junio ser\u00eda el mes en que el Un\u00ed Un\u00ed y el resto de los planteles del f\u00fatbol nacional vuelvan a los entrenamientos.<\/figcaption><\/figure>\n","protected":false},"excerpt":{"rendered":"<p>El gerente general de ligas profesionales de la ANFP, Rodrigo Robles, ratific\u00f3 que dentro de los pr\u00f3ximos d\u00edas, varios equipos nacionales podr\u00e1n volver a los entrenamientos; siempre y cuando la autoridad sanitaria&#8230;<\/p>\n","protected":false},"author":482,"featured_media":99030,"comment_status":"closed","ping_status":"closed","sticky":false,"template":"","format":"standard","meta":{"advanced_seo_description":"","jetpack_seo_html_title":"","jetpack_seo_noindex":false,"_jetpack_memberships_contains_paid_content":false,"footnotes":""},"categories":[19],"tags":[],"class_list":["post-99029","post","type-post","status-publish","format-standard","has-post-thumbnail","hentry","category-deportes"],"jetpack_featured_media_url":"https:\/\/i0.wp.com\/eltrabajo.cl\/portal\/wp-content\/uploads\/2020\/05\/un-uni.jpg?fit=580%2C360&ssl=1","jetpack_sharing_enabled":true,"jetpack_likes_enabled":true,"jetpack-related-posts":[],"_links":{"self":[{"href":"https:\/\/eltrabajo.cl\/portal\/wp-json\/wp\/v2\/posts\/99029","targetHints":{"allow":["GET"]}}],"collection":[{"href":"https:\/\/eltrabajo.cl\/portal\/wp-json\/wp\/v2\/posts"}],"about":[{"href":"https:\/\/eltrabajo.cl\/portal\/wp-json\/wp\/v2\/types\/post"}],"author":[{"embeddable":true,"href":"https:\/\/eltrabajo.cl\/portal\/wp-json\/wp\/v2\/users\/482"}],"replies":[{"embeddable":true,"href":"https:\/\/eltrabajo.cl\/portal\/wp-json\/wp\/v2\/comments?post=99029"}],"version-history":[{"count":0,"href":"https:\/\/eltrabajo.cl\/portal\/wp-json\/wp\/v2\/posts\/99029\/revisions"}],"wp:featuredmedia":[{"embeddable":true,"href":"https:\/\/eltrabajo.cl\/portal\/wp-json\/wp\/v2\/media\/99030"}],"wp:attachment":[{"href":"https:\/\/eltrabajo.cl\/portal\/wp-json\/wp\/v2\/media?parent=99029"}],"wp:term":[{"taxonomy":"category","embeddable":true,"href":"https:\/\/eltrabajo.cl\/portal\/wp-json\/wp\/v2\/categories?post=99029"},{"taxonomy":"post_tag","embeddable":true,"href":"https:\/\/eltrabajo.cl\/portal\/wp-json\/wp\/v2\/tags?post=99029"}],"curies":[{"name":"wp","href":"https:\/\/api.w.org\/{rel}","templated":true}]}}