{"id":99033,"date":"2020-05-24T22:48:43","date_gmt":"2020-05-25T02:48:43","guid":{"rendered":"https:\/\/www.eltrabajo.cl\/portal\/?p=99033"},"modified":"2020-05-24T22:49:56","modified_gmt":"2020-05-25T02:49:56","slug":"muere-en-llay-llay-cuarta-victima-por-el-covid-19-en-el-valle-de-aconcagua","status":"publish","type":"post","link":"https:\/\/eltrabajo.cl\/portal\/muere-en-llay-llay-cuarta-victima-por-el-covid-19-en-el-valle-de-aconcagua\/","title":{"rendered":"Muere en Llay Llay cuarta v\u00edctima por el Covid-19 en el Valle de Aconcagua"},"content":{"rendered":"<p style=\"text-align: justify;\">Fue a trav\u00e9s de su propia cuenta en la red social Facebook, que el alcalde de la comuna de Llay Llay, <strong>Edgardo Gonz\u00e1lez Arancibia<\/strong>, dio a conocer la lamentable noticia de una persona fallecida a ra\u00edz del Coronavirus. Seg\u00fan la informaci\u00f3n se trata de un hombre, pero por el momento datos mayores no se conocen.<\/p>\n<p style=\"text-align: justify;\">\u00ab<em>Tengo la dolorosa misi\u00f3n de informar el primer fallecido en la comuna por Coronavirus. Lamentamos su deceso y entregamos nuestro sincero p\u00e9same a su familia. Ahora m\u00e1s que nunca debemos cuidarnos y tomar conciencia de lo que estamos pasando y lo que puede venir. Por favor cuid\u00e9monos y cuidemos a nuestros familiares y vecinos<\/em>\u00bb, dijo el edil.<\/p>\n<p style=\"text-align: justify;\">Con esta persona fallecida el Valle de Aconcagua suma cuatro v\u00edctimas fatales del virus; dos en la provincia de Los Andes y dos en la provincia de San Felipe.<\/p>\n<figure id=\"attachment_99034\" aria-describedby=\"caption-attachment-99034\" style=\"width: 580px\" class=\"wp-caption alignnone\"><img data-recalc-dims=\"1\" loading=\"lazy\" decoding=\"async\" class=\"size-full wp-image-99034\" src=\"https:\/\/i0.wp.com\/eltrabajo.cl\/portal\/wp-content\/uploads\/2020\/05\/Muerte_Edgardo-Gonzalez.jpg?resize=580%2C360&#038;ssl=1\" alt=\"Edgardo Gonz\u00e1lez Arancibia, alcalde de Llay Llay.\" width=\"580\" height=\"360\" srcset=\"https:\/\/i0.wp.com\/eltrabajo.cl\/portal\/wp-content\/uploads\/2020\/05\/Muerte_Edgardo-Gonzalez.jpg?w=580&amp;ssl=1 580w, https:\/\/i0.wp.com\/eltrabajo.cl\/portal\/wp-content\/uploads\/2020\/05\/Muerte_Edgardo-Gonzalez.jpg?resize=300%2C186&amp;ssl=1 300w, https:\/\/i0.wp.com\/eltrabajo.cl\/portal\/wp-content\/uploads\/2020\/05\/Muerte_Edgardo-Gonzalez.jpg?resize=200%2C124&amp;ssl=1 200w, https:\/\/i0.wp.com\/eltrabajo.cl\/portal\/wp-content\/uploads\/2020\/05\/Muerte_Edgardo-Gonzalez.jpg?resize=150%2C93&amp;ssl=1 150w\" sizes=\"auto, (max-width: 580px) 100vw, 580px\" \/><figcaption id=\"caption-attachment-99034\" class=\"wp-caption-text\">Edgardo Gonz\u00e1lez Arancibia, alcalde de Llay Llay.<\/figcaption><\/figure>\n","protected":false},"excerpt":{"rendered":"<p>Fue a trav\u00e9s de su propia cuenta en la red social Facebook, que el alcalde de la comuna de Llay Llay, Edgardo Gonz\u00e1lez Arancibia, dio a conocer la lamentable noticia de una&#8230;<\/p>\n","protected":false},"author":482,"featured_media":99034,"comment_status":"closed","ping_status":"closed","sticky":false,"template":"","format":"standard","meta":{"advanced_seo_description":"","jetpack_seo_html_title":"","jetpack_seo_noindex":false,"_jetpack_memberships_contains_paid_content":false,"footnotes":""},"categories":[103],"tags":[],"class_list":["post-99033","post","type-post","status-publish","format-standard","has-post-thumbnail","hentry","category-cronica-2"],"jetpack_featured_media_url":"https:\/\/i0.wp.com\/eltrabajo.cl\/portal\/wp-content\/uploads\/2020\/05\/Muerte_Edgardo-Gonzalez.jpg?fit=580%2C360&ssl=1","jetpack_sharing_enabled":true,"jetpack_likes_enabled":true,"jetpack-related-posts":[],"_links":{"self":[{"href":"https:\/\/eltrabajo.cl\/portal\/wp-json\/wp\/v2\/posts\/99033","targetHints":{"allow":["GET"]}}],"collection":[{"href":"https:\/\/eltrabajo.cl\/portal\/wp-json\/wp\/v2\/posts"}],"about":[{"href":"https:\/\/eltrabajo.cl\/portal\/wp-json\/wp\/v2\/types\/post"}],"author":[{"embeddable":true,"href":"https:\/\/eltrabajo.cl\/portal\/wp-json\/wp\/v2\/users\/482"}],"replies":[{"embeddable":true,"href":"https:\/\/eltrabajo.cl\/portal\/wp-json\/wp\/v2\/comments?post=99033"}],"version-history":[{"count":0,"href":"https:\/\/eltrabajo.cl\/portal\/wp-json\/wp\/v2\/posts\/99033\/revisions"}],"wp:featuredmedia":[{"embeddable":true,"href":"https:\/\/eltrabajo.cl\/portal\/wp-json\/wp\/v2\/media\/99034"}],"wp:attachment":[{"href":"https:\/\/eltrabajo.cl\/portal\/wp-json\/wp\/v2\/media?parent=99033"}],"wp:term":[{"taxonomy":"category","embeddable":true,"href":"https:\/\/eltrabajo.cl\/portal\/wp-json\/wp\/v2\/categories?post=99033"},{"taxonomy":"post_tag","embeddable":true,"href":"https:\/\/eltrabajo.cl\/portal\/wp-json\/wp\/v2\/tags?post=99033"}],"curies":[{"name":"wp","href":"https:\/\/api.w.org\/{rel}","templated":true}]}}