{"id":99038,"date":"2020-05-25T07:30:08","date_gmt":"2020-05-25T11:30:08","guid":{"rendered":"https:\/\/www.eltrabajo.cl\/portal\/?p=99038"},"modified":"2020-05-24T22:53:09","modified_gmt":"2020-05-25T02:53:09","slug":"cementerio-de-catemu-podria-cerrar-definitivamente-pese-a-la-pandemia","status":"publish","type":"post","link":"https:\/\/eltrabajo.cl\/portal\/cementerio-de-catemu-podria-cerrar-definitivamente-pese-a-la-pandemia\/","title":{"rendered":"Cementerio de Catemu podr\u00eda cerrar definitivamente pese a la Pandemia"},"content":{"rendered":"<p style=\"text-align: justify;\"><span style=\"color: #c81400;\"><strong>Obispado abandona responsabilidades y solicita su clausura:<\/strong><\/span><\/p>\n<p style=\"text-align: justify;\">Desde que <strong>Diario El Trabajo<\/strong> en 2019 public\u00f3 las denuncias que decenas de vecinos de Catemu realizaron en relaci\u00f3n a los millones de pesos que ellos perdieron al confiar en la funcionaria a cargo de gestionar entierros en el Cementerio Parroquial de dicha comuna, encontr\u00e1ndose en esas fechas con el abominable uso de sus tumbas ya pagas con cad\u00e1veres ajenos a su familia, los afectados se han visto \u2018tramitados\u2019 tanto por el Obispado de San Felipe y la misma Municipalidad de Catemu, en virtud de que estos organismos se comprometieron a trabajar juntos para plantear una soluci\u00f3n a los vecinos.<\/p>\n<p style=\"text-align: justify;\">Sin embargo el tiempo pas\u00f3 y en lugar de cumplir a la comunidad con una leg\u00edtima respuesta que les solucione la profanaci\u00f3n de sus tumbas y a la vez que se habiliten nuevas, el Obispado lo \u00fanico que hizo y para indignaci\u00f3n de los afectados, fue enviar una carta a la Municipalidad de Catemu para \u2018sacarse el pillo\u2019 y abandonar sus deberes con la comunidad, solicitando al Municipio que mejor declare \u2018Saturado\u2019 el camposanto y que ellos, el Obispado, no se har\u00eda m\u00e1s cargo del tristemente c\u00e9lebre cementerio de la comuna.<\/p>\n<p style=\"text-align: justify;\">\n<p style=\"text-align: justify;\"><span style=\"color: #c81400;\"><strong>CATEMU SIN PANTE\u00d3N<\/strong><\/span><\/p>\n<p style=\"text-align: justify;\">Nuestro medio buscando respuestas logr\u00f3 contactar al concejal catemino <strong>Benjam\u00edn Koch<\/strong>, quien nos confirm\u00f3 estar en pleno conocimiento de la carta enviada por el Obispado al Municipio, \u00ab<em>s\u00ed, en la correspondencia del d\u00eda lunes 18 de mayo recibimos una carta firmada por del Padre Gerardo Herrera, indicando que pedir\u00e1n a la Autoridad Sanitaria que se decrete el cementerio \u2018Saturado\u2019, y que desistir\u00e1n de la compra de un nuevo terreno para la ampliaci\u00f3n del cementerio. A fines del a\u00f1o pasado el alcalde Boris Luksic y el Municipio abordaron el problema liderando una reuni\u00f3n para mediar entre los vecinos y el Obispado<\/em>\u00bb, coment\u00f3 Koch a <strong>Diario El Trabajo<\/strong>.<\/p>\n<p style=\"text-align: justify;\">&#8211; <strong>\u00bfA qu\u00e9 acuerdos llegaron en esa reuni\u00f3n con el Obispado?<\/strong><\/p>\n<p style=\"text-align: justify;\">&#8211; Entre las cosas que se acordaron fue que no se realizar\u00edan m\u00e1s exhumaciones y se trabajar\u00eda en conjunto para dar soluciones a cada uno de los vecinos que hubiesen resultado estafados. Cuando uno va a mediar en estos casos y lo hace en representaci\u00f3n de los vecinos, debe exigir ciertas garant\u00edas de cumplimiento y eso no pas\u00f3, por eso, hoy el Obispado en plena Pandemia cierra sus puertas y se desliga del problema del Cementerio en la comuna.<\/p>\n<p style=\"text-align: justify;\">&#8211; <strong>\u00bfPero no es que hubo una asesor\u00eda para orientar a las partes hacia una digna soluci\u00f3n al problema?<\/strong><\/p>\n<p style=\"text-align: justify;\">&#8211; La asesor\u00eda legal que ofreci\u00f3 el Municipio no fue tal, porque puso a disposici\u00f3n al Secretario del Juzgado de Polic\u00eda Local para dar una \u2018orientaci\u00f3n legal\u2019, un concejo legal, pero en ning\u00fan caso una asesor\u00eda. Tampoco realiz\u00f3 un catastro comunal con las personas afectadas. En enero de este a\u00f1o recibimos en Concejo el reclamo de algunos vecinos, porque segu\u00edan realizando exhumaciones y no se avanzaba en una soluci\u00f3n. Fue entonces cuando le pedimos al Alcalde, que como Municipio nos hici\u00e9ramos parte en una demanda en contra de los que resulten responsables, con el fin de que a los vecinos afectados se les restituyan sus dineros o sus tumbas y de ese modo se repare el da\u00f1o.<\/p>\n<p style=\"text-align: justify;\">&#8211; <strong>\u00bfQu\u00e9 respuesta hubo en ese momento?<\/strong><\/p>\n<p style=\"text-align: justify;\">&#8211; Como respuesta a lo anterior, se present\u00f3 el p\u00e1rroco en el Concejo, indicando que hab\u00eda sido asignado a la comuna para entre otras cosas, resolver este problema, y mencion\u00f3 que desde el punto de vista financiero, en cumplimiento con el Reglamento General de Cementerios, ellos podr\u00edan disponer de tumbas que hubieren sido abandonadas una cierta cantidad de a\u00f1os, entendi\u00e9ndose por abandono, no haber cancelado la mantenci\u00f3n. Luego, en marzo recibimos una carta en donde ped\u00eda, entre otras cosas al Municipio, ayuda econ\u00f3mica para enfrentar la Pandemia, con el fin de poder disponer de espacio para realizar entierros y en lo que tiene que ver con medidas sanitarias para funcionar.<\/p>\n<p style=\"text-align: justify;\">&#8211; <strong>\u00bfQu\u00e9 opina usted sobre este juego de incumplimientos?<\/strong><\/p>\n<p style=\"text-align: justify;\">&#8211; Creo que a nuestro alcalde le falt\u00f3 visi\u00f3n para abordar el problema, dado que este no es s\u00f3lo una cuesti\u00f3n entre el Obispado y los vecinos, es un tema sanitario de resorte Municipal, tal como indica el Reglamento General de Cementerios en su art\u00edculo 10\u00ba; \u00ab<strong><em>en las localidades en que no hubiere cementerio o en que los que existieren fueren insuficientes, corresponder\u00e1 a las Municipalidades respectivas fundar estos establecimientos<\/em><\/strong>\u00bb, por lo tanto, si un privado, sea este la Parroquia o una empresa, fracasare al prestar el servicio, pasa a ser un problema del municipio.<\/p>\n<p style=\"text-align: justify;\">&#8211; <strong>\u00bfUstedes como Municipio vieron venir este problema en Catemu?<\/strong><\/p>\n<p style=\"text-align: justify;\">&#8211; S\u00ed. Ya hace un par de a\u00f1os se encend\u00edan luces sobre este problema, cuando en el mes de julio de 2017 falleciera un conocido vecino en situaci\u00f3n de calle, y tuvimos serios problemas para poder darle sepultura por el colapso del cementerio, esto se coment\u00f3 en Concejo Municipal, pero era un tema del cual nadie se quer\u00eda hacer cargo. Hoy lo cierto es que Catemu podr\u00eda enfrentar lo que resta de la Pandemia por Covid-19, sin un lugar para enterrar sus deudos y no hay inter\u00e9s de parte del Obispado de seguir prestando el Servicio, por lo tanto, debe ser el Municipio el que tome las riendas del problema y le brinde a la comunidad una soluci\u00f3n, en medio de esta emergencia, garantiz\u00e1ndole a los vecinos y a las familias que podr\u00e1n acceder a una sepultura en su comuna.<\/p>\n<p style=\"text-align: justify;\">\n<p style=\"text-align: justify;\"><span style=\"color: #c81400;\"><strong>SIN RESPUESTA<\/strong><\/span><\/p>\n<p style=\"text-align: justify;\"><strong>Diario El Trabajo<\/strong> llam\u00f3 telef\u00f3nicamente al alcalde Boris Luksic y tambi\u00e9n al abogado del Obispado de San Felipe para conocer en definitiva qu\u00e9 significa lo observado en esta carta para los afectados del problema de tumbas profanadas y tambi\u00e9n para los vecinos en general, pero en ambas oportunidades no recibimos respuesta.<\/p>\n<p style=\"text-align: justify;\"><strong>Roberto Gonz\u00e1lez Short<\/strong><\/p>\n<p style=\"text-align: justify;\">\n<figure id=\"attachment_99039\" aria-describedby=\"caption-attachment-99039\" style=\"width: 580px\" class=\"wp-caption alignnone\"><img data-recalc-dims=\"1\" loading=\"lazy\" decoding=\"async\" class=\"size-full wp-image-99039\" src=\"https:\/\/i0.wp.com\/eltrabajo.cl\/portal\/wp-content\/uploads\/2020\/05\/Tumbas1.jpg?resize=580%2C360&#038;ssl=1\" alt=\"IMPUNIDAD.- Ellos son parte de los afectados por el Obispado, o en este caso, por la funcionaria del Obispado que les recibi\u00f3 millones de pesos y nunca recibieron el servicio funerario pactado. (Archivo)\" width=\"580\" height=\"360\" srcset=\"https:\/\/i0.wp.com\/eltrabajo.cl\/portal\/wp-content\/uploads\/2020\/05\/Tumbas1.jpg?w=580&amp;ssl=1 580w, https:\/\/i0.wp.com\/eltrabajo.cl\/portal\/wp-content\/uploads\/2020\/05\/Tumbas1.jpg?resize=300%2C186&amp;ssl=1 300w, https:\/\/i0.wp.com\/eltrabajo.cl\/portal\/wp-content\/uploads\/2020\/05\/Tumbas1.jpg?resize=200%2C124&amp;ssl=1 200w, https:\/\/i0.wp.com\/eltrabajo.cl\/portal\/wp-content\/uploads\/2020\/05\/Tumbas1.jpg?resize=150%2C93&amp;ssl=1 150w\" sizes=\"auto, (max-width: 580px) 100vw, 580px\" \/><figcaption id=\"caption-attachment-99039\" class=\"wp-caption-text\">IMPUNIDAD.- Ellos son parte de los afectados por el Obispado, o en este caso, por la funcionaria del Obispado que les recibi\u00f3 millones de pesos y nunca recibieron el servicio funerario pactado. (Archivo)<\/figcaption><\/figure>\n<figure id=\"attachment_99041\" aria-describedby=\"caption-attachment-99041\" style=\"width: 578px\" class=\"wp-caption alignnone\"><img data-recalc-dims=\"1\" loading=\"lazy\" decoding=\"async\" class=\"size-full wp-image-99041\" src=\"https:\/\/i0.wp.com\/eltrabajo.cl\/portal\/wp-content\/uploads\/2020\/05\/Tumbas_Benjamin-Koch.jpg?resize=578%2C600&#038;ssl=1\" alt=\"Benjam\u00edn Koch, concejal catemino.\" width=\"578\" height=\"600\" srcset=\"https:\/\/i0.wp.com\/eltrabajo.cl\/portal\/wp-content\/uploads\/2020\/05\/Tumbas_Benjamin-Koch.jpg?w=578&amp;ssl=1 578w, https:\/\/i0.wp.com\/eltrabajo.cl\/portal\/wp-content\/uploads\/2020\/05\/Tumbas_Benjamin-Koch.jpg?resize=289%2C300&amp;ssl=1 289w, https:\/\/i0.wp.com\/eltrabajo.cl\/portal\/wp-content\/uploads\/2020\/05\/Tumbas_Benjamin-Koch.jpg?resize=145%2C150&amp;ssl=1 145w\" sizes=\"auto, (max-width: 578px) 100vw, 578px\" \/><figcaption id=\"caption-attachment-99041\" class=\"wp-caption-text\">Benjam\u00edn Koch, concejal catemino.<\/figcaption><\/figure>\n<figure id=\"attachment_99040\" aria-describedby=\"caption-attachment-99040\" style=\"width: 580px\" class=\"wp-caption alignnone\"><img data-recalc-dims=\"1\" loading=\"lazy\" decoding=\"async\" class=\"size-full wp-image-99040\" src=\"https:\/\/i0.wp.com\/eltrabajo.cl\/portal\/wp-content\/uploads\/2020\/05\/Tumbas2.jpg?resize=580%2C360&#038;ssl=1\" alt=\"TIRAN LA TOALLA.- Esta es la carta que el Obispado env\u00eda al municipio catemino, en la que solicita su clausura y asegura que no comprar\u00e1 terrenos para atender la demanda de servicios.\" width=\"580\" height=\"360\" srcset=\"https:\/\/i0.wp.com\/eltrabajo.cl\/portal\/wp-content\/uploads\/2020\/05\/Tumbas2.jpg?w=580&amp;ssl=1 580w, https:\/\/i0.wp.com\/eltrabajo.cl\/portal\/wp-content\/uploads\/2020\/05\/Tumbas2.jpg?resize=300%2C186&amp;ssl=1 300w, https:\/\/i0.wp.com\/eltrabajo.cl\/portal\/wp-content\/uploads\/2020\/05\/Tumbas2.jpg?resize=200%2C124&amp;ssl=1 200w, https:\/\/i0.wp.com\/eltrabajo.cl\/portal\/wp-content\/uploads\/2020\/05\/Tumbas2.jpg?resize=150%2C93&amp;ssl=1 150w\" sizes=\"auto, (max-width: 580px) 100vw, 580px\" \/><figcaption id=\"caption-attachment-99040\" class=\"wp-caption-text\">TIRAN LA TOALLA.- Esta es la carta que el Obispado env\u00eda al municipio catemino, en la que solicita su clausura y asegura que no comprar\u00e1 terrenos para atender la demanda de servicios.<\/figcaption><\/figure>\n","protected":false},"excerpt":{"rendered":"<p>Obispado abandona responsabilidades y solicita su clausura: Desde que Diario El Trabajo en 2019 public\u00f3 las denuncias que decenas de vecinos de Catemu realizaron en relaci\u00f3n a los millones de pesos que&#8230;<\/p>\n","protected":false},"author":482,"featured_media":99039,"comment_status":"closed","ping_status":"closed","sticky":false,"template":"","format":"standard","meta":{"advanced_seo_description":"","jetpack_seo_html_title":"","jetpack_seo_noindex":false,"_jetpack_memberships_contains_paid_content":false,"footnotes":""},"categories":[15],"tags":[],"class_list":["post-99038","post","type-post","status-publish","format-standard","has-post-thumbnail","hentry","category-comunidad"],"jetpack_featured_media_url":"https:\/\/i0.wp.com\/eltrabajo.cl\/portal\/wp-content\/uploads\/2020\/05\/Tumbas1.jpg?fit=580%2C360&ssl=1","jetpack_sharing_enabled":true,"jetpack_likes_enabled":true,"jetpack-related-posts":[],"_links":{"self":[{"href":"https:\/\/eltrabajo.cl\/portal\/wp-json\/wp\/v2\/posts\/99038","targetHints":{"allow":["GET"]}}],"collection":[{"href":"https:\/\/eltrabajo.cl\/portal\/wp-json\/wp\/v2\/posts"}],"about":[{"href":"https:\/\/eltrabajo.cl\/portal\/wp-json\/wp\/v2\/types\/post"}],"author":[{"embeddable":true,"href":"https:\/\/eltrabajo.cl\/portal\/wp-json\/wp\/v2\/users\/482"}],"replies":[{"embeddable":true,"href":"https:\/\/eltrabajo.cl\/portal\/wp-json\/wp\/v2\/comments?post=99038"}],"version-history":[{"count":0,"href":"https:\/\/eltrabajo.cl\/portal\/wp-json\/wp\/v2\/posts\/99038\/revisions"}],"wp:featuredmedia":[{"embeddable":true,"href":"https:\/\/eltrabajo.cl\/portal\/wp-json\/wp\/v2\/media\/99039"}],"wp:attachment":[{"href":"https:\/\/eltrabajo.cl\/portal\/wp-json\/wp\/v2\/media?parent=99038"}],"wp:term":[{"taxonomy":"category","embeddable":true,"href":"https:\/\/eltrabajo.cl\/portal\/wp-json\/wp\/v2\/categories?post=99038"},{"taxonomy":"post_tag","embeddable":true,"href":"https:\/\/eltrabajo.cl\/portal\/wp-json\/wp\/v2\/tags?post=99038"}],"curies":[{"name":"wp","href":"https:\/\/api.w.org\/{rel}","templated":true}]}}