{"id":99043,"date":"2020-05-25T07:40:20","date_gmt":"2020-05-25T11:40:20","guid":{"rendered":"https:\/\/www.eltrabajo.cl\/portal\/?p=99043"},"modified":"2020-05-24T22:55:06","modified_gmt":"2020-05-25T02:55:06","slug":"robaba-paltas-y-perdio-la-vida-al-caer-de-arbol-en-comuna-de-santa-maria","status":"publish","type":"post","link":"https:\/\/eltrabajo.cl\/portal\/robaba-paltas-y-perdio-la-vida-al-caer-de-arbol-en-comuna-de-santa-maria\/","title":{"rendered":"Robaba paltas y perdi\u00f3 la vida al caer de \u00e1rbol en comuna de Santa Mar\u00eda"},"content":{"rendered":"<p style=\"text-align: justify;\">Un hombre de 38 a\u00f1os de edad perdi\u00f3 la vida al caer de un \u00e1rbol cuando se encontraba robando paltas en la comuna de Santa Mar\u00eda.<\/p>\n<p style=\"text-align: justify;\">El hecho se registr\u00f3 la madrugada del s\u00e1bado, alrededor de las 4:30 horas, cuando el sujeto, identificado solo por sus iniciales <strong>M.A.V.V.<\/strong>, se encontraba al interior de un fundo en las cercan\u00edas del Cerro Teucal\u00e1n en Santa Mar\u00eda, hasta donde lleg\u00f3 acompa\u00f1ado de una mujer en pleno toque de queda con el objetivo de sustraer las apetecidas paltas.<\/p>\n<p style=\"text-align: justify;\">Seg\u00fan se pudo conocer, una vez en el lugar el sujeto ingres\u00f3 hasta el predio y trep\u00f3 a uno de los \u00e1rboles, dedic\u00e1ndose a la tarea de sustraer los preciados frutos mientras la mujer permanec\u00eda en el exterior, presuntamente vigilando para no ser sorprendidos.<\/p>\n<p style=\"text-align: justify;\">De acuerdo a lo informado por el jefe de la Brigada de Homicidios de la Polic\u00eda de Investigaciones, comisario <strong>Marcelo Lazen<\/strong>, <em>\u00abel sujeto comenz\u00f3 a sacudir el \u00e1rbol para que cayeran las paltas, cuando en un instante quien le acompa\u00f1aba y que permanec\u00eda afuera del recinto sinti\u00f3 un fuerte golpe. Por lo anterior, comenz\u00f3 a llamarlo sin que el individuo le contestara, por lo que entr\u00f3 a ver qu\u00e9 le hab\u00eda pasado y fue ah\u00ed que lo encontr\u00f3 tendido en el suelo ya sin vida<\/em>\u00bb.<\/p>\n<p style=\"text-align: justify;\">Al comprender la gravedad de lo sucedido, la mujer pidi\u00f3 auxilio al SAMU pensando que su compa\u00f1ero podr\u00eda estar vivo, concurriendo una ambulancia cuyo personal solo pudo constatar el fallecimiento luego de examinar al accidentado.<\/p>\n<p style=\"text-align: justify;\">Hasta el lugar concurrieron efectivos de Carabineros de la Tenencia de Santa Mar\u00eda, quienes fueron informados del deceso por parte del mismo personal del SAMU, adoptando el procedimiento de rigor y dando cuenta de lo sucedido al Fiscal de Turno de San Felipe, el que instruy\u00f3 la concurrencia de personal especializado de la PDI.<\/p>\n<p style=\"text-align: justify;\">Tras realizar las primeras diligencias en el sitio del suceso, personal de la BH pudo establecer que el hombre perdi\u00f3 el equilibrio y cay\u00f3 desde una altura aproximada a los 7 metros. Asimismo y tras realizar un examen externo del cuerpo, pudieron determinar de manera preliminar que el occiso habr\u00eda sufrido una fractura cervical que le arrebat\u00f3 la vida.<\/p>\n<p style=\"text-align: justify;\">Hasta el mismo lugar concurri\u00f3 posteriormente personal del Servicio M\u00e9dico Legal (SML), procediendo a levantar y retirar el cuerpo para la realizaci\u00f3n de la autopsia que determinar\u00e1 definitivamente la causa de muerte.<\/p>\n<p style=\"text-align: justify;\">\n<figure id=\"attachment_99044\" aria-describedby=\"caption-attachment-99044\" style=\"width: 580px\" class=\"wp-caption alignnone\"><img data-recalc-dims=\"1\" loading=\"lazy\" decoding=\"async\" class=\"size-full wp-image-99044\" src=\"https:\/\/i0.wp.com\/eltrabajo.cl\/portal\/wp-content\/uploads\/2020\/05\/muere-robando-paltas.jpg?resize=580%2C359&#038;ssl=1\" alt=\"Los detectives de la BH establecieron que el hombre resbal\u00f3 y se precipit\u00f3 desde una altura aproximada a los 7 metros, determinando de manera preliminar que sufri\u00f3 una fractura cervical, quedando la causa como muerte accidental. (Foto losandesonline.cl)\" width=\"580\" height=\"359\" srcset=\"https:\/\/i0.wp.com\/eltrabajo.cl\/portal\/wp-content\/uploads\/2020\/05\/muere-robando-paltas.jpg?w=580&amp;ssl=1 580w, https:\/\/i0.wp.com\/eltrabajo.cl\/portal\/wp-content\/uploads\/2020\/05\/muere-robando-paltas.jpg?resize=300%2C186&amp;ssl=1 300w, https:\/\/i0.wp.com\/eltrabajo.cl\/portal\/wp-content\/uploads\/2020\/05\/muere-robando-paltas.jpg?resize=200%2C124&amp;ssl=1 200w, https:\/\/i0.wp.com\/eltrabajo.cl\/portal\/wp-content\/uploads\/2020\/05\/muere-robando-paltas.jpg?resize=150%2C93&amp;ssl=1 150w\" sizes=\"auto, (max-width: 580px) 100vw, 580px\" \/><figcaption id=\"caption-attachment-99044\" class=\"wp-caption-text\">Los detectives de la BH establecieron que el hombre resbal\u00f3 y se precipit\u00f3 desde una altura aproximada a los 7 metros, determinando de manera preliminar que sufri\u00f3 una fractura cervical, quedando la causa como muerte accidental. (Foto losandesonline.cl)<\/figcaption><\/figure>\n","protected":false},"excerpt":{"rendered":"<p>Un hombre de 38 a\u00f1os de edad perdi\u00f3 la vida al caer de un \u00e1rbol cuando se encontraba robando paltas en la comuna de Santa Mar\u00eda. El hecho se registr\u00f3 la madrugada&#8230;<\/p>\n","protected":false},"author":482,"featured_media":99044,"comment_status":"closed","ping_status":"closed","sticky":false,"template":"","format":"standard","meta":{"advanced_seo_description":"","jetpack_seo_html_title":"","jetpack_seo_noindex":false,"_jetpack_memberships_contains_paid_content":false,"footnotes":""},"categories":[21],"tags":[],"class_list":["post-99043","post","type-post","status-publish","format-standard","has-post-thumbnail","hentry","category-policial"],"jetpack_featured_media_url":"https:\/\/i0.wp.com\/eltrabajo.cl\/portal\/wp-content\/uploads\/2020\/05\/muere-robando-paltas.jpg?fit=580%2C359&ssl=1","jetpack_sharing_enabled":true,"jetpack_likes_enabled":true,"jetpack-related-posts":[],"_links":{"self":[{"href":"https:\/\/eltrabajo.cl\/portal\/wp-json\/wp\/v2\/posts\/99043","targetHints":{"allow":["GET"]}}],"collection":[{"href":"https:\/\/eltrabajo.cl\/portal\/wp-json\/wp\/v2\/posts"}],"about":[{"href":"https:\/\/eltrabajo.cl\/portal\/wp-json\/wp\/v2\/types\/post"}],"author":[{"embeddable":true,"href":"https:\/\/eltrabajo.cl\/portal\/wp-json\/wp\/v2\/users\/482"}],"replies":[{"embeddable":true,"href":"https:\/\/eltrabajo.cl\/portal\/wp-json\/wp\/v2\/comments?post=99043"}],"version-history":[{"count":0,"href":"https:\/\/eltrabajo.cl\/portal\/wp-json\/wp\/v2\/posts\/99043\/revisions"}],"wp:featuredmedia":[{"embeddable":true,"href":"https:\/\/eltrabajo.cl\/portal\/wp-json\/wp\/v2\/media\/99044"}],"wp:attachment":[{"href":"https:\/\/eltrabajo.cl\/portal\/wp-json\/wp\/v2\/media?parent=99043"}],"wp:term":[{"taxonomy":"category","embeddable":true,"href":"https:\/\/eltrabajo.cl\/portal\/wp-json\/wp\/v2\/categories?post=99043"},{"taxonomy":"post_tag","embeddable":true,"href":"https:\/\/eltrabajo.cl\/portal\/wp-json\/wp\/v2\/tags?post=99043"}],"curies":[{"name":"wp","href":"https:\/\/api.w.org\/{rel}","templated":true}]}}