{"id":99046,"date":"2020-05-25T07:50:32","date_gmt":"2020-05-25T11:50:32","guid":{"rendered":"https:\/\/www.eltrabajo.cl\/portal\/?p=99046"},"modified":"2020-05-24T22:58:33","modified_gmt":"2020-05-25T02:58:33","slug":"medicos-solicitan-cuarentena-total-por-coronavirus-en-aconcagua","status":"publish","type":"post","link":"https:\/\/eltrabajo.cl\/portal\/medicos-solicitan-cuarentena-total-por-coronavirus-en-aconcagua\/","title":{"rendered":"M\u00e9dicos solicitan \u2018Cuarentena Total\u2019 por Coronavirus en Aconcagua"},"content":{"rendered":"<p style=\"text-align: justify;\">Ante la cercan\u00eda del invierno en tiempos de Pandemia, el Consejo Regional Aconcagua del Colegio M\u00e9dico de Chile hizo circular un comunicado en el que solicita a las autoridades de Salud que se declare Cuarentena General antes que las cosas se salgan de control en Aconcagua:<\/p>\n<p style=\"text-align: justify;\"><strong>Considerando<\/strong>:<\/p>\n<p style=\"text-align: justify;\">1.- El r\u00e1pido aumento de casos nuevos de Covid-19 en el Valle de Aconcagua, en las \u00faltimas dos semanas,<\/p>\n<p style=\"text-align: justify;\">2.- El inminente colapso de la red sanitaria de la Regi\u00f3n Metropolitana, con una sobrecarga sostenida y tasas de ocupaci\u00f3n de UCI cercana al 100% en todos los centros de salud de esa zona, ya sea p\u00fablicos o privados,<\/p>\n<p style=\"text-align: justify;\">3.- La fragilidad de la red hospitalaria del Valle de Aconcagua, debido al limitado n\u00famero de camas UCI y ventiladores mec\u00e1nicos, que se ve agravada por el traslado de pacientes desde Santiago,<\/p>\n<p style=\"text-align: justify;\">4.- Como m\u00e9dicos, tenemos la convicci\u00f3n que es imperioso decretar una <strong>Cuarentena Total Preventiva<\/strong>, que frene el n\u00famero de contagios de Aconcagua y al mismo tiempo, permita potenciar y reorganizar el testeo, seguimiento de casos y contactos, a trav\u00e9s de una alianza estrat\u00e9gica ente Seremi de Salud, atenci\u00f3n primaria, alcaldes y Servicio de Salud,<\/p>\n<p style=\"text-align: justify;\">5.- Teniedo como ejemplo Santiago, nos parece prudente y oportuno que se decrete cuarentena precozmente, a fin de evitar el aumento explosivo de casos, p\u00e9rdida de trazabilidad y sobrecarga de la red de Salud,<\/p>\n<p style=\"text-align: justify;\">6.- Hacemos un urgente llamado a todas las autoridades regionales, gobernadores, alcaldes, concejales, organizaciones civiles, jefes de servicio, medios de comunicaci\u00f3n, a que realicen todas las gestiones, p\u00fablicas o privadas con el objetivo de obtener esta dr\u00e1stica, pero necesaria y urgente medida.<\/p>\n<p style=\"text-align: justify;\"><strong>Consejo Regional Aconcagua Colegio M\u00e9dico de Chile.<\/strong><\/p>\n<p style=\"text-align: justify;\">\n<figure id=\"attachment_99050\" aria-describedby=\"caption-attachment-99050\" style=\"width: 580px\" class=\"wp-caption alignnone\"><img data-recalc-dims=\"1\" loading=\"lazy\" decoding=\"async\" class=\"size-full wp-image-99050\" src=\"https:\/\/i0.wp.com\/eltrabajo.cl\/portal\/wp-content\/uploads\/2020\/05\/Haitiano1-1.jpg?resize=580%2C359&#038;ssl=1\" alt=\"Este triste escenario es el que el Colegio de M\u00e9dicos y todos en Aconcagua queremos evitar. (Archivo)\" width=\"580\" height=\"359\" srcset=\"https:\/\/i0.wp.com\/eltrabajo.cl\/portal\/wp-content\/uploads\/2020\/05\/Haitiano1-1.jpg?w=580&amp;ssl=1 580w, https:\/\/i0.wp.com\/eltrabajo.cl\/portal\/wp-content\/uploads\/2020\/05\/Haitiano1-1.jpg?resize=300%2C186&amp;ssl=1 300w, https:\/\/i0.wp.com\/eltrabajo.cl\/portal\/wp-content\/uploads\/2020\/05\/Haitiano1-1.jpg?resize=200%2C124&amp;ssl=1 200w, https:\/\/i0.wp.com\/eltrabajo.cl\/portal\/wp-content\/uploads\/2020\/05\/Haitiano1-1.jpg?resize=150%2C93&amp;ssl=1 150w\" sizes=\"auto, (max-width: 580px) 100vw, 580px\" \/><figcaption id=\"caption-attachment-99050\" class=\"wp-caption-text\">Este triste escenario es el que el Colegio de M\u00e9dicos y todos en Aconcagua queremos evitar. (Archivo)<\/figcaption><\/figure>\n","protected":false},"excerpt":{"rendered":"<p>Ante la cercan\u00eda del invierno en tiempos de Pandemia, el Consejo Regional Aconcagua del Colegio M\u00e9dico de Chile hizo circular un comunicado en el que solicita a las autoridades de Salud que&#8230;<\/p>\n","protected":false},"author":482,"featured_media":99050,"comment_status":"closed","ping_status":"closed","sticky":false,"template":"","format":"standard","meta":{"advanced_seo_description":"","jetpack_seo_html_title":"","jetpack_seo_noindex":false,"_jetpack_memberships_contains_paid_content":false,"footnotes":""},"categories":[103],"tags":[],"class_list":["post-99046","post","type-post","status-publish","format-standard","has-post-thumbnail","hentry","category-cronica-2"],"jetpack_featured_media_url":"https:\/\/i0.wp.com\/eltrabajo.cl\/portal\/wp-content\/uploads\/2020\/05\/Haitiano1-1.jpg?fit=580%2C359&ssl=1","jetpack_sharing_enabled":true,"jetpack_likes_enabled":true,"jetpack-related-posts":[],"_links":{"self":[{"href":"https:\/\/eltrabajo.cl\/portal\/wp-json\/wp\/v2\/posts\/99046","targetHints":{"allow":["GET"]}}],"collection":[{"href":"https:\/\/eltrabajo.cl\/portal\/wp-json\/wp\/v2\/posts"}],"about":[{"href":"https:\/\/eltrabajo.cl\/portal\/wp-json\/wp\/v2\/types\/post"}],"author":[{"embeddable":true,"href":"https:\/\/eltrabajo.cl\/portal\/wp-json\/wp\/v2\/users\/482"}],"replies":[{"embeddable":true,"href":"https:\/\/eltrabajo.cl\/portal\/wp-json\/wp\/v2\/comments?post=99046"}],"version-history":[{"count":0,"href":"https:\/\/eltrabajo.cl\/portal\/wp-json\/wp\/v2\/posts\/99046\/revisions"}],"wp:featuredmedia":[{"embeddable":true,"href":"https:\/\/eltrabajo.cl\/portal\/wp-json\/wp\/v2\/media\/99050"}],"wp:attachment":[{"href":"https:\/\/eltrabajo.cl\/portal\/wp-json\/wp\/v2\/media?parent=99046"}],"wp:term":[{"taxonomy":"category","embeddable":true,"href":"https:\/\/eltrabajo.cl\/portal\/wp-json\/wp\/v2\/categories?post=99046"},{"taxonomy":"post_tag","embeddable":true,"href":"https:\/\/eltrabajo.cl\/portal\/wp-json\/wp\/v2\/tags?post=99046"}],"curies":[{"name":"wp","href":"https:\/\/api.w.org\/{rel}","templated":true}]}}