{"id":99052,"date":"2020-05-25T08:00:46","date_gmt":"2020-05-25T12:00:46","guid":{"rendered":"https:\/\/www.eltrabajo.cl\/portal\/?p=99052"},"modified":"2020-05-24T23:02:37","modified_gmt":"2020-05-25T03:02:37","slug":"funcionaria-contagiada-y-17-fiscalizadores-de-autoridad-sanitaria-en-cuarentena","status":"publish","type":"post","link":"https:\/\/eltrabajo.cl\/portal\/funcionaria-contagiada-y-17-fiscalizadores-de-autoridad-sanitaria-en-cuarentena\/","title":{"rendered":"Funcionaria contagiada y 17 fiscalizadores de Autoridad Sanitaria en cuarentena"},"content":{"rendered":"<p style=\"text-align: justify;\"><span style=\"color: #c81400;\"><strong>Coronavirus golpea fuerte a funcionarios de Salud:<\/strong><\/span><\/p>\n<p style=\"text-align: justify;\">El Coronavirus golpe\u00f3 fuertemente a personal de la Autoridad Sanitaria de la provincia de San Felip, esto porque fue confirmada una funcionaria contagiada con el Covid-19, debiendo aplicarse de inmediato los protocolos.<\/p>\n<p style=\"text-align: justify;\">La informaci\u00f3n fue confirmada por el propio Seremi de Salud de la Quinta Regi\u00f3n, el qu\u00edmico farmac\u00e9utico <strong>Francisco \u00c1lvarez<\/strong>, se\u00f1alando a respecto lo siguiente: \u00ab<em>Efectivamente hay una funcionaria que result\u00f3 positiva y se activaron los protocolos r\u00e1pidamente. Actualmente hay 17 personas en cuarentena, ninguna ha presentado s\u00edntomas, est\u00e1n todas en buenas condiciones en sus domicilios<\/em>\u00bb, indic\u00f3.<\/p>\n<p style=\"text-align: justify;\">Consultado respecto a c\u00f3mo va a seguir funcionando la Autoridad Sanitaria, teniendo en cuenta que ellos son los encargados de efectuar las fiscalizaciones en los cordones y aduanas sanitarias, manifest\u00f3 que\u00a0 se redistribuyeron los funcionarios, \u00ab<em>se van a contratar m\u00e1s personas para asegurar que se sigan haciendo los controles sanitarios respecto a las carreteras, la fiscalizaci\u00f3n de segunda vivienda, el cumplimiento de la cuarentena entre otras medidas que estamos tomando y aplicando en el Valle del Aconcagua<\/em>\u00bb, manifest\u00f3 el Seremi de Salud.<\/p>\n<p style=\"text-align: justify;\">\n<p style=\"text-align: justify;\"><span style=\"color: #c81400;\"><strong>BROTE EN EL HOSPITAL SAN CAMILO<\/strong><\/span><\/p>\n<p style=\"text-align: justify;\">Respecto del brote de Covid-19 en el Hospital San Camilo, indic\u00f3 que \u00ab<em>antes del punto de prensa habl\u00e9 con la directora del servicio y tambi\u00e9n con la encargada de epidemiolog\u00eda de la Seremi, respecto al brote estar\u00edamos ya hablando que no han surgido nuevos casos por lo menos en las \u00faltimas 24 horas, pero efectivamente hay que se\u00f1alar que del total de este brote y con los casos que se han confirmado a lo largo del Hospital San Camilo son 13 funcionarios, donde el brote m\u00e1s importante fue en el Servicio de Urgencia<\/em>\u00bb, se\u00f1al\u00f3 \u00c1lvarez.<\/p>\n<p style=\"text-align: justify;\">\n<p style=\"text-align: justify;\"><span style=\"color: #c81400;\"><strong>REPORTE DIARIO<\/strong><\/span><\/p>\n<p style=\"text-align: justify;\">Respecto al resumen diario, el Seremi inform\u00f3 que el d\u00eda de ayer domingo se registraron 25 nuevos casos de Coronavirus en el Valle del Aconcagua seg\u00fan el siguiente detalle.<\/p>\n<p style=\"text-align: justify;\">San Felipe \u00a0\u00a0\u00a0\u00a0\u00a0\u00a0\u00a0\u00a0\u00a0 8<\/p>\n<p style=\"text-align: justify;\">Llay-Llay \u00a0\u00a0\u00a0\u00a0\u00a0\u00a0\u00a0\u00a0\u00a0\u00a0\u00a0\u00a0 2<\/p>\n<p style=\"text-align: justify;\">Panquehue \u00a0\u00a0\u00a0\u00a0\u00a0\u00a0 1<\/p>\n<p style=\"text-align: justify;\">Los Andes \u00a0\u00a0\u00a0\u00a0\u00a0\u00a0\u00a0\u00a0\u00a0 4<\/p>\n<p style=\"text-align: justify;\">Rinconada \u00a0\u00a0\u00a0\u00a0\u00a0\u00a0\u00a0\u00a0 7<\/p>\n<p style=\"text-align: justify;\">Calle Larga \u00a0\u00a0\u00a0\u00a0\u00a0\u00a0\u00a0\u00a0 2<\/p>\n<p style=\"text-align: justify;\">San Esteban \u00a0\u00a0\u00a0\u00a0\u00a0 1<\/p>\n<p style=\"text-align: justify;\">Total: \u00a0\u00a0 25<\/p>\n<p style=\"text-align: justify;\"><strong>Total general: \u00a0 311<\/strong><\/p>\n<p style=\"text-align: justify;\">\n<figure id=\"attachment_99049\" aria-describedby=\"caption-attachment-99049\" style=\"width: 580px\" class=\"wp-caption alignnone\"><img data-recalc-dims=\"1\" loading=\"lazy\" decoding=\"async\" class=\"size-full wp-image-99049\" src=\"https:\/\/i0.wp.com\/eltrabajo.cl\/portal\/wp-content\/uploads\/2020\/05\/Covid19-Seremi_Salud.jpg?resize=580%2C360&#038;ssl=1\" alt=\"Seremi de Salud, Francisco \u00c1lvarez.\" width=\"580\" height=\"360\" srcset=\"https:\/\/i0.wp.com\/eltrabajo.cl\/portal\/wp-content\/uploads\/2020\/05\/Covid19-Seremi_Salud.jpg?w=580&amp;ssl=1 580w, https:\/\/i0.wp.com\/eltrabajo.cl\/portal\/wp-content\/uploads\/2020\/05\/Covid19-Seremi_Salud.jpg?resize=300%2C186&amp;ssl=1 300w, https:\/\/i0.wp.com\/eltrabajo.cl\/portal\/wp-content\/uploads\/2020\/05\/Covid19-Seremi_Salud.jpg?resize=200%2C124&amp;ssl=1 200w, https:\/\/i0.wp.com\/eltrabajo.cl\/portal\/wp-content\/uploads\/2020\/05\/Covid19-Seremi_Salud.jpg?resize=150%2C93&amp;ssl=1 150w\" sizes=\"auto, (max-width: 580px) 100vw, 580px\" \/><figcaption id=\"caption-attachment-99049\" class=\"wp-caption-text\">Seremi de Salud, Francisco \u00c1lvarez.<\/figcaption><\/figure>\n<figure id=\"attachment_99047\" aria-describedby=\"caption-attachment-99047\" style=\"width: 580px\" class=\"wp-caption alignnone\"><a href=\"https:\/\/i0.wp.com\/eltrabajo.cl\/portal\/wp-content\/uploads\/2020\/05\/Covid-19-24-05-20.jpg?ssl=1\"><img data-recalc-dims=\"1\" loading=\"lazy\" decoding=\"async\" class=\"wp-image-99047 size-full\" src=\"https:\/\/i0.wp.com\/eltrabajo.cl\/portal\/wp-content\/uploads\/2020\/05\/Covid-19-24-05-20-copia.jpg?resize=580%2C359&#038;ssl=1\" alt=\"El cuadro de casos correspondiente al d\u00eda 24 de mayo del 2020.\" width=\"580\" height=\"359\" srcset=\"https:\/\/i0.wp.com\/eltrabajo.cl\/portal\/wp-content\/uploads\/2020\/05\/Covid-19-24-05-20-copia.jpg?w=580&amp;ssl=1 580w, https:\/\/i0.wp.com\/eltrabajo.cl\/portal\/wp-content\/uploads\/2020\/05\/Covid-19-24-05-20-copia.jpg?resize=300%2C186&amp;ssl=1 300w, https:\/\/i0.wp.com\/eltrabajo.cl\/portal\/wp-content\/uploads\/2020\/05\/Covid-19-24-05-20-copia.jpg?resize=200%2C124&amp;ssl=1 200w, https:\/\/i0.wp.com\/eltrabajo.cl\/portal\/wp-content\/uploads\/2020\/05\/Covid-19-24-05-20-copia.jpg?resize=150%2C93&amp;ssl=1 150w\" sizes=\"auto, (max-width: 580px) 100vw, 580px\" \/><\/a><figcaption id=\"caption-attachment-99047\" class=\"wp-caption-text\">El cuadro de casos correspondiente al d\u00eda 24 de mayo del 2020.<\/figcaption><\/figure>\n","protected":false},"excerpt":{"rendered":"<p>Coronavirus golpea fuerte a funcionarios de Salud: El Coronavirus golpe\u00f3 fuertemente a personal de la Autoridad Sanitaria de la provincia de San Felip, esto porque fue confirmada una funcionaria contagiada con el&#8230;<\/p>\n","protected":false},"author":482,"featured_media":99047,"comment_status":"closed","ping_status":"closed","sticky":false,"template":"","format":"standard","meta":{"advanced_seo_description":"","jetpack_seo_html_title":"","jetpack_seo_noindex":false,"_jetpack_memberships_contains_paid_content":false,"footnotes":""},"categories":[103],"tags":[],"class_list":["post-99052","post","type-post","status-publish","format-standard","has-post-thumbnail","hentry","category-cronica-2"],"jetpack_featured_media_url":"https:\/\/i0.wp.com\/eltrabajo.cl\/portal\/wp-content\/uploads\/2020\/05\/Covid-19-24-05-20-copia.jpg?fit=580%2C359&ssl=1","jetpack_sharing_enabled":true,"jetpack_likes_enabled":true,"jetpack-related-posts":[],"_links":{"self":[{"href":"https:\/\/eltrabajo.cl\/portal\/wp-json\/wp\/v2\/posts\/99052","targetHints":{"allow":["GET"]}}],"collection":[{"href":"https:\/\/eltrabajo.cl\/portal\/wp-json\/wp\/v2\/posts"}],"about":[{"href":"https:\/\/eltrabajo.cl\/portal\/wp-json\/wp\/v2\/types\/post"}],"author":[{"embeddable":true,"href":"https:\/\/eltrabajo.cl\/portal\/wp-json\/wp\/v2\/users\/482"}],"replies":[{"embeddable":true,"href":"https:\/\/eltrabajo.cl\/portal\/wp-json\/wp\/v2\/comments?post=99052"}],"version-history":[{"count":0,"href":"https:\/\/eltrabajo.cl\/portal\/wp-json\/wp\/v2\/posts\/99052\/revisions"}],"wp:featuredmedia":[{"embeddable":true,"href":"https:\/\/eltrabajo.cl\/portal\/wp-json\/wp\/v2\/media\/99047"}],"wp:attachment":[{"href":"https:\/\/eltrabajo.cl\/portal\/wp-json\/wp\/v2\/media?parent=99052"}],"wp:term":[{"taxonomy":"category","embeddable":true,"href":"https:\/\/eltrabajo.cl\/portal\/wp-json\/wp\/v2\/categories?post=99052"},{"taxonomy":"post_tag","embeddable":true,"href":"https:\/\/eltrabajo.cl\/portal\/wp-json\/wp\/v2\/tags?post=99052"}],"curies":[{"name":"wp","href":"https:\/\/api.w.org\/{rel}","templated":true}]}}