{"id":99057,"date":"2020-05-25T22:00:44","date_gmt":"2020-05-26T02:00:44","guid":{"rendered":"https:\/\/www.eltrabajo.cl\/portal\/?p=99057"},"modified":"2020-05-25T20:18:06","modified_gmt":"2020-05-26T00:18:06","slug":"via-zoom-se-realizo-sorteo-de-viviendas-para-153-familias-de-santa-maria","status":"publish","type":"post","link":"https:\/\/eltrabajo.cl\/portal\/via-zoom-se-realizo-sorteo-de-viviendas-para-153-familias-de-santa-maria\/","title":{"rendered":"V\u00eda Zoom se realiz\u00f3 sorteo de viviendas para 153 familias de Santa Mar\u00eda"},"content":{"rendered":"<p style=\"text-align: justify;\"><strong>SANTA MAR\u00cdA.-<\/strong> Muy satisfechas y contentas est\u00e1n las 153 familias que conforman el Comit\u00e9 de Vivienda El Mirador, de Santa Mar\u00eda, luego que ayer lunes en el departamento Social de la Municipalidad, las autoridades realizaran el Sorteo Oficial de sus casas, o sea, la asignaci\u00f3n de cu\u00e1l casa exactamente recibir\u00e1 cada grupo familiar.<\/p>\n<p style=\"text-align: justify;\">En esta oportunidad los socios no llegaron a la actividad, sino m\u00e1s bien se conectaron v\u00eda Zoom para evitar as\u00ed aglomeraciones. Las c\u00e1maras de <strong>Diario El Trabajo<\/strong> estuvieron en el lugar para compartir con nuestros lectores la buena noticia.<\/p>\n<p style=\"text-align: justify;\">\n<p style=\"text-align: justify;\"><span style=\"color: #c81400;\"><strong>NUEVA POBLACI\u00d3N<\/strong><\/span><\/p>\n<p style=\"text-align: justify;\"><strong>Claudio Zurita Ibarra<\/strong>, alcalde de Santa Mar\u00eda, quien particip\u00f3 activamente en este sorteo v\u00eda Zoom, nos coment\u00f3 que <em>\u00aba pesar de la pandemia seguimos trabajando en Santa Mar\u00eda en varios proyectos, uno de los cuales es el Comit\u00e9 de Vivienda Mirador, futuro Cumbres Aconcagua y correspond\u00eda por normativa hacer el Sorteo, no podemos retrasarnos m\u00e1s, por lo tanto esto es un acuerdo entre la directiva la empresa Serviu y el Municipio, por lo tanto esta ma\u00f1ana hicimos el sorteo por medio de Zoom en compa\u00f1\u00eda de mi persona, la concejala Cristina Meza, Marybel Mancilla de Dideco, Patricia Boffa del Serviu y la directiva del comit\u00e9, estuvimos todos presentes para darle transparencia al tema, fue una jornada novedosa, distinta con los vecinos conectados por Zoom<\/em>\u00bb, dijo Zurita.<\/p>\n<p style=\"text-align: justify;\">\n<p style=\"text-align: justify;\"><span style=\"color: #c81400;\"><strong>LUCHA DE A\u00d1OS<\/strong><\/span><\/p>\n<p style=\"text-align: justify;\">Seg\u00fan informaron las autoridades, en total este proyecto se logra realizar con la inversi\u00f3n del Ministerio de Vivienda de 4.100 millones de pesos, y los propios vecinos se encargaron de la compra del terreno.<\/p>\n<p style=\"text-align: justify;\"><strong>Diario El Trabajo<\/strong> tambi\u00e9n habl\u00f3 con el presidente del Comit\u00e9 Mirador, <strong>Rub\u00e9n Montenegro<\/strong>, quien nos dijo que <em>\u00abha sido un largo proceso en el cual hemos tenido altos y bajos, este proceso ha sido importante para las familias que se han comprometido a trabajar con nosotros d\u00e1ndonos apoyo para avanzar con este proyecto de 152 viviendas, en total cada uno aportamos cerca de $4.200.000 cada familia, ahora nos resta s\u00f3lo recibir la vivienda pues ya todos estamos al d\u00eda con esas deudas<\/em>\u00bb, indic\u00f3 el dirigente.<\/p>\n<p style=\"text-align: justify;\"><strong>Patricia Boffa Casas<\/strong>, directora biprovincial del Serviu, explic\u00f3 a nuestro medio que \u00ab<em>este es un proyecto DS10 que es un proyecto rural, son 153 viviendas con hormig\u00f3n con terminaciones. A estas 153 familias estamos sorteando sus viviendas, en esta oportunidad v\u00eda Zoom. Este proyecto contempla tambi\u00e9n ocho viviendas para personas en condici\u00f3n de discapacidad, tenemos siete viviendas para familias numerosas. Esta nueva poblaci\u00f3n se emplaza en la parte trasera del estadio municipal de la comuna y en los pr\u00f3ximos meses se estar\u00e1n entregando pues est\u00e1 en los temas de iluminaci\u00f3n y certificaciones<\/em>\u00bb, dijo Boffa a <strong>Diario El Trabajo<\/strong>.<\/p>\n<p style=\"text-align: justify;\"><strong>Roberto Gonz\u00e1lez Short<\/strong><\/p>\n<p style=\"text-align: justify;\">\n<figure id=\"attachment_99058\" aria-describedby=\"caption-attachment-99058\" style=\"width: 580px\" class=\"wp-caption alignnone\"><img data-recalc-dims=\"1\" loading=\"lazy\" decoding=\"async\" class=\"size-full wp-image-99058\" src=\"https:\/\/i0.wp.com\/eltrabajo.cl\/portal\/wp-content\/uploads\/2020\/05\/Viviendas1-1.jpg?resize=580%2C360&#038;ssl=1\" alt=\"TREMENDO PROYECTO.- Esta vista a\u00e9rea nos muestra lo amplio de este proyecto habitacional en el centro de Santa Mar\u00eda, son 153 familias las que pronto recibir\u00e1n sus casas.\" width=\"580\" height=\"360\" srcset=\"https:\/\/i0.wp.com\/eltrabajo.cl\/portal\/wp-content\/uploads\/2020\/05\/Viviendas1-1.jpg?w=580&amp;ssl=1 580w, https:\/\/i0.wp.com\/eltrabajo.cl\/portal\/wp-content\/uploads\/2020\/05\/Viviendas1-1.jpg?resize=300%2C186&amp;ssl=1 300w, https:\/\/i0.wp.com\/eltrabajo.cl\/portal\/wp-content\/uploads\/2020\/05\/Viviendas1-1.jpg?resize=200%2C124&amp;ssl=1 200w, https:\/\/i0.wp.com\/eltrabajo.cl\/portal\/wp-content\/uploads\/2020\/05\/Viviendas1-1.jpg?resize=150%2C93&amp;ssl=1 150w\" sizes=\"auto, (max-width: 580px) 100vw, 580px\" \/><figcaption id=\"caption-attachment-99058\" class=\"wp-caption-text\">TREMENDO PROYECTO.- Esta vista a\u00e9rea nos muestra lo amplio de este proyecto habitacional en el centro de Santa Mar\u00eda, son 153 familias las que pronto recibir\u00e1n sus casas.<\/figcaption><\/figure>\n<figure id=\"attachment_99059\" aria-describedby=\"caption-attachment-99059\" style=\"width: 580px\" class=\"wp-caption alignnone\"><img data-recalc-dims=\"1\" loading=\"lazy\" decoding=\"async\" class=\"size-full wp-image-99059\" src=\"https:\/\/i0.wp.com\/eltrabajo.cl\/portal\/wp-content\/uploads\/2020\/05\/Viviendas2.jpg?resize=580%2C359&#038;ssl=1\" alt=\"NUEVOS PARADIGMAS.- Aqu\u00ed vemos en pantalla gigante a los vecinos conectados v\u00eda Zoom durante el Sorteo de las casas.\" width=\"580\" height=\"359\" srcset=\"https:\/\/i0.wp.com\/eltrabajo.cl\/portal\/wp-content\/uploads\/2020\/05\/Viviendas2.jpg?w=580&amp;ssl=1 580w, https:\/\/i0.wp.com\/eltrabajo.cl\/portal\/wp-content\/uploads\/2020\/05\/Viviendas2.jpg?resize=300%2C186&amp;ssl=1 300w, https:\/\/i0.wp.com\/eltrabajo.cl\/portal\/wp-content\/uploads\/2020\/05\/Viviendas2.jpg?resize=200%2C124&amp;ssl=1 200w, https:\/\/i0.wp.com\/eltrabajo.cl\/portal\/wp-content\/uploads\/2020\/05\/Viviendas2.jpg?resize=150%2C93&amp;ssl=1 150w\" sizes=\"auto, (max-width: 580px) 100vw, 580px\" \/><figcaption id=\"caption-attachment-99059\" class=\"wp-caption-text\">NUEVOS PARADIGMAS.- Aqu\u00ed vemos en pantalla gigante a los vecinos conectados v\u00eda Zoom durante el Sorteo de las casas.<\/figcaption><\/figure>\n<figure id=\"attachment_99060\" aria-describedby=\"caption-attachment-99060\" style=\"width: 580px\" class=\"wp-caption alignnone\"><img data-recalc-dims=\"1\" loading=\"lazy\" decoding=\"async\" class=\"size-full wp-image-99060\" src=\"https:\/\/i0.wp.com\/eltrabajo.cl\/portal\/wp-content\/uploads\/2020\/05\/Viviendas3.jpg?resize=580%2C359&#038;ssl=1\" alt=\"Las c\u00e1maras de Diario El Trabajo tomaron registro del Sorteo de las casas, todo se hizo de manera transparente.\" width=\"580\" height=\"359\" srcset=\"https:\/\/i0.wp.com\/eltrabajo.cl\/portal\/wp-content\/uploads\/2020\/05\/Viviendas3.jpg?w=580&amp;ssl=1 580w, https:\/\/i0.wp.com\/eltrabajo.cl\/portal\/wp-content\/uploads\/2020\/05\/Viviendas3.jpg?resize=300%2C186&amp;ssl=1 300w, https:\/\/i0.wp.com\/eltrabajo.cl\/portal\/wp-content\/uploads\/2020\/05\/Viviendas3.jpg?resize=200%2C124&amp;ssl=1 200w, https:\/\/i0.wp.com\/eltrabajo.cl\/portal\/wp-content\/uploads\/2020\/05\/Viviendas3.jpg?resize=150%2C93&amp;ssl=1 150w\" sizes=\"auto, (max-width: 580px) 100vw, 580px\" \/><figcaption id=\"caption-attachment-99060\" class=\"wp-caption-text\">Las c\u00e1maras de Diario El Trabajo tomaron registro del Sorteo de las casas, todo se hizo de manera transparente.<\/figcaption><\/figure>\n<figure id=\"attachment_99063\" aria-describedby=\"caption-attachment-99063\" style=\"width: 579px\" class=\"wp-caption alignnone\"><img data-recalc-dims=\"1\" loading=\"lazy\" decoding=\"async\" class=\"size-full wp-image-99063\" src=\"https:\/\/i0.wp.com\/eltrabajo.cl\/portal\/wp-content\/uploads\/2020\/05\/Viviendas_Ruben-Montenegro.jpg?resize=579%2C600&#038;ssl=1\" alt=\"Presidente del Comit\u00e9 Mirador, Rub\u00e9n Montenegro.\" width=\"579\" height=\"600\" srcset=\"https:\/\/i0.wp.com\/eltrabajo.cl\/portal\/wp-content\/uploads\/2020\/05\/Viviendas_Ruben-Montenegro.jpg?w=579&amp;ssl=1 579w, https:\/\/i0.wp.com\/eltrabajo.cl\/portal\/wp-content\/uploads\/2020\/05\/Viviendas_Ruben-Montenegro.jpg?resize=290%2C300&amp;ssl=1 290w, https:\/\/i0.wp.com\/eltrabajo.cl\/portal\/wp-content\/uploads\/2020\/05\/Viviendas_Ruben-Montenegro.jpg?resize=145%2C150&amp;ssl=1 145w\" sizes=\"auto, (max-width: 579px) 100vw, 579px\" \/><figcaption id=\"caption-attachment-99063\" class=\"wp-caption-text\">Presidente del Comit\u00e9 Mirador, Rub\u00e9n Montenegro.<\/figcaption><\/figure>\n<figure id=\"attachment_99062\" aria-describedby=\"caption-attachment-99062\" style=\"width: 580px\" class=\"wp-caption alignnone\"><img data-recalc-dims=\"1\" loading=\"lazy\" decoding=\"async\" class=\"size-full wp-image-99062\" src=\"https:\/\/i0.wp.com\/eltrabajo.cl\/portal\/wp-content\/uploads\/2020\/05\/Viviendas_Patricia-Boffa.jpg?resize=580%2C598&#038;ssl=1\" alt=\"Patricia Boffa Casas, directora biprovincial del Serviu.\" width=\"580\" height=\"598\" srcset=\"https:\/\/i0.wp.com\/eltrabajo.cl\/portal\/wp-content\/uploads\/2020\/05\/Viviendas_Patricia-Boffa.jpg?w=580&amp;ssl=1 580w, https:\/\/i0.wp.com\/eltrabajo.cl\/portal\/wp-content\/uploads\/2020\/05\/Viviendas_Patricia-Boffa.jpg?resize=291%2C300&amp;ssl=1 291w, https:\/\/i0.wp.com\/eltrabajo.cl\/portal\/wp-content\/uploads\/2020\/05\/Viviendas_Patricia-Boffa.jpg?resize=145%2C150&amp;ssl=1 145w\" sizes=\"auto, (max-width: 580px) 100vw, 580px\" \/><figcaption id=\"caption-attachment-99062\" class=\"wp-caption-text\">Patricia Boffa Casas, directora biprovincial del Serviu.<\/figcaption><\/figure>\n<figure id=\"attachment_99061\" aria-describedby=\"caption-attachment-99061\" style=\"width: 579px\" class=\"wp-caption alignnone\"><img data-recalc-dims=\"1\" loading=\"lazy\" decoding=\"async\" class=\"size-full wp-image-99061\" src=\"https:\/\/i0.wp.com\/eltrabajo.cl\/portal\/wp-content\/uploads\/2020\/05\/Viviandas_Claudio-Zurita.jpg?resize=579%2C600&#038;ssl=1\" alt=\"Claudio Zurita Ibarra, alcalde de Santa Mar\u00eda.\" width=\"579\" height=\"600\" srcset=\"https:\/\/i0.wp.com\/eltrabajo.cl\/portal\/wp-content\/uploads\/2020\/05\/Viviandas_Claudio-Zurita.jpg?w=579&amp;ssl=1 579w, https:\/\/i0.wp.com\/eltrabajo.cl\/portal\/wp-content\/uploads\/2020\/05\/Viviandas_Claudio-Zurita.jpg?resize=290%2C300&amp;ssl=1 290w, https:\/\/i0.wp.com\/eltrabajo.cl\/portal\/wp-content\/uploads\/2020\/05\/Viviandas_Claudio-Zurita.jpg?resize=145%2C150&amp;ssl=1 145w\" sizes=\"auto, (max-width: 579px) 100vw, 579px\" \/><figcaption id=\"caption-attachment-99061\" class=\"wp-caption-text\">Claudio Zurita Ibarra, alcalde de Santa Mar\u00eda.<\/figcaption><\/figure>\n","protected":false},"excerpt":{"rendered":"<p>SANTA MAR\u00cdA.- Muy satisfechas y contentas est\u00e1n las 153 familias que conforman el Comit\u00e9 de Vivienda El Mirador, de Santa Mar\u00eda, luego que ayer lunes en el departamento Social de la Municipalidad,&#8230;<\/p>\n","protected":false},"author":482,"featured_media":99058,"comment_status":"closed","ping_status":"closed","sticky":false,"template":"","format":"standard","meta":{"advanced_seo_description":"","jetpack_seo_html_title":"","jetpack_seo_noindex":false,"_jetpack_memberships_contains_paid_content":false,"footnotes":""},"categories":[103],"tags":[],"class_list":["post-99057","post","type-post","status-publish","format-standard","has-post-thumbnail","hentry","category-cronica-2"],"jetpack_featured_media_url":"https:\/\/i0.wp.com\/eltrabajo.cl\/portal\/wp-content\/uploads\/2020\/05\/Viviendas1-1.jpg?fit=580%2C360&ssl=1","jetpack_sharing_enabled":true,"jetpack_likes_enabled":true,"jetpack-related-posts":[],"_links":{"self":[{"href":"https:\/\/eltrabajo.cl\/portal\/wp-json\/wp\/v2\/posts\/99057","targetHints":{"allow":["GET"]}}],"collection":[{"href":"https:\/\/eltrabajo.cl\/portal\/wp-json\/wp\/v2\/posts"}],"about":[{"href":"https:\/\/eltrabajo.cl\/portal\/wp-json\/wp\/v2\/types\/post"}],"author":[{"embeddable":true,"href":"https:\/\/eltrabajo.cl\/portal\/wp-json\/wp\/v2\/users\/482"}],"replies":[{"embeddable":true,"href":"https:\/\/eltrabajo.cl\/portal\/wp-json\/wp\/v2\/comments?post=99057"}],"version-history":[{"count":0,"href":"https:\/\/eltrabajo.cl\/portal\/wp-json\/wp\/v2\/posts\/99057\/revisions"}],"wp:featuredmedia":[{"embeddable":true,"href":"https:\/\/eltrabajo.cl\/portal\/wp-json\/wp\/v2\/media\/99058"}],"wp:attachment":[{"href":"https:\/\/eltrabajo.cl\/portal\/wp-json\/wp\/v2\/media?parent=99057"}],"wp:term":[{"taxonomy":"category","embeddable":true,"href":"https:\/\/eltrabajo.cl\/portal\/wp-json\/wp\/v2\/categories?post=99057"},{"taxonomy":"post_tag","embeddable":true,"href":"https:\/\/eltrabajo.cl\/portal\/wp-json\/wp\/v2\/tags?post=99057"}],"curies":[{"name":"wp","href":"https:\/\/api.w.org\/{rel}","templated":true}]}}