{"id":99066,"date":"2020-05-25T22:05:46","date_gmt":"2020-05-26T02:05:46","guid":{"rendered":"https:\/\/www.eltrabajo.cl\/portal\/?p=99066"},"modified":"2020-05-25T20:20:44","modified_gmt":"2020-05-26T00:20:44","slug":"maximo-dirigente-del-basquetbol-local-preside-comite-del-mini-basquet-de-chile","status":"publish","type":"post","link":"https:\/\/eltrabajo.cl\/portal\/maximo-dirigente-del-basquetbol-local-preside-comite-del-mini-basquet-de-chile\/","title":{"rendered":"M\u00e1ximo dirigente del b\u00e1squetbol local preside Comit\u00e9 del Mini B\u00e1squet de Chile"},"content":{"rendered":"<p style=\"text-align: justify;\">La pandemia del Covid\u201319 no ha sido un obst\u00e1culo para que el b\u00e1squetbol chileno siga buscando f\u00f3rmulas que permitan su crecimiento y masificaci\u00f3n. Semanas atr\u00e1s se constituy\u00f3 el Comit\u00e9 Mini B\u00e1squetbol Chile, una entidad estrat\u00e9gica que es presidida por el sanfelipe\u00f1o <strong>Juan Carlos Acu\u00f1a<\/strong>.<\/p>\n<p style=\"text-align: justify;\">El actual timonel de los cestos aconcag\u00fcinos es acompa\u00f1ado en esta tarea por cuatro destacadas personalidades del baloncesto nacional. <em>\u00abEsto es parte de la pol\u00edtica de desarrollo que ha impulsado la Federaci\u00f3n de B\u00e1squetbol de Chile (Febachile) y su funci\u00f3n principal es buscar la masificaci\u00f3n de este deporte en todo el pa\u00eds a trav\u00e9s de los ni\u00f1os que d\u00eda a d\u00eda muestran un mayor inter\u00e9s por integrarse a esta disciplina deportiva\u00bb,<\/em> manifest\u00f3 el titular de la ABAR a <strong>El Trabajo Deportivo<\/strong>.<\/p>\n<p style=\"text-align: justify;\">Juan Acu\u00f1a, quien adem\u00e1s es un destacado abogado de San Felipe, aport\u00f3 que el alto a las actividades en cancha, ha permitido que se avance desde lo institucional, y gracias a eso pudo crearse este comit\u00e9 estrat\u00e9gico. <em>\u00abEn alg\u00fan momento todo esto acabar\u00e1 (pandemia) y cuando eso acontezca deberemos estar preparados. En la actualidad con el resto de los integrantes del comit\u00e9 estamos trabajando en la confecci\u00f3n del reglamento del Mini B\u00e1squet, adem\u00e1s de analizar la posibilidad de hacer encuentros masivos regionales una vez que la situaci\u00f3n del pa\u00eds lo permita. Es por eso que es tan importante que avancemos y aprovechemos este tiempo\u00bb,<\/em> dijo el jurista.<\/p>\n<p style=\"text-align: justify;\">El Comit\u00e9 Mini b\u00e1squetbol est\u00e1 conformado de la siguiente manera:<\/p>\n<p style=\"text-align: justify;\">Presidente: Juan Carlos Acu\u00f1a<\/p>\n<p style=\"text-align: justify;\">Secretario T\u00e9cnico: Juan Carlos Rojas<\/p>\n<p style=\"text-align: justify;\">Secretaria Ejecutiva: Francia Huerta<\/p>\n<p style=\"text-align: justify;\">Coordinador: Juan Sumonte<\/p>\n<p style=\"text-align: justify;\">Coordinadora \u00e1rea de masificaci\u00f3n y vinculaci\u00f3n: Paola Navarro<\/p>\n<figure id=\"attachment_99067\" aria-describedby=\"caption-attachment-99067\" style=\"width: 580px\" class=\"wp-caption alignnone\"><img data-recalc-dims=\"1\" loading=\"lazy\" decoding=\"async\" class=\"size-full wp-image-99067\" src=\"https:\/\/i0.wp.com\/eltrabajo.cl\/portal\/wp-content\/uploads\/2020\/05\/juan-acu%C3%B1a.jpg?resize=580%2C548&#038;ssl=1\" alt=\"El presidente de la ABAR, Juan Acu\u00f1a, preside un comit\u00e9 estrat\u00e9gico del b\u00e1squetbol nacional.\" width=\"580\" height=\"548\" srcset=\"https:\/\/i0.wp.com\/eltrabajo.cl\/portal\/wp-content\/uploads\/2020\/05\/juan-acu%C3%B1a.jpg?w=580&amp;ssl=1 580w, https:\/\/i0.wp.com\/eltrabajo.cl\/portal\/wp-content\/uploads\/2020\/05\/juan-acu%C3%B1a.jpg?resize=300%2C283&amp;ssl=1 300w, https:\/\/i0.wp.com\/eltrabajo.cl\/portal\/wp-content\/uploads\/2020\/05\/juan-acu%C3%B1a.jpg?resize=159%2C150&amp;ssl=1 159w, https:\/\/i0.wp.com\/eltrabajo.cl\/portal\/wp-content\/uploads\/2020\/05\/juan-acu%C3%B1a.jpg?resize=150%2C142&amp;ssl=1 150w\" sizes=\"auto, (max-width: 580px) 100vw, 580px\" \/><figcaption id=\"caption-attachment-99067\" class=\"wp-caption-text\">El presidente de la ABAR, Juan Acu\u00f1a, preside un comit\u00e9 estrat\u00e9gico del b\u00e1squetbol nacional.<\/figcaption><\/figure>\n","protected":false},"excerpt":{"rendered":"<p>La pandemia del Covid\u201319 no ha sido un obst\u00e1culo para que el b\u00e1squetbol chileno siga buscando f\u00f3rmulas que permitan su crecimiento y masificaci\u00f3n. Semanas atr\u00e1s se constituy\u00f3 el Comit\u00e9 Mini B\u00e1squetbol Chile,&#8230;<\/p>\n","protected":false},"author":482,"featured_media":99068,"comment_status":"closed","ping_status":"closed","sticky":false,"template":"","format":"standard","meta":{"advanced_seo_description":"","jetpack_seo_html_title":"","jetpack_seo_noindex":false,"_jetpack_memberships_contains_paid_content":false,"footnotes":""},"categories":[19],"tags":[],"class_list":["post-99066","post","type-post","status-publish","format-standard","has-post-thumbnail","hentry","category-deportes"],"jetpack_featured_media_url":"https:\/\/i0.wp.com\/eltrabajo.cl\/portal\/wp-content\/uploads\/2020\/05\/juan-acu%C3%B1a-copia.jpg?fit=580%2C358&ssl=1","jetpack_sharing_enabled":true,"jetpack_likes_enabled":true,"jetpack-related-posts":[],"_links":{"self":[{"href":"https:\/\/eltrabajo.cl\/portal\/wp-json\/wp\/v2\/posts\/99066","targetHints":{"allow":["GET"]}}],"collection":[{"href":"https:\/\/eltrabajo.cl\/portal\/wp-json\/wp\/v2\/posts"}],"about":[{"href":"https:\/\/eltrabajo.cl\/portal\/wp-json\/wp\/v2\/types\/post"}],"author":[{"embeddable":true,"href":"https:\/\/eltrabajo.cl\/portal\/wp-json\/wp\/v2\/users\/482"}],"replies":[{"embeddable":true,"href":"https:\/\/eltrabajo.cl\/portal\/wp-json\/wp\/v2\/comments?post=99066"}],"version-history":[{"count":0,"href":"https:\/\/eltrabajo.cl\/portal\/wp-json\/wp\/v2\/posts\/99066\/revisions"}],"wp:featuredmedia":[{"embeddable":true,"href":"https:\/\/eltrabajo.cl\/portal\/wp-json\/wp\/v2\/media\/99068"}],"wp:attachment":[{"href":"https:\/\/eltrabajo.cl\/portal\/wp-json\/wp\/v2\/media?parent=99066"}],"wp:term":[{"taxonomy":"category","embeddable":true,"href":"https:\/\/eltrabajo.cl\/portal\/wp-json\/wp\/v2\/categories?post=99066"},{"taxonomy":"post_tag","embeddable":true,"href":"https:\/\/eltrabajo.cl\/portal\/wp-json\/wp\/v2\/tags?post=99066"}],"curies":[{"name":"wp","href":"https:\/\/api.w.org\/{rel}","templated":true}]}}