{"id":99071,"date":"2020-05-25T22:10:53","date_gmt":"2020-05-26T02:10:53","guid":{"rendered":"https:\/\/www.eltrabajo.cl\/portal\/?p=99071"},"modified":"2020-05-25T20:24:15","modified_gmt":"2020-05-26T00:24:15","slug":"docentes-se-organizan-y-van-en-apoyo-de-familias-de-sus-estudiantes","status":"publish","type":"post","link":"https:\/\/eltrabajo.cl\/portal\/docentes-se-organizan-y-van-en-apoyo-de-familias-de-sus-estudiantes\/","title":{"rendered":"Docentes se organizan y van en apoyo de familias de sus estudiantes"},"content":{"rendered":"<p style=\"text-align: justify;\"><span style=\"color: #c81400;\"><strong>Liceo Dr. Roberto Humeres Oyaneder:<\/strong><\/span><\/p>\n<p style=\"text-align: justify;\">Debido a la emergencia sanitaria que se vive actualmente, que ha producido una compleja situaci\u00f3n en algunas familias del Liceo Roberto Humeres, los docentes junto al equipo directivo del establecimiento se organizaron para ir en su apoyo a trav\u00e9s del departamento de Convivencia Escolar.<\/p>\n<p style=\"text-align: justify;\">Es as\u00ed que los profesionales comenzaron por realizar un catastro de la situaci\u00f3n psico-socioemocional de los alumnos, con quienes no se han podido encontrar f\u00edsicamente desde el mes de marzo, aunque se mantienen en contacto a trav\u00e9s del tel\u00e9fono con los profesores jefes.<\/p>\n<p style=\"text-align: justify;\">\u00ab<em>Decidimos pedirle al departamento de Vinculaci\u00f3n con el Medio para que realizara una encuesta donde incluyera estas tres \u00e1reas, psico-socioemocional para saber en qu\u00e9 condiciones se encontraban nuestros alumnos; luego de ello, la encuesta fue enviada a los profesores jefes quienes se preocuparon de entregarla a cada uno de los ni\u00f1os en sus cursos a trav\u00e9s de internet o v\u00eda telef\u00f3nica\u00bb,<\/em> sostuvo <strong>Cecilia Godoy<\/strong>, encargada de Convivencia Escolar.<\/p>\n<p style=\"text-align: justify;\">Los datos obtenidos se entregaron a todos los docentes, quienes acordaron, en un consejo de profesores virtual, hacer llegar una ayuda solidaria a las familias que estuvieran pasando momentos complejos.<\/p>\n<p style=\"text-align: justify;\">\u00ab<em>Se dio paso a esta ayuda solidaria, a trav\u00e9s de cajas de alimentos y de otros elementos que pudiesen ayudar a nuestros estudiantes. Se reunieron antecedentes de nuestros estudiantes por curso, lo que concluy\u00f3 con una lista de 24 estudiantes, aproximadamente dos estudiantes por curso, para que recibieran nuestras cajas\u00bb,<\/em> dijo la profesional.<\/p>\n<p style=\"text-align: justify;\">La compra de los alimentos fue posible gracias al aporte solidario de todos los docentes, lo que permiti\u00f3 la entrega de cajas de mercader\u00eda a aquellas familias del liceo que m\u00e1s lo necesitaban.<\/p>\n<p style=\"text-align: justify;\">Cecilia Godoy destac\u00f3 el gesto realizado por los docentes, a lo que se suma el aporte de un grupo de ex alumnos que siempre han colaborado con el establecimiento y que esta vez nuevamente lo hicieron, para ir en directo apoyo de los estudiantes.<\/p>\n<p style=\"text-align: justify;\"><em>\u00a0<\/em><\/p>\n<figure id=\"attachment_99072\" aria-describedby=\"caption-attachment-99072\" style=\"width: 580px\" class=\"wp-caption alignnone\"><img data-recalc-dims=\"1\" loading=\"lazy\" decoding=\"async\" class=\"size-full wp-image-99072\" src=\"https:\/\/i0.wp.com\/eltrabajo.cl\/portal\/wp-content\/uploads\/2020\/05\/ayuda-liceo-1.jpg?resize=580%2C360&#038;ssl=1\" alt=\"Los docentes se organizaron y fueron en apoyo de las familias que lo necesitaban.\" width=\"580\" height=\"360\" srcset=\"https:\/\/i0.wp.com\/eltrabajo.cl\/portal\/wp-content\/uploads\/2020\/05\/ayuda-liceo-1.jpg?w=580&amp;ssl=1 580w, https:\/\/i0.wp.com\/eltrabajo.cl\/portal\/wp-content\/uploads\/2020\/05\/ayuda-liceo-1.jpg?resize=300%2C186&amp;ssl=1 300w, https:\/\/i0.wp.com\/eltrabajo.cl\/portal\/wp-content\/uploads\/2020\/05\/ayuda-liceo-1.jpg?resize=200%2C124&amp;ssl=1 200w, https:\/\/i0.wp.com\/eltrabajo.cl\/portal\/wp-content\/uploads\/2020\/05\/ayuda-liceo-1.jpg?resize=150%2C93&amp;ssl=1 150w\" sizes=\"auto, (max-width: 580px) 100vw, 580px\" \/><figcaption id=\"caption-attachment-99072\" class=\"wp-caption-text\">Los docentes se organizaron y fueron en apoyo de las familias que lo necesitaban.<\/figcaption><\/figure>\n<figure id=\"attachment_99073\" aria-describedby=\"caption-attachment-99073\" style=\"width: 580px\" class=\"wp-caption alignnone\"><img data-recalc-dims=\"1\" loading=\"lazy\" decoding=\"async\" class=\"size-full wp-image-99073\" src=\"https:\/\/i0.wp.com\/eltrabajo.cl\/portal\/wp-content\/uploads\/2020\/05\/ayuda-liceo-2.jpg?resize=580%2C360&#038;ssl=1\" alt=\"La compra de los alimentos fue posible gracias al aporte solidario de todos los docentes, lo que permiti\u00f3 la entrega de cajas de mercader\u00eda a aquellas familias del liceo que m\u00e1s lo necesitaban. \" width=\"580\" height=\"360\" srcset=\"https:\/\/i0.wp.com\/eltrabajo.cl\/portal\/wp-content\/uploads\/2020\/05\/ayuda-liceo-2.jpg?w=580&amp;ssl=1 580w, https:\/\/i0.wp.com\/eltrabajo.cl\/portal\/wp-content\/uploads\/2020\/05\/ayuda-liceo-2.jpg?resize=300%2C186&amp;ssl=1 300w, https:\/\/i0.wp.com\/eltrabajo.cl\/portal\/wp-content\/uploads\/2020\/05\/ayuda-liceo-2.jpg?resize=200%2C124&amp;ssl=1 200w, https:\/\/i0.wp.com\/eltrabajo.cl\/portal\/wp-content\/uploads\/2020\/05\/ayuda-liceo-2.jpg?resize=150%2C93&amp;ssl=1 150w\" sizes=\"auto, (max-width: 580px) 100vw, 580px\" \/><figcaption id=\"caption-attachment-99073\" class=\"wp-caption-text\">La compra de los alimentos fue posible gracias al aporte solidario de todos los docentes, lo que permiti\u00f3 la entrega de cajas de mercader\u00eda a aquellas familias del liceo que m\u00e1s lo necesitaban.<\/figcaption><\/figure>\n<figure id=\"attachment_99074\" aria-describedby=\"caption-attachment-99074\" style=\"width: 580px\" class=\"wp-caption alignnone\"><img data-recalc-dims=\"1\" loading=\"lazy\" decoding=\"async\" class=\"size-full wp-image-99074\" src=\"https:\/\/i0.wp.com\/eltrabajo.cl\/portal\/wp-content\/uploads\/2020\/05\/ayuda-liceo-3.jpg?resize=580%2C360&#038;ssl=1\" alt=\"La compra de los alimentos fue posible gracias al aporte solidario de todos los docentes, lo que permiti\u00f3 la entrega de cajas de mercader\u00eda a aquellas familias del liceo que m\u00e1s lo necesitaban. \" width=\"580\" height=\"360\" srcset=\"https:\/\/i0.wp.com\/eltrabajo.cl\/portal\/wp-content\/uploads\/2020\/05\/ayuda-liceo-3.jpg?w=580&amp;ssl=1 580w, https:\/\/i0.wp.com\/eltrabajo.cl\/portal\/wp-content\/uploads\/2020\/05\/ayuda-liceo-3.jpg?resize=300%2C186&amp;ssl=1 300w, https:\/\/i0.wp.com\/eltrabajo.cl\/portal\/wp-content\/uploads\/2020\/05\/ayuda-liceo-3.jpg?resize=200%2C124&amp;ssl=1 200w, https:\/\/i0.wp.com\/eltrabajo.cl\/portal\/wp-content\/uploads\/2020\/05\/ayuda-liceo-3.jpg?resize=150%2C93&amp;ssl=1 150w\" sizes=\"auto, (max-width: 580px) 100vw, 580px\" \/><figcaption id=\"caption-attachment-99074\" class=\"wp-caption-text\">La compra de los alimentos fue posible gracias al aporte solidario de todos los docentes, lo que permiti\u00f3 la entrega de cajas de mercader\u00eda a aquellas familias del liceo que m\u00e1s lo necesitaban.<\/figcaption><\/figure>\n","protected":false},"excerpt":{"rendered":"<p>Liceo Dr. Roberto Humeres Oyaneder: Debido a la emergencia sanitaria que se vive actualmente, que ha producido una compleja situaci\u00f3n en algunas familias del Liceo Roberto Humeres, los docentes junto al equipo&#8230;<\/p>\n","protected":false},"author":482,"featured_media":99075,"comment_status":"closed","ping_status":"closed","sticky":false,"template":"","format":"standard","meta":{"advanced_seo_description":"","jetpack_seo_html_title":"","jetpack_seo_noindex":false,"_jetpack_memberships_contains_paid_content":false,"footnotes":""},"categories":[15],"tags":[],"class_list":["post-99071","post","type-post","status-publish","format-standard","has-post-thumbnail","hentry","category-comunidad"],"jetpack_featured_media_url":"https:\/\/i0.wp.com\/eltrabajo.cl\/portal\/wp-content\/uploads\/2020\/05\/portada-ayuda-liceo-1.jpg?fit=580%2C359&ssl=1","jetpack_sharing_enabled":true,"jetpack_likes_enabled":true,"jetpack-related-posts":[],"_links":{"self":[{"href":"https:\/\/eltrabajo.cl\/portal\/wp-json\/wp\/v2\/posts\/99071","targetHints":{"allow":["GET"]}}],"collection":[{"href":"https:\/\/eltrabajo.cl\/portal\/wp-json\/wp\/v2\/posts"}],"about":[{"href":"https:\/\/eltrabajo.cl\/portal\/wp-json\/wp\/v2\/types\/post"}],"author":[{"embeddable":true,"href":"https:\/\/eltrabajo.cl\/portal\/wp-json\/wp\/v2\/users\/482"}],"replies":[{"embeddable":true,"href":"https:\/\/eltrabajo.cl\/portal\/wp-json\/wp\/v2\/comments?post=99071"}],"version-history":[{"count":0,"href":"https:\/\/eltrabajo.cl\/portal\/wp-json\/wp\/v2\/posts\/99071\/revisions"}],"wp:featuredmedia":[{"embeddable":true,"href":"https:\/\/eltrabajo.cl\/portal\/wp-json\/wp\/v2\/media\/99075"}],"wp:attachment":[{"href":"https:\/\/eltrabajo.cl\/portal\/wp-json\/wp\/v2\/media?parent=99071"}],"wp:term":[{"taxonomy":"category","embeddable":true,"href":"https:\/\/eltrabajo.cl\/portal\/wp-json\/wp\/v2\/categories?post=99071"},{"taxonomy":"post_tag","embeddable":true,"href":"https:\/\/eltrabajo.cl\/portal\/wp-json\/wp\/v2\/tags?post=99071"}],"curies":[{"name":"wp","href":"https:\/\/api.w.org\/{rel}","templated":true}]}}