{"id":99077,"date":"2020-05-26T07:40:26","date_gmt":"2020-05-26T11:40:26","guid":{"rendered":"https:\/\/www.eltrabajo.cl\/portal\/?p=99077"},"modified":"2020-05-25T20:26:42","modified_gmt":"2020-05-26T00:26:42","slug":"dia-del-patrimonio-con-portadas-del-futuro-la-voz-del-valle-del-aconcagua","status":"publish","type":"post","link":"https:\/\/eltrabajo.cl\/portal\/dia-del-patrimonio-con-portadas-del-futuro-la-voz-del-valle-del-aconcagua\/","title":{"rendered":"D\u00eda del Patrimonio con \u2018Portadas del Futuro: La Voz del Valle del Aconcagua\u2019"},"content":{"rendered":"<p style=\"text-align: justify;\">Producto de la emergencia sanitaria\u00a0 que afecta a\u00a0Chile\u00a0y al mundo, el Ministerio de las Culturas, las Artes y el Patrimonio\u00a0opt\u00f3 por postergar la conmemoraci\u00f3n del D\u00eda del Patrimonio tal como se le conoce. No obstante, en momentos de distanciamiento social, la cultura y el patrimonio -como espacios de encuentro comunitario- se hacen a\u00fan m\u00e1s relevantes, por lo que la invitaci\u00f3n es a continuar con esta tradici\u00f3n, esta vez desde los hogares y como parte del\u00a0 #D\u00edadelPatrimonioEnCasa.<\/p>\n<p style=\"text-align: justify;\">Vecinas y vecinos de Curim\u00f3n, en conjunto con el programa Vivo Curim\u00f3n de la Fundaci\u00f3n Lepe, se han querido sumar a la iniciativa y la invitaci\u00f3n es a que la comunidad participe de la actividad <strong><em>\u00abPortadas del Futuro: La Voz del Valle del Aconcagua\u00bb.<\/em><\/strong><\/p>\n<p style=\"text-align: justify;\">\n<p style=\"text-align: justify;\"><span style=\"color: #c81400;\"><strong>\u00bfEN QU\u00c9 CONSISTE?<\/strong><\/span><\/p>\n<p style=\"text-align: justify;\">Hemos dise\u00f1ado una plantilla de una portada de diario ficticia llamado \u2018La Voz del Valle del Aconcagua\u2019, la que est\u00e1 hecha para ser intervenida por la comunidad con los sue\u00f1os y anhelos que tengan para su territorio, jugando a ser periodistas a trav\u00e9s de la creaci\u00f3n de titulares, collages y dibujos. La invitaci\u00f3n es a imaginar un futuro deseado para el Aconcagua, en tem\u00e1ticas vinculadas al patrimonio natural y cultural.<\/p>\n<p style=\"text-align: justify;\">El objetivo es poder socializar las portadas, generando un archivo que ser\u00e1 subido al Facebook de VivoCurim\u00f3n y que permitir\u00e1 conversar virtualmente sobre nuestro estado actual y las acciones que podemos emprender para vivir en un territorio m\u00e1s justo y pr\u00f3spero.<\/p>\n<p style=\"text-align: justify;\">Para fomentar la participaci\u00f3n, se ha contactado a los diferentes establecimientos educacionales de Curim\u00f3n y sus alrededores para incorporar la actividad como un recurso pedag\u00f3gico para desarrollar en casa y que funciona como un ejercicio creativo, art\u00edstico y reflexivo que puede ser trabajado a nivel familiar, promoviendo el pensamiento cr\u00edtico, las habilidades comunicacionales y el di\u00e1logo intergeneracional.<\/p>\n<p style=\"text-align: justify;\">La\u00a0\u00a0 plantilla de Portada\u00a0\u00a0 del\u00a0 Futuro se encontrar\u00e1 en la web www.fundacion- lepe.cl para ser descargada y adem\u00e1s ser\u00e1 rapartida en su versi\u00f3n papel en las diferentes escuelas y en puntos estrat\u00e9tigos de la localidad como la biblioteca p\u00fablica y las sedes de juntas de vecinos. La sugerencia es descargarla online si es que se poseen las tecnolog\u00edas, de lo contrario, retirarla adoptando todas las medidas de seguridad necesarias en el contexto de Covid-19.<\/p>\n<p style=\"text-align: justify;\">Las portadas deben ser fotografiadas y enviadas a m\u00e1s tardar el d\u00eda mi\u00e9rcoles 27 de mayo al mail javiera@fundacionlepe.cl. El d\u00eda jueves 28 de mayo se comenzar\u00e1 a subir las creaciones al Facebook de Vivo Curim\u00f3n para exponerlas a la comunidad como parte de las celebraciones del #DiadelPatrimonioenCasa.<\/p>\n<p style=\"text-align: justify;\">\n<figure id=\"attachment_99078\" aria-describedby=\"caption-attachment-99078\" style=\"width: 580px\" class=\"wp-caption alignnone\"><img data-recalc-dims=\"1\" loading=\"lazy\" decoding=\"async\" class=\"size-full wp-image-99078\" src=\"https:\/\/i0.wp.com\/eltrabajo.cl\/portal\/wp-content\/uploads\/2020\/05\/portadas_la_voz-1.jpg?resize=580%2C360&#038;ssl=1\" alt=\"Los organizadores dise\u00f1aron una plantilla de portada de un diario ficticio llamado \u2018La Voz del Valle del Aconcagua\u2019, y la idea es que la comunidad plasme ah\u00ed los sue\u00f1os y anhelos que tengan para su territorio mediante sus propios titulares, fotograf\u00edas o dibujos.\" width=\"580\" height=\"360\" srcset=\"https:\/\/i0.wp.com\/eltrabajo.cl\/portal\/wp-content\/uploads\/2020\/05\/portadas_la_voz-1.jpg?w=580&amp;ssl=1 580w, https:\/\/i0.wp.com\/eltrabajo.cl\/portal\/wp-content\/uploads\/2020\/05\/portadas_la_voz-1.jpg?resize=300%2C186&amp;ssl=1 300w, https:\/\/i0.wp.com\/eltrabajo.cl\/portal\/wp-content\/uploads\/2020\/05\/portadas_la_voz-1.jpg?resize=200%2C124&amp;ssl=1 200w, https:\/\/i0.wp.com\/eltrabajo.cl\/portal\/wp-content\/uploads\/2020\/05\/portadas_la_voz-1.jpg?resize=150%2C93&amp;ssl=1 150w\" sizes=\"auto, (max-width: 580px) 100vw, 580px\" \/><figcaption id=\"caption-attachment-99078\" class=\"wp-caption-text\">Los organizadores dise\u00f1aron una plantilla de portada de un diario ficticio llamado \u2018La Voz del Valle del Aconcagua\u2019, y la idea es que la comunidad plasme ah\u00ed los sue\u00f1os y anhelos que tengan para su territorio mediante sus propios titulares, fotograf\u00edas o dibujos.<\/figcaption><\/figure>\n<figure id=\"attachment_99079\" aria-describedby=\"caption-attachment-99079\" style=\"width: 580px\" class=\"wp-caption alignnone\"><img data-recalc-dims=\"1\" loading=\"lazy\" decoding=\"async\" class=\"size-full wp-image-99079\" src=\"https:\/\/i0.wp.com\/eltrabajo.cl\/portal\/wp-content\/uploads\/2020\/05\/portadas_la_voz-2.jpg?resize=580%2C360&#038;ssl=1\" alt=\"Para fomentar la participaci\u00f3n, se ha contactado a los diferentes establecimientos educacionales de Curim\u00f3n y sus alrededores para incorporar la actividad como un recurso pedag\u00f3gico para desarrollar en casa.\" width=\"580\" height=\"360\" srcset=\"https:\/\/i0.wp.com\/eltrabajo.cl\/portal\/wp-content\/uploads\/2020\/05\/portadas_la_voz-2.jpg?w=580&amp;ssl=1 580w, https:\/\/i0.wp.com\/eltrabajo.cl\/portal\/wp-content\/uploads\/2020\/05\/portadas_la_voz-2.jpg?resize=300%2C186&amp;ssl=1 300w, https:\/\/i0.wp.com\/eltrabajo.cl\/portal\/wp-content\/uploads\/2020\/05\/portadas_la_voz-2.jpg?resize=200%2C124&amp;ssl=1 200w, https:\/\/i0.wp.com\/eltrabajo.cl\/portal\/wp-content\/uploads\/2020\/05\/portadas_la_voz-2.jpg?resize=150%2C93&amp;ssl=1 150w\" sizes=\"auto, (max-width: 580px) 100vw, 580px\" \/><figcaption id=\"caption-attachment-99079\" class=\"wp-caption-text\">Para fomentar la participaci\u00f3n, se ha contactado a los diferentes establecimientos educacionales de Curim\u00f3n y sus alrededores para incorporar la actividad como un recurso pedag\u00f3gico para desarrollar en casa.<\/figcaption><\/figure>\n","protected":false},"excerpt":{"rendered":"<p>Producto de la emergencia sanitaria\u00a0 que afecta a\u00a0Chile\u00a0y al mundo, el Ministerio de las Culturas, las Artes y el Patrimonio\u00a0opt\u00f3 por postergar la conmemoraci\u00f3n del D\u00eda del Patrimonio tal como se le&#8230;<\/p>\n","protected":false},"author":482,"featured_media":99078,"comment_status":"closed","ping_status":"closed","sticky":false,"template":"","format":"standard","meta":{"advanced_seo_description":"","jetpack_seo_html_title":"","jetpack_seo_noindex":false,"_jetpack_memberships_contains_paid_content":false,"footnotes":""},"categories":[103],"tags":[],"class_list":["post-99077","post","type-post","status-publish","format-standard","has-post-thumbnail","hentry","category-cronica-2"],"jetpack_featured_media_url":"https:\/\/i0.wp.com\/eltrabajo.cl\/portal\/wp-content\/uploads\/2020\/05\/portadas_la_voz-1.jpg?fit=580%2C360&ssl=1","jetpack_sharing_enabled":true,"jetpack_likes_enabled":true,"jetpack-related-posts":[],"_links":{"self":[{"href":"https:\/\/eltrabajo.cl\/portal\/wp-json\/wp\/v2\/posts\/99077","targetHints":{"allow":["GET"]}}],"collection":[{"href":"https:\/\/eltrabajo.cl\/portal\/wp-json\/wp\/v2\/posts"}],"about":[{"href":"https:\/\/eltrabajo.cl\/portal\/wp-json\/wp\/v2\/types\/post"}],"author":[{"embeddable":true,"href":"https:\/\/eltrabajo.cl\/portal\/wp-json\/wp\/v2\/users\/482"}],"replies":[{"embeddable":true,"href":"https:\/\/eltrabajo.cl\/portal\/wp-json\/wp\/v2\/comments?post=99077"}],"version-history":[{"count":0,"href":"https:\/\/eltrabajo.cl\/portal\/wp-json\/wp\/v2\/posts\/99077\/revisions"}],"wp:featuredmedia":[{"embeddable":true,"href":"https:\/\/eltrabajo.cl\/portal\/wp-json\/wp\/v2\/media\/99078"}],"wp:attachment":[{"href":"https:\/\/eltrabajo.cl\/portal\/wp-json\/wp\/v2\/media?parent=99077"}],"wp:term":[{"taxonomy":"category","embeddable":true,"href":"https:\/\/eltrabajo.cl\/portal\/wp-json\/wp\/v2\/categories?post=99077"},{"taxonomy":"post_tag","embeddable":true,"href":"https:\/\/eltrabajo.cl\/portal\/wp-json\/wp\/v2\/tags?post=99077"}],"curies":[{"name":"wp","href":"https:\/\/api.w.org\/{rel}","templated":true}]}}