{"id":99081,"date":"2020-05-26T07:50:55","date_gmt":"2020-05-26T11:50:55","guid":{"rendered":"https:\/\/www.eltrabajo.cl\/portal\/?p=99081"},"modified":"2020-05-25T20:29:21","modified_gmt":"2020-05-26T00:29:21","slug":"el-cancer-se-llevo-al-conocido-componedor-de-huesos-apodado-macanake","status":"publish","type":"post","link":"https:\/\/eltrabajo.cl\/portal\/el-cancer-se-llevo-al-conocido-componedor-de-huesos-apodado-macanake\/","title":{"rendered":"El c\u00e1ncer se llev\u00f3 al conocido \u2018componedor de huesos\u2019 apodado \u2018Macanake\u2019"},"content":{"rendered":"<p style=\"text-align: justify;\"><span style=\"color: #c81400;\"><strong>Este domingo en la noche:<\/strong><\/span><\/p>\n<p style=\"text-align: justify;\">Este domingo a eso de las diez de la noche falleci\u00f3 en su casa de Poblaci\u00f3n La Santita, el conocido y destacado componedor de huesos <strong>Gerardo Veas<\/strong>, m\u00e1s conocido como <strong>\u2018Makanake\u2019<\/strong>.<\/p>\n<p style=\"text-align: justify;\">La informaci\u00f3n la dio a conocer su hija <strong>M\u00f3nica<\/strong>, indicando que su padre padec\u00eda de un c\u00e1ncer terminal en etapa cuatro, que le afect\u00f3 la laringe <em>\u00aby ten\u00eda un da\u00f1o pulmonar severo producto de su cigarro. Nosotros sab\u00edamos lo que iba a venir, est\u00e1bamos conformes, pero uno nunca est\u00e1 preparado para despedir al pap\u00e1 o a la mam\u00e1. Pero hay que aceptarlo porque la vida es as\u00ed. Mi pap\u00e1 fue una persona muy querida, demostr\u00f3 mucho cari\u00f1o por la gente, fue muy buena persona, muy buen esposo, muy buen padre, siempre estuvo para los amigos, para la persona que necesitara ayuda. Mi pap\u00e1 estaba siempre y yo s\u00e9 que esas personas van a venir a querer devolverle el cari\u00f1o que ellos le ten\u00edan a mi pap\u00e1\u00bb,<\/em> se\u00f1al\u00f3.<\/p>\n<p style=\"text-align: justify;\">&#8211; <strong>\u00bfC\u00f3mo se llamaba el oficio que \u00e9l ten\u00eda?<\/strong><\/p>\n<p style=\"text-align: justify;\">&#8211; Compositor de huesos, ven\u00edan personas de todos lados por tendinitis, que se hab\u00edan ca\u00eddo; una vez vino un caballero a quien le hab\u00eda ca\u00eddo una moto encima y la pierna le qued\u00f3 como torcida\u2026 desfigurada, y el caballero sali\u00f3 de aqu\u00ed caminando muy feliz. Ven\u00eda gente de Punta Arenas, de Argentina, de muchos lugares a visitar a mi pap\u00e1, se iban muy contentos, muy agradecidos porque mi pap\u00e1 los dejaba muy bien.<\/p>\n<p style=\"text-align: justify;\">&#8211; <strong>\u00bfPor qu\u00e9 el apodo de \u2018Makanake\u2019?<\/strong><\/p>\n<p style=\"text-align: justify;\">&#8211; Hab\u00eda un jugador en un mundial que le dec\u00edan as\u00ed y all\u00e1 en el taller del terminal le pusieron ese apodo\u2026 los compa\u00f1eros, los choferes, los micreros.<\/p>\n<p style=\"text-align: justify;\">&#8211; <strong>\u00bfC\u00f3mo se lo tomaba, con humor?<\/strong><\/p>\n<p style=\"text-align: justify;\">&#8211; S\u00ed, todo con humor, porque tambi\u00e9n le dec\u00edan \u2018Flaco Veas\u2019, porque era flaquito, pero s\u00ed todo con humor porque era con cari\u00f1o.<\/p>\n<p style=\"text-align: justify;\">&#8211; <strong>\u00bfEstuvo consciente en los \u00faltimos momentos o la hab\u00eda perdido?<\/strong><\/p>\n<p style=\"text-align: justify;\">&#8211; No, ayer (domingo), reci\u00e9n perdi\u00f3 la conciencia mi pap\u00e1, ya habr\u00eda poquito los ojos, reaccionaba poco al sonido de la voz de nosotros, mi pap\u00e1 no hablaba por la traqueo.<\/p>\n<p style=\"text-align: justify;\">&#8211; <strong>Se hicieron beneficios, \u00bfa qui\u00e9n agradecer?<\/strong><\/p>\n<p style=\"text-align: justify;\">&#8211; S\u00ed, nosotros hicimos un bingo, tenemos una rifa pendiente que no la hemos podido tirar por la contingencia, pero ahora ya es buen tiempo para tirarla. En el bingo nos fue bastante bien, fue con ayuda de don V\u00edctor Leiva de la DC, Antonio Toro del club deportivo y nosotros como familia apoyando a mi pap\u00e1, porque quer\u00edamos sacarlo adelante, porque los filtros que usaba mi pap\u00e1 para la tr\u00e1quea son caros, no los venden aqu\u00ed en San Felipe. Gracias a las gestiones que hice con las \u2018Enfermeras del Dolor\u2019, a \u00faltima hora me los estaban dando. La carnicer\u00eda Aconcagua que se port\u00f3 muy bien, todas las personas de una u otra manera o forma estuvieron apoyando, estuvieron siempre preguntando por mi pap\u00e1 o ven\u00edan, tra\u00edan un enga\u00f1ito, para nombrarlos ser\u00eda una lista interminable. Es a mucha gente a la cual estamos muy agradecida todos como familia, todo el mundo ha sido muy buenas personas, le han devuelto la mano a mi padre; a mis vecinos de aqu\u00ed de la poblaci\u00f3n La Santita, porque ellos siempre nos han apoyado y siempre hemos podido contar con ellos, la se\u00f1ora Silvia nos ha ayudado bastante.<\/p>\n<p style=\"text-align: justify;\">&#8211; <strong>Es penoso tener que hacer en nuestro pa\u00eds rifas, bingos para poder ayudar a un familiar que tiene una enfermedad, \u00bfles daba pena, rabia, impotencia?<\/strong><\/p>\n<p style=\"text-align: justify;\">&#8211; S\u00ed, mucha rabia, mucha impotencia porque la salud en este pa\u00eds es horriblemente mala, gracias a Dios yo toqu\u00e9 todas las puertas que ten\u00eda que tocar, imag\u00ednense que para que me pudieran dar de alta a mi pap\u00e1 del hospital me exig\u00edan que yo tuviera una m\u00e1quina para aspirarle la secreci\u00f3n, para eso tuve que hablar con una asistente social del hospital\u2026 con la asistente social de la municipalidad\u2026 con la asistente social de la gobernaci\u00f3n, para que me pudieran ayudar a comprar esa m\u00e1quina porque nosotros no cont\u00e1bamos con el dinero suficiente, porque mi pap\u00e1 trabajaba en el taller, no ten\u00eda un sueldo, y lo que se ganaba componiendo que de repente eran dos lucas, cinco mil, dependiendo de la voluntad de la persona; mi pap\u00e1 no les cobraba, es lo que usted me quiera dar \u00abse\u00f1ora, si no tiene no se preocupe\u00bb. La jubilaci\u00f3n de mi pap\u00e1 era de cien mil pesos, los filtros valen m\u00e1s de ocho mil pesos, gracias a Dios en estos \u00faltimos meses el hospital me los ha dado, pero todo esto debiera estar para las personas que realmente necesitan, pero no es as\u00ed, el pobre si no tiene plata\u2026 se muere\u2026 se muere.<\/p>\n<p style=\"text-align: justify;\">Al finalizar reiter\u00f3 que el d\u00eda de hoy, en horario por confirmar, se estar\u00eda realizando el funeral, cumpliendo con todo el protocolo por la emergencia sanitaria.<\/p>\n<p style=\"text-align: justify;\">Sus restos van a ser sepultados en el cementerio Parque El Almendral, despu\u00e9s de un responso religioso en su casa ubicada en calle Bernardo Cruz 1682 de Poblaci\u00f3n La Santita, donde se tomaron todas las medidas indicadas por la Autoridad Sanitaria.<\/p>\n<p style=\"text-align: justify;\">\n<figure id=\"attachment_99083\" aria-describedby=\"caption-attachment-99083\" style=\"width: 580px\" class=\"wp-caption alignnone\"><img data-recalc-dims=\"1\" loading=\"lazy\" decoding=\"async\" class=\"size-full wp-image-99083\" src=\"https:\/\/i0.wp.com\/eltrabajo.cl\/portal\/wp-content\/uploads\/2020\/05\/Laringe1.jpg?resize=580%2C360&#038;ssl=1\" alt=\"\u2018El Flaco Veas\u2019 posando para nuestro medio durante su enfermedad.\" width=\"580\" height=\"360\" srcset=\"https:\/\/i0.wp.com\/eltrabajo.cl\/portal\/wp-content\/uploads\/2020\/05\/Laringe1.jpg?w=580&amp;ssl=1 580w, https:\/\/i0.wp.com\/eltrabajo.cl\/portal\/wp-content\/uploads\/2020\/05\/Laringe1.jpg?resize=300%2C186&amp;ssl=1 300w, https:\/\/i0.wp.com\/eltrabajo.cl\/portal\/wp-content\/uploads\/2020\/05\/Laringe1.jpg?resize=200%2C124&amp;ssl=1 200w, https:\/\/i0.wp.com\/eltrabajo.cl\/portal\/wp-content\/uploads\/2020\/05\/Laringe1.jpg?resize=150%2C93&amp;ssl=1 150w\" sizes=\"auto, (max-width: 580px) 100vw, 580px\" \/><figcaption id=\"caption-attachment-99083\" class=\"wp-caption-text\">\u2018El Flaco Veas\u2019 posando para nuestro medio durante su enfermedad.<\/figcaption><\/figure>\n<figure id=\"attachment_99082\" aria-describedby=\"caption-attachment-99082\" style=\"width: 579px\" class=\"wp-caption alignnone\"><img data-recalc-dims=\"1\" loading=\"lazy\" decoding=\"async\" class=\"size-full wp-image-99082\" src=\"https:\/\/i0.wp.com\/eltrabajo.cl\/portal\/wp-content\/uploads\/2020\/05\/Laringe_Gerardo-Veas.jpg?resize=579%2C551&#038;ssl=1\" alt=\"Gerardo Veas, m\u00e1s conocido como \u2018El Flaco Veas\u2019 o \u2018Macanake\u2019, rodeado de amigos y su familia.\" width=\"579\" height=\"551\" srcset=\"https:\/\/i0.wp.com\/eltrabajo.cl\/portal\/wp-content\/uploads\/2020\/05\/Laringe_Gerardo-Veas.jpg?w=579&amp;ssl=1 579w, https:\/\/i0.wp.com\/eltrabajo.cl\/portal\/wp-content\/uploads\/2020\/05\/Laringe_Gerardo-Veas.jpg?resize=300%2C285&amp;ssl=1 300w, https:\/\/i0.wp.com\/eltrabajo.cl\/portal\/wp-content\/uploads\/2020\/05\/Laringe_Gerardo-Veas.jpg?resize=158%2C150&amp;ssl=1 158w, https:\/\/i0.wp.com\/eltrabajo.cl\/portal\/wp-content\/uploads\/2020\/05\/Laringe_Gerardo-Veas.jpg?resize=150%2C143&amp;ssl=1 150w\" sizes=\"auto, (max-width: 579px) 100vw, 579px\" \/><figcaption id=\"caption-attachment-99082\" class=\"wp-caption-text\">Gerardo Veas, m\u00e1s conocido como \u2018El Flaco Veas\u2019 o \u2018Macanake\u2019, rodeado de amigos y su familia.<\/figcaption><\/figure>\n","protected":false},"excerpt":{"rendered":"<p>Este domingo en la noche: Este domingo a eso de las diez de la noche falleci\u00f3 en su casa de Poblaci\u00f3n La Santita, el conocido y destacado componedor de huesos Gerardo Veas,&#8230;<\/p>\n","protected":false},"author":482,"featured_media":99083,"comment_status":"closed","ping_status":"closed","sticky":false,"template":"","format":"standard","meta":{"advanced_seo_description":"","jetpack_seo_html_title":"","jetpack_seo_noindex":false,"_jetpack_memberships_contains_paid_content":false,"footnotes":""},"categories":[15],"tags":[],"class_list":["post-99081","post","type-post","status-publish","format-standard","has-post-thumbnail","hentry","category-comunidad"],"jetpack_featured_media_url":"https:\/\/i0.wp.com\/eltrabajo.cl\/portal\/wp-content\/uploads\/2020\/05\/Laringe1.jpg?fit=580%2C360&ssl=1","jetpack_sharing_enabled":true,"jetpack_likes_enabled":true,"jetpack-related-posts":[],"_links":{"self":[{"href":"https:\/\/eltrabajo.cl\/portal\/wp-json\/wp\/v2\/posts\/99081","targetHints":{"allow":["GET"]}}],"collection":[{"href":"https:\/\/eltrabajo.cl\/portal\/wp-json\/wp\/v2\/posts"}],"about":[{"href":"https:\/\/eltrabajo.cl\/portal\/wp-json\/wp\/v2\/types\/post"}],"author":[{"embeddable":true,"href":"https:\/\/eltrabajo.cl\/portal\/wp-json\/wp\/v2\/users\/482"}],"replies":[{"embeddable":true,"href":"https:\/\/eltrabajo.cl\/portal\/wp-json\/wp\/v2\/comments?post=99081"}],"version-history":[{"count":0,"href":"https:\/\/eltrabajo.cl\/portal\/wp-json\/wp\/v2\/posts\/99081\/revisions"}],"wp:featuredmedia":[{"embeddable":true,"href":"https:\/\/eltrabajo.cl\/portal\/wp-json\/wp\/v2\/media\/99083"}],"wp:attachment":[{"href":"https:\/\/eltrabajo.cl\/portal\/wp-json\/wp\/v2\/media?parent=99081"}],"wp:term":[{"taxonomy":"category","embeddable":true,"href":"https:\/\/eltrabajo.cl\/portal\/wp-json\/wp\/v2\/categories?post=99081"},{"taxonomy":"post_tag","embeddable":true,"href":"https:\/\/eltrabajo.cl\/portal\/wp-json\/wp\/v2\/tags?post=99081"}],"curies":[{"name":"wp","href":"https:\/\/api.w.org\/{rel}","templated":true}]}}