{"id":99087,"date":"2020-05-26T08:00:06","date_gmt":"2020-05-26T12:00:06","guid":{"rendered":"https:\/\/www.eltrabajo.cl\/portal\/?p=99087"},"modified":"2020-05-25T20:32:01","modified_gmt":"2020-05-26T00:32:01","slug":"grave-seremi-de-salud-internado-en-clinica-por-posible-contagio-de-covid-19","status":"publish","type":"post","link":"https:\/\/eltrabajo.cl\/portal\/grave-seremi-de-salud-internado-en-clinica-por-posible-contagio-de-covid-19\/","title":{"rendered":"Grave Seremi de Salud internado en cl\u00ednica por posible contagio de Covid-19"},"content":{"rendered":"<ul>\n<li style=\"text-align: justify;\"><strong>Intendente regional sostuvo que se encuentra delicado de salud y que se encuentra hospitalizado en una cl\u00ednica de Vi\u00f1a del Mar.<\/strong><\/li>\n<\/ul>\n<p style=\"text-align: justify;\">El Covid-19 no cede y sigue haciendo de las suyas. Ahora volvi\u00f3 a atacar a personal de salud o tambi\u00e9n llamado de \u2018primera l\u00ednea\u2019, y en este caso fueron nada menos que sus m\u00e1ximas autoridades regionales. Lo anterior porque seg\u00fan lo informado por el intendente <strong>Jorge Mart\u00ednez<\/strong>, el Seremi de Salud <strong>Francisco \u00c1lvarez<\/strong> se encuentra delicado de salud e internado en una cl\u00ednica de Vi\u00f1a del Mar, a la espera de los resultados del examen de PCR para confirmar o descartar un posible contagio del coronavirus, luego que presentara una intempestiva crisis respiratoria debido al asma que padece.<\/p>\n<p style=\"text-align: justify;\">Al margen de lo anterior, tambi\u00e9n el intendente junto con el jefe de la Defensa, contralmirante <strong>Yerco Marcic<\/strong>, se someter\u00edan al PCR para ver si est\u00e1n contagiados con el coronavirus, debiendo permanecer en cuarentena por lo que desde ahora asumir\u00edan la modalidad de teletrabajo desde sus hogares.<\/p>\n<p style=\"text-align: justify;\">\u00ab<em>El Seremi de Salud padece de esta enfermedad asma desde hace mucho tiempo, lo que indica su historial m\u00e9dico. Hechos los ex\u00e1menes ha sido hospitalizado, se le han tomado los ex\u00e1menes Covid para comprobar si es o no Covid positivo y por las indicaciones que hemos recibido del personal m\u00e9dico, aun cuando haya que esperar los resultados del examen, se han tomado las siguientes medidas; acompa\u00f1ar m\u00e9dicamente a los equipos que trabajan con el Seremi de Salud para que todos guarden en forma preventiva las cuarentenas respectivas. He podido conversar con las autoridades nacionales, tanto sanitarias como de Gobierno Interior, informando esta situaci\u00f3n. El estado de salud de nuestro Seremi de Salud es delicado, por lo tanto est\u00e1 siendo tratado en la unidad de pacientes cr\u00edticos; esperamos que tenga una evoluci\u00f3n favorable, pero por las mismas normas que ha dado la Autoridad Sanitaria, es una persona que muy probablemente presente un Covid-19 positivo, por eso estoy solo haciendo este punto de prensa. Los equipos est\u00e1n conectados y saliendo de esta reuni\u00f3n, tanto el intendente que les habla como el jefe de la Defensa nos realizaremos inmediatamente el examen de PCR y tomaremos cuarentena\u00a0 preventiva\u00a0 tal como lo indica la Autoridad Sanitaria. Para todo el mundo trabajar\u00e9 desde mi casa porque no tengo ninguna sintomatolog\u00eda, al igual que el jefe de la Defensa, hasta obtener el resultado del PCR que me voy a hacer en pocos minutos m\u00e1s\u00bb,<\/em> indic\u00f3 el intendente regional Jorge Mart\u00ednez.<\/p>\n<p style=\"text-align: justify;\">Hasta el cierre de esta edici\u00f3n el Seremi de Salud permanec\u00eda grave e internado en una cl\u00ednica de la ciudad de Vi\u00f1a del Mar, conectado a un ventilador artificial a la espera de los resultados, pero todo indicar\u00eda que estar\u00eda contagiado con el Covid-19.<\/p>\n<p style=\"text-align: justify;\">\n<p style=\"text-align: justify;\"><span style=\"color: #c81400;\"><strong>Resumen diario de casos covid-19<\/strong><\/span><\/p>\n<p style=\"text-align: justify;\">En esta ocasi\u00f3n y debido a la hospitalizaci\u00f3n del Seremi de Salud, Francisco \u00c1lvarez, fue el propio intendente regional quien dio a conocer los nuevos casos de contagio.<\/p>\n<p style=\"text-align: justify;\">En el Valle del Aconcagua siguen aumentando, en esta ocasi\u00f3n 11 fueron las nuevas personas contagiadas, haciendo un total de 323 casos confirmados.<\/p>\n<p style=\"text-align: justify;\">\n<figure id=\"attachment_99088\" aria-describedby=\"caption-attachment-99088\" style=\"width: 580px\" class=\"wp-caption alignnone\"><img data-recalc-dims=\"1\" loading=\"lazy\" decoding=\"async\" class=\"size-full wp-image-99088\" src=\"https:\/\/i0.wp.com\/eltrabajo.cl\/portal\/wp-content\/uploads\/2020\/05\/covid-19-Seremi-Francisco-Alvares.jpg?resize=580%2C358&#038;ssl=1\" alt=\"En la foto de archivo el Seremi de Salud de la Quinta regi\u00f3n, Francisco \u00c1lvarez, quien se encuentra hospitalizado grave y conectado a ventilador mec\u00e1nico por posible Covid-19.\" width=\"580\" height=\"358\" srcset=\"https:\/\/i0.wp.com\/eltrabajo.cl\/portal\/wp-content\/uploads\/2020\/05\/covid-19-Seremi-Francisco-Alvares.jpg?w=580&amp;ssl=1 580w, https:\/\/i0.wp.com\/eltrabajo.cl\/portal\/wp-content\/uploads\/2020\/05\/covid-19-Seremi-Francisco-Alvares.jpg?resize=300%2C185&amp;ssl=1 300w, https:\/\/i0.wp.com\/eltrabajo.cl\/portal\/wp-content\/uploads\/2020\/05\/covid-19-Seremi-Francisco-Alvares.jpg?resize=200%2C123&amp;ssl=1 200w, https:\/\/i0.wp.com\/eltrabajo.cl\/portal\/wp-content\/uploads\/2020\/05\/covid-19-Seremi-Francisco-Alvares.jpg?resize=150%2C93&amp;ssl=1 150w\" sizes=\"auto, (max-width: 580px) 100vw, 580px\" \/><figcaption id=\"caption-attachment-99088\" class=\"wp-caption-text\">En la foto de archivo el Seremi de Salud de la Quinta regi\u00f3n, Francisco \u00c1lvarez, quien se encuentra hospitalizado grave y conectado a ventilador mec\u00e1nico por posible Covid-19.<\/figcaption><\/figure>\n<figure id=\"attachment_99089\" aria-describedby=\"caption-attachment-99089\" style=\"width: 579px\" class=\"wp-caption alignnone\"><img data-recalc-dims=\"1\" loading=\"lazy\" decoding=\"async\" class=\"size-full wp-image-99089\" src=\"https:\/\/i0.wp.com\/eltrabajo.cl\/portal\/wp-content\/uploads\/2020\/05\/covid-19-cuadro.jpg?resize=579%2C522&#038;ssl=1\" alt=\"Este es el cuadro correspondiente al d\u00eda 25 de mayo de 2020.\" width=\"579\" height=\"522\" srcset=\"https:\/\/i0.wp.com\/eltrabajo.cl\/portal\/wp-content\/uploads\/2020\/05\/covid-19-cuadro.jpg?w=579&amp;ssl=1 579w, https:\/\/i0.wp.com\/eltrabajo.cl\/portal\/wp-content\/uploads\/2020\/05\/covid-19-cuadro.jpg?resize=300%2C270&amp;ssl=1 300w, https:\/\/i0.wp.com\/eltrabajo.cl\/portal\/wp-content\/uploads\/2020\/05\/covid-19-cuadro.jpg?resize=166%2C150&amp;ssl=1 166w, https:\/\/i0.wp.com\/eltrabajo.cl\/portal\/wp-content\/uploads\/2020\/05\/covid-19-cuadro.jpg?resize=150%2C135&amp;ssl=1 150w\" sizes=\"auto, (max-width: 579px) 100vw, 579px\" \/><figcaption id=\"caption-attachment-99089\" class=\"wp-caption-text\">Este es el cuadro correspondiente al d\u00eda 25 de mayo de 2020.<\/figcaption><\/figure>\n","protected":false},"excerpt":{"rendered":"<p>Intendente regional sostuvo que se encuentra delicado de salud y que se encuentra hospitalizado en una cl\u00ednica de Vi\u00f1a del Mar. El Covid-19 no cede y sigue haciendo de las suyas. Ahora&#8230;<\/p>\n","protected":false},"author":482,"featured_media":99088,"comment_status":"closed","ping_status":"closed","sticky":false,"template":"","format":"standard","meta":{"advanced_seo_description":"","jetpack_seo_html_title":"","jetpack_seo_noindex":false,"_jetpack_memberships_contains_paid_content":false,"footnotes":""},"categories":[103],"tags":[],"class_list":["post-99087","post","type-post","status-publish","format-standard","has-post-thumbnail","hentry","category-cronica-2"],"jetpack_featured_media_url":"https:\/\/i0.wp.com\/eltrabajo.cl\/portal\/wp-content\/uploads\/2020\/05\/covid-19-Seremi-Francisco-Alvares.jpg?fit=580%2C358&ssl=1","jetpack_sharing_enabled":true,"jetpack_likes_enabled":true,"jetpack-related-posts":[],"_links":{"self":[{"href":"https:\/\/eltrabajo.cl\/portal\/wp-json\/wp\/v2\/posts\/99087","targetHints":{"allow":["GET"]}}],"collection":[{"href":"https:\/\/eltrabajo.cl\/portal\/wp-json\/wp\/v2\/posts"}],"about":[{"href":"https:\/\/eltrabajo.cl\/portal\/wp-json\/wp\/v2\/types\/post"}],"author":[{"embeddable":true,"href":"https:\/\/eltrabajo.cl\/portal\/wp-json\/wp\/v2\/users\/482"}],"replies":[{"embeddable":true,"href":"https:\/\/eltrabajo.cl\/portal\/wp-json\/wp\/v2\/comments?post=99087"}],"version-history":[{"count":0,"href":"https:\/\/eltrabajo.cl\/portal\/wp-json\/wp\/v2\/posts\/99087\/revisions"}],"wp:featuredmedia":[{"embeddable":true,"href":"https:\/\/eltrabajo.cl\/portal\/wp-json\/wp\/v2\/media\/99088"}],"wp:attachment":[{"href":"https:\/\/eltrabajo.cl\/portal\/wp-json\/wp\/v2\/media?parent=99087"}],"wp:term":[{"taxonomy":"category","embeddable":true,"href":"https:\/\/eltrabajo.cl\/portal\/wp-json\/wp\/v2\/categories?post=99087"},{"taxonomy":"post_tag","embeddable":true,"href":"https:\/\/eltrabajo.cl\/portal\/wp-json\/wp\/v2\/tags?post=99087"}],"curies":[{"name":"wp","href":"https:\/\/api.w.org\/{rel}","templated":true}]}}