{"id":99091,"date":"2020-05-26T21:18:40","date_gmt":"2020-05-27T01:18:40","guid":{"rendered":"https:\/\/www.eltrabajo.cl\/portal\/?p=99091"},"modified":"2020-05-26T21:18:40","modified_gmt":"2020-05-27T01:18:40","slug":"invitan-a-participar-de-concurso-literario-autobiografico-confieso-que-he-vivido","status":"publish","type":"post","link":"https:\/\/eltrabajo.cl\/portal\/invitan-a-participar-de-concurso-literario-autobiografico-confieso-que-he-vivido\/","title":{"rendered":"Invitan a participar de concurso literario autobiogr\u00e1fico \u2018Confieso que he vivido\u2019"},"content":{"rendered":"<p style=\"text-align: justify;\"><span style=\"color: #c81400;\"><strong>Dirigido a adultos mayores:<\/strong><\/span><\/p>\n<ul style=\"text-align: justify;\">\n<li><strong>Debido a la situaci\u00f3n de alerta sanitaria a nivel nacional, la iniciativa ser\u00e1 netamente v\u00eda web. Los relatos deben enviarse antes de 17 de julio al correo electr\u00f3nico confieso@senama.cl<\/strong><\/li>\n<\/ul>\n<p style=\"text-align: justify;\">El Servicio Nacional del Adulto Mayor (Senama) junto al Plan Nacional de Lectura 2015\u20132020, presentan por sexto a\u00f1o consecutivo el concurso literario autobiogr\u00e1fico \u2018Confieso que he Vivido\u2019, iniciativa que busca la participaci\u00f3n de las personas mayores a trav\u00e9s de sus relatos y experiencias para las otras generaciones, as\u00ed como tambi\u00e9n un espacio de expresi\u00f3n para quienes tienen acumuladas vivencias que vale la pena compartir.<\/p>\n<p style=\"text-align: justify;\">El seremi de Desarrollo Social y Familia de la regi\u00f3n de Valpara\u00edso, <strong>Ricardo Figueroa<\/strong>, indic\u00f3 que <em>\u00abestamos muy contentos como Ministerio de Desarrollo Social y Familia, de haber podido mantener este importante concurso para nuestras personas mayores, sobre todo por el complejo momento que estamos viviendo como consecuencia del Coronavirus. Creemos que esta es una inmejorable instancia para que las personas adultas que se han visto en la obligaci\u00f3n de guardar cuarentena, vuelquen todo su talento y creatividad para reflejar en obras literarias lo que sienten, porque el aislamiento f\u00edsico no implica un aislamiento social o una interacci\u00f3n con nuestro entorno\u00bb. <\/em><\/p>\n<p style=\"text-align: justify;\">La Seremi de las Culturas, las Artes y el Patrimonio de la zona, <strong>Constance Harvey<\/strong>, se\u00f1al\u00f3: <em>\u00abPara nosotros es muy importante la participaci\u00f3n de personas mayores en esta nueva versi\u00f3n del concurso que impulsa Senama en conjunto con el Plan de la Lectura de la Seremi de las Culturas, las Artes y el Patrimonio. Sabemos que las personas mayores est\u00e1n m\u00e1s activas que nunca y por eso es nuestra labor recuperar todo ese tiempo dedicado al cuidado de nuestras familias. Ellos y ellas poseen la memoria hist\u00f3rica, y hoy es necesario conocerla a trav\u00e9s de sus testimonios, narraciones e historias. Esto se complementa tambi\u00e9n con una iniciativa intergeneracional que estamos trabajando para integrar a adultos mayores a un programa de encuentro y apoyo psicosocial, a trav\u00e9s del arte junto a ni\u00f1os y ni\u00f1as\u00bb.<\/em><\/p>\n<p style=\"text-align: justify;\">\n<p style=\"text-align: justify;\"><span style=\"color: #c81400;\"><strong>CONTEXTO ACTUAL<\/strong><\/span><\/p>\n<p style=\"text-align: justify;\">En medio de la pandemia por el Coronavirus el concurso tambi\u00e9n se conecta con la cuarentena. El coordinador regional de Senama, <strong>Alonso Cuadra<\/strong>, agreg\u00f3 que <em>\u00ablas personas mayores son las que deben ser m\u00e1s rigurosas con quedarse en casa, hemos estado promoviendo que realicen actividad f\u00edsica en sus hogares y ahora que tambi\u00e9n se animen, dejen un momento para recordar y escribir un relato de un episodio significativo de su vida. Por eso llamamos a la comunidad a ponerse a disposici\u00f3n para incentivar la participaci\u00f3n de las personas mayores y tambi\u00e9n para que puedan enviar sus cuentos y relatos a trav\u00e9s de las v\u00edas digitales para que sigamos resguardando que se queden en casa\u00bb. <\/em><\/p>\n<p style=\"text-align: justify;\">La ganadora regional de la versi\u00f3n 2019, <strong>Nora Valencia Silva<\/strong>, de la comuna de Putaendo, coment\u00f3 que <em>\u00abesta fue una experiencia muy linda y quiero invitar a todos los adultos mayores de la regi\u00f3n a que participen este a\u00f1o, porque es algo realmente inolvidable. Relatar vivencias que quedaron atr\u00e1s en el tiempo y que de alguna manera uno ve como se ha desarrollado la vida y su transcurso, es algo incre\u00edble\u00bb. <\/em><\/p>\n<p style=\"text-align: justify;\">Los relatos deben ser autobiogr\u00e1ficos, ya sea en verso o prosa. Deben ser originales e in\u00e9ditos y con una extensi\u00f3n no superior a las 8 carillas. Este a\u00f1o la presentaci\u00f3n de los relatos s\u00f3lo ser\u00e1 a trav\u00e9s del correo electr\u00f3nico confieso@senama.cl hasta el viernes 17 de julio. Los resultados ser\u00e1n publicados en la p\u00e1gina web www.senama.gob.cl el viernes 28 de agosto. Cabe destacar que los relatos ganadores ser\u00e1n publicados en la sexta edici\u00f3n de la colecci\u00f3n Concurso Literario Autobiogr\u00e1fico Confieso que he Vivido.<\/p>\n<p style=\"text-align: justify;\">\n<figure id=\"attachment_99092\" aria-describedby=\"caption-attachment-99092\" style=\"width: 580px\" class=\"wp-caption alignnone\"><img data-recalc-dims=\"1\" loading=\"lazy\" decoding=\"async\" class=\"size-full wp-image-99092\" src=\"https:\/\/i0.wp.com\/eltrabajo.cl\/portal\/wp-content\/uploads\/2020\/05\/Archivo-Confieso-2.jpg?resize=580%2C360&#038;ssl=1\" alt=\"Los ganadores regionales de la versi\u00f3n 2019 durante la ceremonia de premiaci\u00f3n realizada en enero de este a\u00f1o en Vi\u00f1a del Mar.\" width=\"580\" height=\"360\" srcset=\"https:\/\/i0.wp.com\/eltrabajo.cl\/portal\/wp-content\/uploads\/2020\/05\/Archivo-Confieso-2.jpg?w=580&amp;ssl=1 580w, https:\/\/i0.wp.com\/eltrabajo.cl\/portal\/wp-content\/uploads\/2020\/05\/Archivo-Confieso-2.jpg?resize=300%2C186&amp;ssl=1 300w, https:\/\/i0.wp.com\/eltrabajo.cl\/portal\/wp-content\/uploads\/2020\/05\/Archivo-Confieso-2.jpg?resize=200%2C124&amp;ssl=1 200w, https:\/\/i0.wp.com\/eltrabajo.cl\/portal\/wp-content\/uploads\/2020\/05\/Archivo-Confieso-2.jpg?resize=150%2C93&amp;ssl=1 150w\" sizes=\"auto, (max-width: 580px) 100vw, 580px\" \/><figcaption id=\"caption-attachment-99092\" class=\"wp-caption-text\">Los ganadores regionales de la versi\u00f3n 2019 durante la ceremonia de premiaci\u00f3n realizada en enero de este a\u00f1o en Vi\u00f1a del Mar.<\/figcaption><\/figure>\n<figure id=\"attachment_99093\" aria-describedby=\"caption-attachment-99093\" style=\"width: 580px\" class=\"wp-caption alignnone\"><img data-recalc-dims=\"1\" loading=\"lazy\" decoding=\"async\" class=\"size-full wp-image-99093\" src=\"https:\/\/i0.wp.com\/eltrabajo.cl\/portal\/wp-content\/uploads\/2020\/05\/Archivo-Confieso-3.jpg?resize=580%2C359&#038;ssl=1\" alt=\"Nora Valencia Silva, de la comuna de Putaendo, ganadora regional de la versi\u00f3n 2019.\" width=\"580\" height=\"359\" srcset=\"https:\/\/i0.wp.com\/eltrabajo.cl\/portal\/wp-content\/uploads\/2020\/05\/Archivo-Confieso-3.jpg?w=580&amp;ssl=1 580w, https:\/\/i0.wp.com\/eltrabajo.cl\/portal\/wp-content\/uploads\/2020\/05\/Archivo-Confieso-3.jpg?resize=300%2C186&amp;ssl=1 300w, https:\/\/i0.wp.com\/eltrabajo.cl\/portal\/wp-content\/uploads\/2020\/05\/Archivo-Confieso-3.jpg?resize=200%2C124&amp;ssl=1 200w, https:\/\/i0.wp.com\/eltrabajo.cl\/portal\/wp-content\/uploads\/2020\/05\/Archivo-Confieso-3.jpg?resize=150%2C93&amp;ssl=1 150w\" sizes=\"auto, (max-width: 580px) 100vw, 580px\" \/><figcaption id=\"caption-attachment-99093\" class=\"wp-caption-text\">Nora Valencia Silva, de la comuna de Putaendo, ganadora regional de la versi\u00f3n 2019.<\/figcaption><\/figure>\n<figure id=\"attachment_99094\" aria-describedby=\"caption-attachment-99094\" style=\"width: 580px\" class=\"wp-caption alignnone\"><img data-recalc-dims=\"1\" loading=\"lazy\" decoding=\"async\" class=\"size-full wp-image-99094\" src=\"https:\/\/i0.wp.com\/eltrabajo.cl\/portal\/wp-content\/uploads\/2020\/05\/Archivo-Confieso-1.jpg?resize=580%2C359&#038;ssl=1\" alt=\"Los relatos ganadores ser\u00e1n publicados en la sexta edici\u00f3n de la colecci\u00f3n Concurso Literario Autobiogr\u00e1fico Confieso que he Vivido.\" width=\"580\" height=\"359\" srcset=\"https:\/\/i0.wp.com\/eltrabajo.cl\/portal\/wp-content\/uploads\/2020\/05\/Archivo-Confieso-1.jpg?w=580&amp;ssl=1 580w, https:\/\/i0.wp.com\/eltrabajo.cl\/portal\/wp-content\/uploads\/2020\/05\/Archivo-Confieso-1.jpg?resize=300%2C186&amp;ssl=1 300w, https:\/\/i0.wp.com\/eltrabajo.cl\/portal\/wp-content\/uploads\/2020\/05\/Archivo-Confieso-1.jpg?resize=200%2C124&amp;ssl=1 200w, https:\/\/i0.wp.com\/eltrabajo.cl\/portal\/wp-content\/uploads\/2020\/05\/Archivo-Confieso-1.jpg?resize=150%2C93&amp;ssl=1 150w\" sizes=\"auto, (max-width: 580px) 100vw, 580px\" \/><figcaption id=\"caption-attachment-99094\" class=\"wp-caption-text\">Los relatos ganadores ser\u00e1n publicados en la sexta edici\u00f3n de la colecci\u00f3n Concurso Literario Autobiogr\u00e1fico Confieso que he Vivido.<\/figcaption><\/figure>\n","protected":false},"excerpt":{"rendered":"<p>Dirigido a adultos mayores: Debido a la situaci\u00f3n de alerta sanitaria a nivel nacional, la iniciativa ser\u00e1 netamente v\u00eda web. Los relatos deben enviarse antes de 17 de julio al correo electr\u00f3nico&#8230;<\/p>\n","protected":false},"author":482,"featured_media":99094,"comment_status":"closed","ping_status":"closed","sticky":false,"template":"","format":"standard","meta":{"advanced_seo_description":"","jetpack_seo_html_title":"","jetpack_seo_noindex":false,"_jetpack_memberships_contains_paid_content":false,"footnotes":""},"categories":[103],"tags":[],"class_list":["post-99091","post","type-post","status-publish","format-standard","has-post-thumbnail","hentry","category-cronica-2"],"jetpack_featured_media_url":"https:\/\/i0.wp.com\/eltrabajo.cl\/portal\/wp-content\/uploads\/2020\/05\/Archivo-Confieso-1.jpg?fit=580%2C359&ssl=1","jetpack_sharing_enabled":true,"jetpack_likes_enabled":true,"jetpack-related-posts":[],"_links":{"self":[{"href":"https:\/\/eltrabajo.cl\/portal\/wp-json\/wp\/v2\/posts\/99091","targetHints":{"allow":["GET"]}}],"collection":[{"href":"https:\/\/eltrabajo.cl\/portal\/wp-json\/wp\/v2\/posts"}],"about":[{"href":"https:\/\/eltrabajo.cl\/portal\/wp-json\/wp\/v2\/types\/post"}],"author":[{"embeddable":true,"href":"https:\/\/eltrabajo.cl\/portal\/wp-json\/wp\/v2\/users\/482"}],"replies":[{"embeddable":true,"href":"https:\/\/eltrabajo.cl\/portal\/wp-json\/wp\/v2\/comments?post=99091"}],"version-history":[{"count":0,"href":"https:\/\/eltrabajo.cl\/portal\/wp-json\/wp\/v2\/posts\/99091\/revisions"}],"wp:featuredmedia":[{"embeddable":true,"href":"https:\/\/eltrabajo.cl\/portal\/wp-json\/wp\/v2\/media\/99094"}],"wp:attachment":[{"href":"https:\/\/eltrabajo.cl\/portal\/wp-json\/wp\/v2\/media?parent=99091"}],"wp:term":[{"taxonomy":"category","embeddable":true,"href":"https:\/\/eltrabajo.cl\/portal\/wp-json\/wp\/v2\/categories?post=99091"},{"taxonomy":"post_tag","embeddable":true,"href":"https:\/\/eltrabajo.cl\/portal\/wp-json\/wp\/v2\/tags?post=99091"}],"curies":[{"name":"wp","href":"https:\/\/api.w.org\/{rel}","templated":true}]}}