{"id":99096,"date":"2020-05-26T21:27:10","date_gmt":"2020-05-27T01:27:10","guid":{"rendered":"https:\/\/www.eltrabajo.cl\/portal\/?p=99096"},"modified":"2020-05-26T21:27:10","modified_gmt":"2020-05-27T01:27:10","slug":"dirigente-del-uni-uni-queda-fuera-de-la-mesa-de-transicion-de-la-anfp","status":"publish","type":"post","link":"https:\/\/eltrabajo.cl\/portal\/dirigente-del-uni-uni-queda-fuera-de-la-mesa-de-transicion-de-la-anfp\/","title":{"rendered":"Dirigente del Un\u00ed Un\u00ed queda fuera de la mesa de transici\u00f3n de la ANFP"},"content":{"rendered":"<p style=\"text-align: justify;\">Durante la jornada del lunes pasado, la ANFP realiz\u00f3 un extenso Consejo de Presidentes para definir la conducci\u00f3n del ente rector del f\u00fatbol rentado nacional. En la ocasi\u00f3n se oficializ\u00f3 la pr\u00f3xima salida del actual presidente del organismo, <strong>Sebasti\u00e1n Moreno<\/strong>.<\/p>\n<p style=\"text-align: justify;\">Otro tema importante que se defini\u00f3 en la reuni\u00f3n virtual fue la elecci\u00f3n de una Mesa de Transici\u00f3n, la que deber\u00e1 ejercer hasta el 30 de julio pr\u00f3ximo, fecha en la que se realizar\u00e1 la elecci\u00f3n de un nuevo directorio.<\/p>\n<p style=\"text-align: justify;\">Candidato para asumir como director de la ANFP fue el actual gerente general de Uni\u00f3n San Felipe, <strong>Eduardo Olivares<\/strong>, quien qued\u00f3 fuera de la mesa al obtener 21 votos, siendo superado por: Jorge Aguilar (Colo Colo), Jorge Yunge (Rangers), Arturo Guzm\u00e1n (Iquique) y Ra\u00fal Jofr\u00e9 (Antofagasta).<\/p>\n<p style=\"text-align: justify;\">El que Eduardo Olivares quedara fuera de la mesa central de la ANFP, caus\u00f3 sorpresa ya que en la previa se daba por descontado que ser\u00eda electo; pero los votos dijeron otra cosa, y al menos por ahora el ejecutivo sanfelipe\u00f1o deber\u00e1 esperar -si es que va de candidato- hasta la elecci\u00f3n definitiva que est\u00e1 agendada para el 30 de julio.<\/p>\n<p style=\"text-align: justify;\">\n<figure id=\"attachment_99097\" aria-describedby=\"caption-attachment-99097\" style=\"width: 580px\" class=\"wp-caption alignnone\"><img data-recalc-dims=\"1\" loading=\"lazy\" decoding=\"async\" class=\"size-full wp-image-99097\" src=\"https:\/\/i0.wp.com\/eltrabajo.cl\/portal\/wp-content\/uploads\/2020\/05\/eduardo-olivares.jpg?resize=580%2C359&#038;ssl=1\" alt=\"El directivo sanfelipe\u00f1o Eduardo Olivares no obtuvo la cantidad de votos requerida para asumir como director de la ANFP.\" width=\"580\" height=\"359\" srcset=\"https:\/\/i0.wp.com\/eltrabajo.cl\/portal\/wp-content\/uploads\/2020\/05\/eduardo-olivares.jpg?w=580&amp;ssl=1 580w, https:\/\/i0.wp.com\/eltrabajo.cl\/portal\/wp-content\/uploads\/2020\/05\/eduardo-olivares.jpg?resize=300%2C186&amp;ssl=1 300w, https:\/\/i0.wp.com\/eltrabajo.cl\/portal\/wp-content\/uploads\/2020\/05\/eduardo-olivares.jpg?resize=200%2C124&amp;ssl=1 200w, https:\/\/i0.wp.com\/eltrabajo.cl\/portal\/wp-content\/uploads\/2020\/05\/eduardo-olivares.jpg?resize=150%2C93&amp;ssl=1 150w\" sizes=\"auto, (max-width: 580px) 100vw, 580px\" \/><figcaption id=\"caption-attachment-99097\" class=\"wp-caption-text\">El directivo sanfelipe\u00f1o Eduardo Olivares no obtuvo la cantidad de votos requerida para asumir como director de la ANFP.<\/figcaption><\/figure>\n","protected":false},"excerpt":{"rendered":"<p>Durante la jornada del lunes pasado, la ANFP realiz\u00f3 un extenso Consejo de Presidentes para definir la conducci\u00f3n del ente rector del f\u00fatbol rentado nacional. En la ocasi\u00f3n se oficializ\u00f3 la pr\u00f3xima&#8230;<\/p>\n","protected":false},"author":482,"featured_media":99097,"comment_status":"closed","ping_status":"closed","sticky":false,"template":"","format":"standard","meta":{"advanced_seo_description":"","jetpack_seo_html_title":"","jetpack_seo_noindex":false,"_jetpack_memberships_contains_paid_content":false,"footnotes":""},"categories":[19],"tags":[],"class_list":["post-99096","post","type-post","status-publish","format-standard","has-post-thumbnail","hentry","category-deportes"],"jetpack_featured_media_url":"https:\/\/i0.wp.com\/eltrabajo.cl\/portal\/wp-content\/uploads\/2020\/05\/eduardo-olivares.jpg?fit=580%2C359&ssl=1","jetpack_sharing_enabled":true,"jetpack_likes_enabled":true,"jetpack-related-posts":[],"_links":{"self":[{"href":"https:\/\/eltrabajo.cl\/portal\/wp-json\/wp\/v2\/posts\/99096","targetHints":{"allow":["GET"]}}],"collection":[{"href":"https:\/\/eltrabajo.cl\/portal\/wp-json\/wp\/v2\/posts"}],"about":[{"href":"https:\/\/eltrabajo.cl\/portal\/wp-json\/wp\/v2\/types\/post"}],"author":[{"embeddable":true,"href":"https:\/\/eltrabajo.cl\/portal\/wp-json\/wp\/v2\/users\/482"}],"replies":[{"embeddable":true,"href":"https:\/\/eltrabajo.cl\/portal\/wp-json\/wp\/v2\/comments?post=99096"}],"version-history":[{"count":0,"href":"https:\/\/eltrabajo.cl\/portal\/wp-json\/wp\/v2\/posts\/99096\/revisions"}],"wp:featuredmedia":[{"embeddable":true,"href":"https:\/\/eltrabajo.cl\/portal\/wp-json\/wp\/v2\/media\/99097"}],"wp:attachment":[{"href":"https:\/\/eltrabajo.cl\/portal\/wp-json\/wp\/v2\/media?parent=99096"}],"wp:term":[{"taxonomy":"category","embeddable":true,"href":"https:\/\/eltrabajo.cl\/portal\/wp-json\/wp\/v2\/categories?post=99096"},{"taxonomy":"post_tag","embeddable":true,"href":"https:\/\/eltrabajo.cl\/portal\/wp-json\/wp\/v2\/tags?post=99096"}],"curies":[{"name":"wp","href":"https:\/\/api.w.org\/{rel}","templated":true}]}}