{"id":99099,"date":"2020-05-27T07:30:18","date_gmt":"2020-05-27T11:30:18","guid":{"rendered":"https:\/\/www.eltrabajo.cl\/portal\/?p=99099"},"modified":"2020-05-26T21:37:32","modified_gmt":"2020-05-27T01:37:32","slug":"ex-parquimetros-siguen-de-brazos-cruzados-esperando-volver-a-trabajar","status":"publish","type":"post","link":"https:\/\/eltrabajo.cl\/portal\/ex-parquimetros-siguen-de-brazos-cruzados-esperando-volver-a-trabajar\/","title":{"rendered":"Ex parqu\u00edmetros siguen de brazos cruzados esperando volver a trabajar"},"content":{"rendered":"<p style=\"text-align: justify;\">De brazos cruzados, sin trabajar y sin poder cobrar el seguro de cesant\u00eda, est\u00e1n hoy en d\u00eda los trabajadores de parqu\u00edmetros de San Felipe. M\u00e1s ahora deber\u00e1n seguir esperando porque despu\u00e9s que se pensaba que se iba a llegar a un trato directo con la \u00faltima empresa, se han enterado que se va a realizar una nueva licitaci\u00f3n, algo que va a llevar m\u00e1s tiempo, aumentando la angustia para todos los parqu\u00edmetros, teniendo en cuenta que algunas y algunos son pilar fundamental de sus familias.<\/p>\n<p style=\"text-align: justify;\">Seg\u00fan <strong>Rosa Olivares<\/strong>, vocera de los trabajadores, ayer en el Concejo se vio en forma superficial el tema que los afecta, por lo que tendr\u00e1n que seguir esperando.<\/p>\n<p style=\"text-align: justify;\">\u00ab<em>Aqu\u00ed esperando una respuesta, pero hoy d\u00eda (ayer) no se toc\u00f3 mucho el tema sobre los parqu\u00edmetros, solamente algo como suave que toc\u00f3 el concejal Sabaj. Tambi\u00e9n estamos esperando una respuesta sobre las platas que nos deben sobre la demanda que lo van a ver en el otro concejo, o sea que a \u00e9l quedaron de darle una respuesta en el otro concejo, as\u00ed es que ahora esperar qu\u00e9 va a pasar en el otro concejo, si es que va a haber alguna respuesta sobre los parqu\u00edmetros, si vamos a seguir, porque lo que yo s\u00e9 ahora es que se iba a hacer un trato directo, se supon\u00eda que eran cuatro meses y no se lleg\u00f3 a un trato con la municipalidad y ahora van a tener que realizar una nueva licitaci\u00f3n\u00bb,<\/em> se\u00f1al\u00f3 Rosa Olivares, vocera de los trabajadores.<\/p>\n<p style=\"text-align: justify;\">Cuenta que hasta el momento no han recibido ning\u00fan tipo de ayuda porque al final <em>\u00abla otra empresa (<strong>Jos\u00e9 Hidalgo<\/strong>), qued\u00f3 debiendo cotizaciones, no pudimos hacer uso del seguro de cesant\u00eda\u00a0 y en esta otra empresa llev\u00e1bamos solamente cuatro meses, entonces no se pudo hacer uso del seguro de cesant\u00eda ni nada, quedamos de brazos cruzados\u00bb,<\/em> dijo Rosa Olivares.<\/p>\n<p style=\"text-align: justify;\">Seg\u00fan les inform\u00f3 la abogada <strong>Julia Urquieta<\/strong>, el d\u00eda 15 de junio est\u00e1 programado un juicio contra la empresa de Jos\u00e9 Hidalgo: <em>\u00abNosotros hab\u00edamos llegado a un acuerdo con la municipalidad para rebajar los montos que la municipalidad acept\u00f3, que ahora supuestamente la municipalidad no tiene mucha plata, nos van a pagar a algunos primero, otros despu\u00e9s, entonces queremos saber c\u00f3mo vamos a quedar en eso. El 15 es el juicio, ah\u00ed reci\u00e9n vamos a saber c\u00f3mo van a cancelar las platas que nos deben\u00bb,<\/em> manifest\u00f3 Rosa Olivares.<\/p>\n<p style=\"text-align: justify;\">&#8211; <strong>\u00bfC\u00f3mo han sido estos meses sin trabajar?<\/strong><\/p>\n<p style=\"text-align: justify;\">&#8211; Complicado porque igual algunos somos como el pilar de la casa, mam\u00e1s solteras, sin trabajar porque la mayor\u00eda de los parqu\u00edmetros no tenemos trabajo, la mayor\u00eda son los pilares de la casa.<\/p>\n<p style=\"text-align: justify;\">Cabe destacar que en su momento fueron alrededor de cuarenta los trabajadores de parqu\u00edmetros en San Felipe.<\/p>\n<p style=\"text-align: justify;\">\n<figure id=\"attachment_99100\" aria-describedby=\"caption-attachment-99100\" style=\"width: 580px\" class=\"wp-caption alignnone\"><img data-recalc-dims=\"1\" loading=\"lazy\" decoding=\"async\" class=\"size-full wp-image-99100\" src=\"https:\/\/i0.wp.com\/eltrabajo.cl\/portal\/wp-content\/uploads\/2020\/05\/Rosa-Olivares.jpg?resize=580%2C358&#038;ssl=1\" alt=\"Rosa Olivares, vocera de los ex trabajadores de parqu\u00edmetros.\" width=\"580\" height=\"358\" srcset=\"https:\/\/i0.wp.com\/eltrabajo.cl\/portal\/wp-content\/uploads\/2020\/05\/Rosa-Olivares.jpg?w=580&amp;ssl=1 580w, https:\/\/i0.wp.com\/eltrabajo.cl\/portal\/wp-content\/uploads\/2020\/05\/Rosa-Olivares.jpg?resize=300%2C185&amp;ssl=1 300w, https:\/\/i0.wp.com\/eltrabajo.cl\/portal\/wp-content\/uploads\/2020\/05\/Rosa-Olivares.jpg?resize=200%2C123&amp;ssl=1 200w, https:\/\/i0.wp.com\/eltrabajo.cl\/portal\/wp-content\/uploads\/2020\/05\/Rosa-Olivares.jpg?resize=150%2C93&amp;ssl=1 150w\" sizes=\"auto, (max-width: 580px) 100vw, 580px\" \/><figcaption id=\"caption-attachment-99100\" class=\"wp-caption-text\">Rosa Olivares, vocera de los ex trabajadores de parqu\u00edmetros.<\/figcaption><\/figure>\n","protected":false},"excerpt":{"rendered":"<p>De brazos cruzados, sin trabajar y sin poder cobrar el seguro de cesant\u00eda, est\u00e1n hoy en d\u00eda los trabajadores de parqu\u00edmetros de San Felipe. M\u00e1s ahora deber\u00e1n seguir esperando porque despu\u00e9s que&#8230;<\/p>\n","protected":false},"author":482,"featured_media":99100,"comment_status":"closed","ping_status":"closed","sticky":false,"template":"","format":"standard","meta":{"advanced_seo_description":"","jetpack_seo_html_title":"","jetpack_seo_noindex":false,"_jetpack_memberships_contains_paid_content":false,"footnotes":""},"categories":[103],"tags":[],"class_list":["post-99099","post","type-post","status-publish","format-standard","has-post-thumbnail","hentry","category-cronica-2"],"jetpack_featured_media_url":"https:\/\/i0.wp.com\/eltrabajo.cl\/portal\/wp-content\/uploads\/2020\/05\/Rosa-Olivares.jpg?fit=580%2C358&ssl=1","jetpack_sharing_enabled":true,"jetpack_likes_enabled":true,"jetpack-related-posts":[],"_links":{"self":[{"href":"https:\/\/eltrabajo.cl\/portal\/wp-json\/wp\/v2\/posts\/99099","targetHints":{"allow":["GET"]}}],"collection":[{"href":"https:\/\/eltrabajo.cl\/portal\/wp-json\/wp\/v2\/posts"}],"about":[{"href":"https:\/\/eltrabajo.cl\/portal\/wp-json\/wp\/v2\/types\/post"}],"author":[{"embeddable":true,"href":"https:\/\/eltrabajo.cl\/portal\/wp-json\/wp\/v2\/users\/482"}],"replies":[{"embeddable":true,"href":"https:\/\/eltrabajo.cl\/portal\/wp-json\/wp\/v2\/comments?post=99099"}],"version-history":[{"count":0,"href":"https:\/\/eltrabajo.cl\/portal\/wp-json\/wp\/v2\/posts\/99099\/revisions"}],"wp:featuredmedia":[{"embeddable":true,"href":"https:\/\/eltrabajo.cl\/portal\/wp-json\/wp\/v2\/media\/99100"}],"wp:attachment":[{"href":"https:\/\/eltrabajo.cl\/portal\/wp-json\/wp\/v2\/media?parent=99099"}],"wp:term":[{"taxonomy":"category","embeddable":true,"href":"https:\/\/eltrabajo.cl\/portal\/wp-json\/wp\/v2\/categories?post=99099"},{"taxonomy":"post_tag","embeddable":true,"href":"https:\/\/eltrabajo.cl\/portal\/wp-json\/wp\/v2\/tags?post=99099"}],"curies":[{"name":"wp","href":"https:\/\/api.w.org\/{rel}","templated":true}]}}