{"id":99102,"date":"2020-05-27T07:40:42","date_gmt":"2020-05-27T11:40:42","guid":{"rendered":"https:\/\/www.eltrabajo.cl\/portal\/?p=99102"},"modified":"2020-05-26T21:41:50","modified_gmt":"2020-05-27T01:41:50","slug":"alcalde-freire-donara-su-sueldo-de-junio-a-familias-y-comedores-solidarios","status":"publish","type":"post","link":"https:\/\/eltrabajo.cl\/portal\/alcalde-freire-donara-su-sueldo-de-junio-a-familias-y-comedores-solidarios\/","title":{"rendered":"Alcalde Freire donar\u00e1 su sueldo de junio a familias y comedores solidarios"},"content":{"rendered":"<p style=\"text-align: justify;\"><span style=\"color: #c81400;\"><strong>Concejal Dante Rodr\u00edguez tambi\u00e9n se uni\u00f3 a la iniciativa:<\/strong><\/span><\/p>\n<p style=\"text-align: justify;\">Una inusual noticia es la que se supo a nivel municipal en relaci\u00f3n a la iniciativa que el alcalde de San Felipe, <strong>Patricio Freire Canto<\/strong>, ha tenido al ofrecer donar \u00edntegramente todo su sueldo del mes de junio para el beneficio de las familias que lo necesiten en nuestra comuna. La informaci\u00f3n la confirm\u00f3 a <strong>Diario El Trabajo<\/strong> el propio jefe comunal, quien explic\u00f3 sus razones.<\/p>\n<p style=\"text-align: justify;\">\u00ab<em>M\u00e1s all\u00e1 de ser solidario con quienes est\u00e1n quiz\u00e1s con deudas, sin trabajo y sin liquidez para poder llevar bocado a su casa, considero que esta iniciativa corresponde tambi\u00e9n a lanzar un amable desaf\u00edo a quienes podemos hacerlo, para que lo hagamos<\/em>\u00bb, dijo Freire.<\/p>\n<p style=\"text-align: justify;\">&#8211; <strong>\u00bfC\u00f3mo se distribuir\u00e1 el dinero que usted donar\u00e1?<\/strong><\/p>\n<p style=\"text-align: justify;\">&#8211; Lo que planeamos hacer es tomar tal cual recibo mi cheque todos los meses, \u00edntegramente que lo cambie personal municipal asignado. La idea es que se compre mucha mercader\u00eda para el hogar, se har\u00e1n canastas familiares y tambi\u00e9n se entregar\u00e1 mercader\u00eda a quienes est\u00e1n desarrollando estos comedores solidarios en nuestra comuna, todo ir\u00e1 para quienes m\u00e1s lo necesitan.<\/p>\n<p style=\"text-align: justify;\">&#8211; <strong>\u00bfDe cu\u00e1nto dinero estamos hablando?<\/strong><\/p>\n<p style=\"text-align: justify;\">&#8211; Bueno, es poco, m\u00e1s de $4.200.000 lo que se destinar\u00e1 a esta iniciativa. Tambi\u00e9n quiero aprovechar para invitar a quienes puedan hacerlo, a los concejales que tienen su profesi\u00f3n y ganan su buen salario, para que tambi\u00e9n aporten a estas familias.<\/p>\n<p style=\"text-align: justify;\">&#8211; <strong>\u00bfC\u00f3mo est\u00e1 llevando usted su cuarentena?<\/strong><\/p>\n<p style=\"text-align: justify;\">&#8211; Bueno yo estoy bien en mi casa, ayer me hice la prueba PCR y sal\u00ed negativo. Hay que tomar en cuenta que estuve reunido con el Seremi de Salud, la cercan\u00eda fue notoria y debo por lo tanto seguir en mi casa.<\/p>\n<p style=\"text-align: justify;\">Otro personaje p\u00fablico que tambi\u00e9n se uni\u00f3 a esta iniciativa del alcalde, es el concejal <strong>Dante Rodr\u00edguez<\/strong>, quien tambi\u00e9n donar\u00e1 su salario del mes de junio, o sea, cerca de $800.000.<\/p>\n<p style=\"text-align: justify;\"><strong>Roberto Gonz\u00e1lez Short<\/strong><\/p>\n<p style=\"text-align: justify;\">\n<figure id=\"attachment_99103\" aria-describedby=\"caption-attachment-99103\" style=\"width: 580px\" class=\"wp-caption alignnone\"><img data-recalc-dims=\"1\" loading=\"lazy\" decoding=\"async\" class=\"size-full wp-image-99103\" src=\"https:\/\/i0.wp.com\/eltrabajo.cl\/portal\/wp-content\/uploads\/2020\/05\/Comedores_Patricio-Freire.jpg?resize=580%2C600&#038;ssl=1\" alt=\"Patricio Freire Canto, alcalde sanfelipe\u00f1o que donar\u00e1 su salario de junio a las familias necesitadas.\" width=\"580\" height=\"600\" srcset=\"https:\/\/i0.wp.com\/eltrabajo.cl\/portal\/wp-content\/uploads\/2020\/05\/Comedores_Patricio-Freire.jpg?w=580&amp;ssl=1 580w, https:\/\/i0.wp.com\/eltrabajo.cl\/portal\/wp-content\/uploads\/2020\/05\/Comedores_Patricio-Freire.jpg?resize=290%2C300&amp;ssl=1 290w, https:\/\/i0.wp.com\/eltrabajo.cl\/portal\/wp-content\/uploads\/2020\/05\/Comedores_Patricio-Freire.jpg?resize=145%2C150&amp;ssl=1 145w\" sizes=\"auto, (max-width: 580px) 100vw, 580px\" \/><figcaption id=\"caption-attachment-99103\" class=\"wp-caption-text\">Patricio Freire Canto, alcalde sanfelipe\u00f1o que donar\u00e1 su salario de junio a las familias necesitadas.<\/figcaption><\/figure>\n<figure id=\"attachment_99104\" aria-describedby=\"caption-attachment-99104\" style=\"width: 580px\" class=\"wp-caption alignnone\"><img data-recalc-dims=\"1\" loading=\"lazy\" decoding=\"async\" class=\"size-full wp-image-99104\" src=\"https:\/\/i0.wp.com\/eltrabajo.cl\/portal\/wp-content\/uploads\/2020\/05\/Comedores1.jpg?resize=580%2C359&#038;ssl=1\" alt=\"SERVIDORAS SOLIDARIAS.- Claudia Moreno Zamora encargada, Gladys Maldonado Arancibia, Magaly Tranamil Tranamil, Myriam Rojas \u00c1ngel, Mayeiza Cort\u00e9s, y las religiosas franciscanas hermanas Rosita Troncoso y Carmen Gloria Aguilera, al frente del Comedor Solidario, todos ellos agradecer\u00edan aportes para el comedor solidario que mantienen funcionando. (Archivo)\" width=\"580\" height=\"359\" srcset=\"https:\/\/i0.wp.com\/eltrabajo.cl\/portal\/wp-content\/uploads\/2020\/05\/Comedores1.jpg?w=580&amp;ssl=1 580w, https:\/\/i0.wp.com\/eltrabajo.cl\/portal\/wp-content\/uploads\/2020\/05\/Comedores1.jpg?resize=300%2C186&amp;ssl=1 300w, https:\/\/i0.wp.com\/eltrabajo.cl\/portal\/wp-content\/uploads\/2020\/05\/Comedores1.jpg?resize=200%2C124&amp;ssl=1 200w, https:\/\/i0.wp.com\/eltrabajo.cl\/portal\/wp-content\/uploads\/2020\/05\/Comedores1.jpg?resize=150%2C93&amp;ssl=1 150w\" sizes=\"auto, (max-width: 580px) 100vw, 580px\" \/><figcaption id=\"caption-attachment-99104\" class=\"wp-caption-text\">SERVIDORAS SOLIDARIAS.- Claudia Moreno Zamora encargada, Gladys Maldonado Arancibia, Magaly Tranamil Tranamil, Myriam Rojas \u00c1ngel, Mayeiza Cort\u00e9s, y las religiosas franciscanas hermanas Rosita Troncoso y Carmen Gloria Aguilera, al frente del Comedor Solidario, todos ellos agradecer\u00edan aportes para el comedor solidario que mantienen funcionando. (Archivo)<\/figcaption><\/figure>\n","protected":false},"excerpt":{"rendered":"<p>Concejal Dante Rodr\u00edguez tambi\u00e9n se uni\u00f3 a la iniciativa: Una inusual noticia es la que se supo a nivel municipal en relaci\u00f3n a la iniciativa que el alcalde de San Felipe, Patricio&#8230;<\/p>\n","protected":false},"author":482,"featured_media":99104,"comment_status":"closed","ping_status":"closed","sticky":false,"template":"","format":"standard","meta":{"advanced_seo_description":"","jetpack_seo_html_title":"","jetpack_seo_noindex":false,"_jetpack_memberships_contains_paid_content":false,"footnotes":""},"categories":[15],"tags":[],"class_list":["post-99102","post","type-post","status-publish","format-standard","has-post-thumbnail","hentry","category-comunidad"],"jetpack_featured_media_url":"https:\/\/i0.wp.com\/eltrabajo.cl\/portal\/wp-content\/uploads\/2020\/05\/Comedores1.jpg?fit=580%2C359&ssl=1","jetpack_sharing_enabled":true,"jetpack_likes_enabled":true,"jetpack-related-posts":[],"_links":{"self":[{"href":"https:\/\/eltrabajo.cl\/portal\/wp-json\/wp\/v2\/posts\/99102","targetHints":{"allow":["GET"]}}],"collection":[{"href":"https:\/\/eltrabajo.cl\/portal\/wp-json\/wp\/v2\/posts"}],"about":[{"href":"https:\/\/eltrabajo.cl\/portal\/wp-json\/wp\/v2\/types\/post"}],"author":[{"embeddable":true,"href":"https:\/\/eltrabajo.cl\/portal\/wp-json\/wp\/v2\/users\/482"}],"replies":[{"embeddable":true,"href":"https:\/\/eltrabajo.cl\/portal\/wp-json\/wp\/v2\/comments?post=99102"}],"version-history":[{"count":0,"href":"https:\/\/eltrabajo.cl\/portal\/wp-json\/wp\/v2\/posts\/99102\/revisions"}],"wp:featuredmedia":[{"embeddable":true,"href":"https:\/\/eltrabajo.cl\/portal\/wp-json\/wp\/v2\/media\/99104"}],"wp:attachment":[{"href":"https:\/\/eltrabajo.cl\/portal\/wp-json\/wp\/v2\/media?parent=99102"}],"wp:term":[{"taxonomy":"category","embeddable":true,"href":"https:\/\/eltrabajo.cl\/portal\/wp-json\/wp\/v2\/categories?post=99102"},{"taxonomy":"post_tag","embeddable":true,"href":"https:\/\/eltrabajo.cl\/portal\/wp-json\/wp\/v2\/tags?post=99102"}],"curies":[{"name":"wp","href":"https:\/\/api.w.org\/{rel}","templated":true}]}}