{"id":99106,"date":"2020-05-27T07:50:15","date_gmt":"2020-05-27T11:50:15","guid":{"rendered":"https:\/\/www.eltrabajo.cl\/portal\/?p=99106"},"modified":"2020-05-26T21:48:10","modified_gmt":"2020-05-27T01:48:10","slug":"hoy-cumpleanos-voluntario-con-77-anos-de-servicio-en-bomberos-san-felipe","status":"publish","type":"post","link":"https:\/\/eltrabajo.cl\/portal\/hoy-cumpleanos-voluntario-con-77-anos-de-servicio-en-bomberos-san-felipe\/","title":{"rendered":"Hoy cumplea\u00f1os voluntario con 77 a\u00f1os de servicio en Bomberos San Felipe"},"content":{"rendered":"<p style=\"text-align: justify;\"><span style=\"color: #c81400;\"><strong>Segunda C\u00eda. le rendir\u00e1 homenaje frente a su casa:<\/strong><\/span><\/p>\n<p>Hoy cumple 98 a\u00f1os de edad el bombero con 77 a\u00f1os de servicio en Bomberos San Felipe<\/p>\n<p style=\"text-align: justify;\">Hoy mi\u00e9rcoles es un d\u00eda muy especial para toda la familia bomberil del Valle de Aconcagua, especialmente para la Segunda Compa\u00f1\u00eda de Bomberos San Felipe, pues el bombero de mayor edad y quien tiene tambi\u00e9n m\u00e1s a\u00f1os en el Cuerpo de Bomberos de nuestra ciudad, <strong><em>Ismael Gregorio Herrera Ben\u00edtez<\/em><\/strong>, est\u00e1 cumpliendo 98 a\u00f1os de edad, motivo que anim\u00f3 a la directiva de la Segunda Compa\u00f1\u00eda a organizar un c\u00e1lido homenaje frente a su casa de habitaci\u00f3n ubicada en calle 5 de Abril.<\/p>\n<p style=\"text-align: justify;\"><strong>Diario El Trabajo<\/strong> pudo hablar con don Ismael ayer martes en su casa de habitaci\u00f3n, tras cumplir las medidas sanitarias de la familia y nosotros como medio. En esta oportunidad Ismael Herrera, quien ha sido distinguido como Bombero Insigne e Hijo Ilustre de San Felipe, nos habl\u00f3 de su vida personal y profesional. Aqu\u00ed compartimos con nuestros lectores sus palabras.<\/p>\n<p style=\"text-align: justify;\">&#8211; <strong>Le notamos contento, \u00bfqu\u00e9 le parece que este mi\u00e9rcoles le rindan este homenaje por su cumplea\u00f1os y por ser el bombero de m\u00e1s larga data en todo San Felipe?<\/strong><\/p>\n<p style=\"text-align: justify;\">&#8211; Muy contento s\u00ed, aqu\u00ed en estricta cuarentena, oyendo m\u00fasica, muy orgulloso al saber que Bomberos me visite para mi cumplea\u00f1os. Para m\u00ed es un agrado el ser objeto de estas finas atenciones.<\/p>\n<p style=\"text-align: justify;\">&#8211; <strong>H\u00e1blenos un poco sobre su vida y sus inicios en Bomberos de San Felipe<\/strong><\/p>\n<p style=\"text-align: justify;\">&#8211; Nac\u00ed el s\u00e1bado 22 de mayo de 1922 en Santiago, a los pocos d\u00edas me traen a vivir a San Felipe, o sea, yo soy sanfelipe\u00f1o, toda mi vida he vivido aqu\u00ed. Como bombero me iniciaron el jueves 18 de noviembre de 1943, a la edad de 21 a\u00f1os. A lo largo del tiempo desempe\u00f1\u00e9 todos los cargos dentro de la instituci\u00f3n, llegando a ser mi d\u00e9cada m\u00e1s activa en los a\u00f1os cincuenta, cuando fui director de la Segunda Compa\u00f1\u00eda.<\/p>\n<p style=\"text-align: justify;\">&#8211; <strong>\u00bfC\u00f3mo lo ha tratado la vida en el amor?<\/strong><\/p>\n<p style=\"text-align: justify;\">&#8211; Muy bien, no me puedo quejar, me cas\u00e9 con quien fue mi esposa <strong>Isabel Herrera<\/strong>, con ella procreamos tres hijos: Ismael Eduardo, Nicol\u00e1s e Isabel Rosario, de ellos recib\u00ed una pila de nietos y ya perd\u00ed la cuenta de los muchos bisnietos que tengo. S\u00ed, la vida ha sido buena y justa conmigo.<\/p>\n<p style=\"text-align: justify;\">&#8211; <strong>\u00bfA qu\u00e9 se dedic\u00f3 usted, c\u00f3mo se gan\u00f3 la vida?<\/strong><\/p>\n<p style=\"text-align: justify;\">&#8211; Yo labor\u00e9 por muchos a\u00f1os en el Liceo de Hombres, fui inspector del colegio.<\/p>\n<p style=\"text-align: justify;\">&#8211; <strong>\u00bfCu\u00e1les fueron sus aficiones cuando joven?<\/strong><\/p>\n<p style=\"text-align: justify;\">&#8211; Me encantaba mucho el f\u00fatbol, particip\u00e9 activamente en la fundaci\u00f3n del Uni\u00f3n San Felipe, tambi\u00e9n jugu\u00e9 a la pelota con varios clubes del valle, clubes como Manuel Rodr\u00edguez, lo fundamos el 12 de octubre de 1942, y tambi\u00e9n con otros clubes deportivos de la \u00e9poca.<\/p>\n<p style=\"text-align: justify;\">&#8211; <strong>\u00bfAlg\u00fan sue\u00f1o que usted a la fecha no ha logrado cumplir?<\/strong><\/p>\n<p style=\"text-align: justify;\">&#8211; S\u00ed, desde joven quise viajar y conocer pa\u00edses de Europa, hablo de Espa\u00f1a, Francia, Egipto, todos esos lugares de la antig\u00fcedad, pero no pude, y cuando pude ya no era el momento. Mis otras metas y sue\u00f1os s\u00ed los cumpl\u00ed.<\/p>\n<p style=\"text-align: justify;\">&#8211; <strong>\u00bfAlg\u00fan mensaje para las nuevas generaciones de j\u00f3venes bomberos?<\/strong><\/p>\n<p style=\"text-align: justify;\">&#8211; A los bomberos que vienen detr\u00e1s de m\u00ed, y a los m\u00e1s j\u00f3venes, quiero decirles que si lo pensaron bien y decidieron quedarse en la instituci\u00f3n, que nunca la abandonen, especialmente que aguanten los dos primeros a\u00f1os, pues son los m\u00e1s importantes, son los a\u00f1os de formaci\u00f3n, el resto ser\u00e1 m\u00e1s f\u00e1cil.<\/p>\n<p style=\"text-align: justify;\">\n<p style=\"text-align: justify;\"><span style=\"color: #c81400;\"><strong>MUCHOS SALUDOS<\/strong><\/span><\/p>\n<p style=\"text-align: justify;\"><strong>Diario El Trabajo<\/strong> tambi\u00e9n atendi\u00f3 la solicitud de varias autoridades bomberiles que quisieron saludar al feliz cumplea\u00f1ero mediante esta entrevista.<\/p>\n<p style=\"text-align: justify;\">&#8211; <strong>Julio Hardoy, superintendente de Bomberos San Felipe<\/strong>: <em>\u00abNuestro directorio general saludamos con mucho agrado en este d\u00eda tan especial a nuestro Emblema Institucional Ismael Herrera Ben\u00edtez, nuestro Director Honorario con la primera antig\u00fcedad de Bomberos San Felipe, un hombre que tuvo la fuerza para luchar contra la adversidad institucional en los momentos m\u00e1s dif\u00edciles que tuvo nuestro Cuerpo de Bomberos, cuando viv\u00edamos situaciones econ\u00f3micas muy complejas y ten\u00edamos muy pocos recursos; \u00e9l en lo personal ha sido mi maestro, me ense\u00f1\u00f3 mucho cuando juntos estuvimos en la Segunda Compa\u00f1\u00eda<\/em>\u00bb.<\/p>\n<p style=\"text-align: justify;\">&#8211; <strong>Claudio Rodr\u00edguez Cataldo, gobernador de San Felipe<\/strong>: <em>\u00abSiempre me sumo con mucha alegr\u00eda y entusiasmo, quiero saludarlo hoy a Ismael Herrera, Hijo Ilustre de San Felipe, quien est\u00e1 este mi\u00e9rcoles cumpliendo sus 98 a\u00f1os de edad. A \u00e9l lo reconocemos como un gran servidor p\u00fablico, es el bombero m\u00e1s antiguo de nuestra provincia, fue regidor de la Municipalidad de San Felipe y comerciante por muchos a\u00f1os, es Bombero Insigne de Chile y a quien hoy le deseamos Feliz Cumplea\u00f1os<\/em>\u00bb.<\/p>\n<p style=\"text-align: justify;\">&#8211; <strong>Marcelo Herrera Barrera, director Segunda Compa\u00f1\u00eda de Bomberos San Felipe<\/strong>: <em>\u00abEl Director de la Segunda Compa\u00f1\u00eda Bomba La Internacional junto a sus camaradas, quiere saludar al miembro honorario de su Segunda Compa\u00f1\u00eda don Ismael Herrera Ben\u00edtez en su cumplea\u00f1os n\u00famero 98. Como Segunda Compa\u00f1\u00eda hoy sentimos el privilegio de contar en nuestras filas con tan honorable presencia y nos enorgullece hoy poder extender dos abrazos fraternos en su cumplea\u00f1os n\u00famero 98<\/em>\u00bb.<\/p>\n<p style=\"text-align: justify;\"><strong>Roberto Gonz\u00e1lez Short<\/strong><\/p>\n<p style=\"text-align: justify;\">\n<figure id=\"attachment_99108\" aria-describedby=\"caption-attachment-99108\" style=\"width: 580px\" class=\"wp-caption alignnone\"><img data-recalc-dims=\"1\" loading=\"lazy\" decoding=\"async\" class=\"size-full wp-image-99108\" src=\"https:\/\/i0.wp.com\/eltrabajo.cl\/portal\/wp-content\/uploads\/2020\/05\/Homenaje_Ismael-Herrera-copia.jpg?resize=580%2C600&#038;ssl=1\" alt=\"EL GRAN ROBLE.- As\u00ed luce en la actualidad este Tesoro Viviente de nuestra comunidad, Ismael Herrera Ben\u00edtez a la edad de 98 a\u00f1os.\" width=\"580\" height=\"600\" srcset=\"https:\/\/i0.wp.com\/eltrabajo.cl\/portal\/wp-content\/uploads\/2020\/05\/Homenaje_Ismael-Herrera-copia.jpg?w=580&amp;ssl=1 580w, https:\/\/i0.wp.com\/eltrabajo.cl\/portal\/wp-content\/uploads\/2020\/05\/Homenaje_Ismael-Herrera-copia.jpg?resize=290%2C300&amp;ssl=1 290w, https:\/\/i0.wp.com\/eltrabajo.cl\/portal\/wp-content\/uploads\/2020\/05\/Homenaje_Ismael-Herrera-copia.jpg?resize=145%2C150&amp;ssl=1 145w\" sizes=\"auto, (max-width: 580px) 100vw, 580px\" \/><figcaption id=\"caption-attachment-99108\" class=\"wp-caption-text\">EL GRAN ROBLE.- As\u00ed luce en la actualidad este Tesoro Viviente de nuestra comunidad, Ismael Herrera Ben\u00edtez a la edad de 98 a\u00f1os.<\/figcaption><\/figure>\n<figure id=\"attachment_99109\" aria-describedby=\"caption-attachment-99109\" style=\"width: 579px\" class=\"wp-caption alignnone\"><img data-recalc-dims=\"1\" loading=\"lazy\" decoding=\"async\" class=\"size-full wp-image-99109\" src=\"https:\/\/i0.wp.com\/eltrabajo.cl\/portal\/wp-content\/uploads\/2020\/05\/Homenaje_Ismael-Herrera-joven.jpg?resize=579%2C679&#038;ssl=1\" alt=\"FLAMANTE DIRECTOR.- As\u00ed luc\u00eda Ismael cuando en 1963 era el director de la Segunda Compa\u00f1\u00eda de Bomberos San Felipe.\" width=\"579\" height=\"679\" srcset=\"https:\/\/i0.wp.com\/eltrabajo.cl\/portal\/wp-content\/uploads\/2020\/05\/Homenaje_Ismael-Herrera-joven.jpg?w=579&amp;ssl=1 579w, https:\/\/i0.wp.com\/eltrabajo.cl\/portal\/wp-content\/uploads\/2020\/05\/Homenaje_Ismael-Herrera-joven.jpg?resize=256%2C300&amp;ssl=1 256w, https:\/\/i0.wp.com\/eltrabajo.cl\/portal\/wp-content\/uploads\/2020\/05\/Homenaje_Ismael-Herrera-joven.jpg?resize=128%2C150&amp;ssl=1 128w\" sizes=\"auto, (max-width: 579px) 100vw, 579px\" \/><figcaption id=\"caption-attachment-99109\" class=\"wp-caption-text\">FLAMANTE DIRECTOR.- As\u00ed luc\u00eda Ismael cuando en 1963 era el director de la Segunda Compa\u00f1\u00eda de Bomberos San Felipe.<\/figcaption><\/figure>\n<figure id=\"attachment_99113\" aria-describedby=\"caption-attachment-99113\" style=\"width: 580px\" class=\"wp-caption alignnone\"><img data-recalc-dims=\"1\" loading=\"lazy\" decoding=\"async\" class=\"size-full wp-image-99113\" src=\"https:\/\/i0.wp.com\/eltrabajo.cl\/portal\/wp-content\/uploads\/2020\/05\/Homenaje1.jpg?resize=580%2C359&#038;ssl=1\" alt=\"TRAYECTORIA REGISTRADA.- Aqu\u00ed vemos la Ficha de afiliaci\u00f3n del entonces joven Ismael Herrera, cuando lleg\u00f3 a la Segunda en 1943.\" width=\"580\" height=\"359\" srcset=\"https:\/\/i0.wp.com\/eltrabajo.cl\/portal\/wp-content\/uploads\/2020\/05\/Homenaje1.jpg?w=580&amp;ssl=1 580w, https:\/\/i0.wp.com\/eltrabajo.cl\/portal\/wp-content\/uploads\/2020\/05\/Homenaje1.jpg?resize=300%2C186&amp;ssl=1 300w, https:\/\/i0.wp.com\/eltrabajo.cl\/portal\/wp-content\/uploads\/2020\/05\/Homenaje1.jpg?resize=200%2C124&amp;ssl=1 200w, https:\/\/i0.wp.com\/eltrabajo.cl\/portal\/wp-content\/uploads\/2020\/05\/Homenaje1.jpg?resize=150%2C93&amp;ssl=1 150w\" sizes=\"auto, (max-width: 580px) 100vw, 580px\" \/><figcaption id=\"caption-attachment-99113\" class=\"wp-caption-text\">TRAYECTORIA REGISTRADA.- Aqu\u00ed vemos la Ficha de afiliaci\u00f3n del entonces joven Ismael Herrera, cuando lleg\u00f3 a la Segunda en 1943.<\/figcaption><\/figure>\n<figure id=\"attachment_99115\" aria-describedby=\"caption-attachment-99115\" style=\"width: 580px\" class=\"wp-caption alignnone\"><img data-recalc-dims=\"1\" loading=\"lazy\" decoding=\"async\" class=\"size-full wp-image-99115\" src=\"https:\/\/i0.wp.com\/eltrabajo.cl\/portal\/wp-content\/uploads\/2020\/05\/Homenaje3.jpg?resize=580%2C359&#038;ssl=1\" alt=\"HONOR EN VIDA.- Aqu\u00ed tenemos s\u00f3lo algunas de sus medallas, toda una vida ofrecida a los dem\u00e1s por parte de este ejemplar ciudadano.\" width=\"580\" height=\"359\" srcset=\"https:\/\/i0.wp.com\/eltrabajo.cl\/portal\/wp-content\/uploads\/2020\/05\/Homenaje3.jpg?w=580&amp;ssl=1 580w, https:\/\/i0.wp.com\/eltrabajo.cl\/portal\/wp-content\/uploads\/2020\/05\/Homenaje3.jpg?resize=300%2C186&amp;ssl=1 300w, https:\/\/i0.wp.com\/eltrabajo.cl\/portal\/wp-content\/uploads\/2020\/05\/Homenaje3.jpg?resize=200%2C124&amp;ssl=1 200w, https:\/\/i0.wp.com\/eltrabajo.cl\/portal\/wp-content\/uploads\/2020\/05\/Homenaje3.jpg?resize=150%2C93&amp;ssl=1 150w\" sizes=\"auto, (max-width: 580px) 100vw, 580px\" \/><figcaption id=\"caption-attachment-99115\" class=\"wp-caption-text\">HONOR EN VIDA.- Aqu\u00ed tenemos s\u00f3lo algunas de sus medallas, toda una vida ofrecida a los dem\u00e1s por parte de este ejemplar ciudadano.<\/figcaption><\/figure>\n<figure id=\"attachment_99114\" aria-describedby=\"caption-attachment-99114\" style=\"width: 579px\" class=\"wp-caption alignnone\"><img data-recalc-dims=\"1\" loading=\"lazy\" decoding=\"async\" class=\"size-full wp-image-99114\" src=\"https:\/\/i0.wp.com\/eltrabajo.cl\/portal\/wp-content\/uploads\/2020\/05\/Homenaje2.jpg?resize=579%2C800&#038;ssl=1\" alt=\"HIJO ILUSTRE.- Este galvano certifica tambi\u00e9n que en 2001 Ismael fue distinguido como Hijo Ilustre de nuestra ciudad.\" width=\"579\" height=\"800\" srcset=\"https:\/\/i0.wp.com\/eltrabajo.cl\/portal\/wp-content\/uploads\/2020\/05\/Homenaje2.jpg?w=579&amp;ssl=1 579w, https:\/\/i0.wp.com\/eltrabajo.cl\/portal\/wp-content\/uploads\/2020\/05\/Homenaje2.jpg?resize=217%2C300&amp;ssl=1 217w, https:\/\/i0.wp.com\/eltrabajo.cl\/portal\/wp-content\/uploads\/2020\/05\/Homenaje2.jpg?resize=109%2C150&amp;ssl=1 109w\" sizes=\"auto, (max-width: 579px) 100vw, 579px\" \/><figcaption id=\"caption-attachment-99114\" class=\"wp-caption-text\">HIJO ILUSTRE.- Este galvano certifica tambi\u00e9n que en 2001 Ismael fue distinguido como Hijo Ilustre de nuestra ciudad.<\/figcaption><\/figure>\n<figure id=\"attachment_99107\" aria-describedby=\"caption-attachment-99107\" style=\"width: 580px\" class=\"wp-caption alignnone\"><img data-recalc-dims=\"1\" loading=\"lazy\" decoding=\"async\" class=\"size-full wp-image-99107\" src=\"https:\/\/i0.wp.com\/eltrabajo.cl\/portal\/wp-content\/uploads\/2020\/05\/Homenaje_Claudio-Rodriguez.jpg?resize=580%2C598&#038;ssl=1\" alt=\"Claudio Rodr\u00edguez Cataldo, gobernador de San Felipe.\" width=\"580\" height=\"598\" srcset=\"https:\/\/i0.wp.com\/eltrabajo.cl\/portal\/wp-content\/uploads\/2020\/05\/Homenaje_Claudio-Rodriguez.jpg?w=580&amp;ssl=1 580w, https:\/\/i0.wp.com\/eltrabajo.cl\/portal\/wp-content\/uploads\/2020\/05\/Homenaje_Claudio-Rodriguez.jpg?resize=291%2C300&amp;ssl=1 291w, https:\/\/i0.wp.com\/eltrabajo.cl\/portal\/wp-content\/uploads\/2020\/05\/Homenaje_Claudio-Rodriguez.jpg?resize=145%2C150&amp;ssl=1 145w\" sizes=\"auto, (max-width: 580px) 100vw, 580px\" \/><figcaption id=\"caption-attachment-99107\" class=\"wp-caption-text\">Claudio Rodr\u00edguez Cataldo, gobernador de San Felipe.<\/figcaption><\/figure>\n<figure id=\"attachment_99112\" aria-describedby=\"caption-attachment-99112\" style=\"width: 579px\" class=\"wp-caption alignnone\"><img data-recalc-dims=\"1\" loading=\"lazy\" decoding=\"async\" class=\"size-full wp-image-99112\" src=\"https:\/\/i0.wp.com\/eltrabajo.cl\/portal\/wp-content\/uploads\/2020\/05\/Homenaje_Marcelo-Herrera.jpg?resize=579%2C600&#038;ssl=1\" alt=\"Marcelo Herrera Barrera, director Segunda Compa\u00f1\u00eda de Bomberos San Felipe.\" width=\"579\" height=\"600\" srcset=\"https:\/\/i0.wp.com\/eltrabajo.cl\/portal\/wp-content\/uploads\/2020\/05\/Homenaje_Marcelo-Herrera.jpg?w=579&amp;ssl=1 579w, https:\/\/i0.wp.com\/eltrabajo.cl\/portal\/wp-content\/uploads\/2020\/05\/Homenaje_Marcelo-Herrera.jpg?resize=290%2C300&amp;ssl=1 290w, https:\/\/i0.wp.com\/eltrabajo.cl\/portal\/wp-content\/uploads\/2020\/05\/Homenaje_Marcelo-Herrera.jpg?resize=145%2C150&amp;ssl=1 145w\" sizes=\"auto, (max-width: 579px) 100vw, 579px\" \/><figcaption id=\"caption-attachment-99112\" class=\"wp-caption-text\">Marcelo Herrera Barrera, director Segunda Compa\u00f1\u00eda de Bomberos San Felipe.<\/figcaption><\/figure>\n<figure id=\"attachment_99111\" aria-describedby=\"caption-attachment-99111\" style=\"width: 580px\" class=\"wp-caption alignnone\"><img data-recalc-dims=\"1\" loading=\"lazy\" decoding=\"async\" class=\"size-full wp-image-99111\" src=\"https:\/\/i0.wp.com\/eltrabajo.cl\/portal\/wp-content\/uploads\/2020\/05\/Homenaje_Julio-Hardoy.jpg?resize=580%2C598&#038;ssl=1\" alt=\"Julio Hardoy, superintendente saliente del Cuerpo de Bomberos San Felipe.\" width=\"580\" height=\"598\" srcset=\"https:\/\/i0.wp.com\/eltrabajo.cl\/portal\/wp-content\/uploads\/2020\/05\/Homenaje_Julio-Hardoy.jpg?w=580&amp;ssl=1 580w, https:\/\/i0.wp.com\/eltrabajo.cl\/portal\/wp-content\/uploads\/2020\/05\/Homenaje_Julio-Hardoy.jpg?resize=291%2C300&amp;ssl=1 291w, https:\/\/i0.wp.com\/eltrabajo.cl\/portal\/wp-content\/uploads\/2020\/05\/Homenaje_Julio-Hardoy.jpg?resize=145%2C150&amp;ssl=1 145w\" sizes=\"auto, (max-width: 580px) 100vw, 580px\" \/><figcaption id=\"caption-attachment-99111\" class=\"wp-caption-text\">Julio Hardoy, superintendente saliente del Cuerpo de Bomberos San Felipe.<\/figcaption><\/figure>\n","protected":false},"excerpt":{"rendered":"<p>Segunda C\u00eda. le rendir\u00e1 homenaje frente a su casa: Hoy cumple 98 a\u00f1os de edad el bombero con 77 a\u00f1os de servicio en Bomberos San Felipe Hoy mi\u00e9rcoles es un d\u00eda muy&#8230;<\/p>\n","protected":false},"author":482,"featured_media":99110,"comment_status":"closed","ping_status":"closed","sticky":false,"template":"","format":"standard","meta":{"advanced_seo_description":"","jetpack_seo_html_title":"","jetpack_seo_noindex":false,"_jetpack_memberships_contains_paid_content":false,"footnotes":""},"categories":[15],"tags":[],"class_list":["post-99106","post","type-post","status-publish","format-standard","has-post-thumbnail","hentry","category-comunidad"],"jetpack_featured_media_url":"https:\/\/i0.wp.com\/eltrabajo.cl\/portal\/wp-content\/uploads\/2020\/05\/Homenaje_Ismael-Herrera.jpg?fit=580%2C359&ssl=1","jetpack_sharing_enabled":true,"jetpack_likes_enabled":true,"jetpack-related-posts":[],"_links":{"self":[{"href":"https:\/\/eltrabajo.cl\/portal\/wp-json\/wp\/v2\/posts\/99106","targetHints":{"allow":["GET"]}}],"collection":[{"href":"https:\/\/eltrabajo.cl\/portal\/wp-json\/wp\/v2\/posts"}],"about":[{"href":"https:\/\/eltrabajo.cl\/portal\/wp-json\/wp\/v2\/types\/post"}],"author":[{"embeddable":true,"href":"https:\/\/eltrabajo.cl\/portal\/wp-json\/wp\/v2\/users\/482"}],"replies":[{"embeddable":true,"href":"https:\/\/eltrabajo.cl\/portal\/wp-json\/wp\/v2\/comments?post=99106"}],"version-history":[{"count":0,"href":"https:\/\/eltrabajo.cl\/portal\/wp-json\/wp\/v2\/posts\/99106\/revisions"}],"wp:featuredmedia":[{"embeddable":true,"href":"https:\/\/eltrabajo.cl\/portal\/wp-json\/wp\/v2\/media\/99110"}],"wp:attachment":[{"href":"https:\/\/eltrabajo.cl\/portal\/wp-json\/wp\/v2\/media?parent=99106"}],"wp:term":[{"taxonomy":"category","embeddable":true,"href":"https:\/\/eltrabajo.cl\/portal\/wp-json\/wp\/v2\/categories?post=99106"},{"taxonomy":"post_tag","embeddable":true,"href":"https:\/\/eltrabajo.cl\/portal\/wp-json\/wp\/v2\/tags?post=99106"}],"curies":[{"name":"wp","href":"https:\/\/api.w.org\/{rel}","templated":true}]}}