{"id":99117,"date":"2020-05-27T08:00:06","date_gmt":"2020-05-27T12:00:06","guid":{"rendered":"https:\/\/www.eltrabajo.cl\/portal\/?p=99117"},"modified":"2020-05-26T21:53:44","modified_gmt":"2020-05-27T01:53:44","slug":"carabineros-de-llay-llay-detiene-a-sujeto-que-les-disparo-con-escopeta-hechiza","status":"publish","type":"post","link":"https:\/\/eltrabajo.cl\/portal\/carabineros-de-llay-llay-detiene-a-sujeto-que-les-disparo-con-escopeta-hechiza\/","title":{"rendered":"Carabineros de Llay Llay detiene a sujeto que les dispar\u00f3 con escopeta hechiza"},"content":{"rendered":"<p style=\"text-align: justify;\"><span style=\"color: #c81400;\"><strong>Atentado al momento de controlar veh\u00edculo en que se desplazaban:<\/strong><\/span><\/p>\n<p style=\"text-align: justify;\">Carabineros de la subcomisar\u00eda de Llay Llay detuvo a dos sujetos, uno de ellos acusado de haber disparado a mansalva a los funcionarios policiales en los momentos que proced\u00edan a controlarlos por un llamado donde los denunciaban que andaban disparando y amenazando a las personas en la v\u00eda p\u00fablica, en ese caso en el sector de Santa Teresa y El Salitre de esa comuna.<\/p>\n<p style=\"text-align: justify;\">La informaci\u00f3n fue confirmada por el capit\u00e1n de Carabineros <strong>Rafael Ram\u00edrez<\/strong>, indicando que esto ocurri\u00f3 el d\u00eda lunes 25 de mayo,\u00a0 pasado el mediod\u00eda.<\/p>\n<p style=\"text-align: justify;\">\u00ab<em>Efectivamente el d\u00eda lunes, pasado el mediod\u00eda aproximadamente, personal de Carabineros de la Subcomisar\u00eda de Llay Llay recibi\u00f3 un llamado telef\u00f3nico al celular del cuadrante, donde una persona de sexo femenino se\u00f1alaba que en el sector de Santa Teresa hab\u00eda dos sujetos armados a bordo de un veh\u00edculo efectuando disparos y amenazas en el sector. En ese contexto personal de Carabineros se traslada de inmediato al lugar y en el trayecto reciben un segundo llamado de esta misma persona, indicando que los sujetos se hab\u00edan dado a la fuga del sector hacia El Salitre. Entonces carabineros se dirigen a este sector y en el patrullaje se encuentran de frente con estos sujetos, quienes se dan a la fuga por distintas calles y posteriormente, al momento de querer controlar a estos individuos, uno de \u00e9stos desde el mismo interior del veh\u00edculo, el propio conductor del veh\u00edculo efectu\u00f3 un disparo\u00a0 con\u00a0 una escopeta hechiza contra el personal de Carabineros\u00bb,<\/em> se\u00f1al\u00f3.<\/p>\n<p style=\"text-align: justify;\">Luego los carabineros descendieron del radio patrullas para poder controlar a estos sujetos; <em>\u00aben ese momento el conductor se baja del veh\u00edculo con la escopeta hechiza en la mano,\u00a0 con la cual ya hab\u00eda\u00a0 disparado contra Carabineros. En ese momento uno de los carabineros saca su armamento de servicio, efect\u00faa un disparo contra estos sujetos, debido al riesgo inminente que estaba presente, logrando lesionar a este sujeto, el conductor del veh\u00edculo, logrando la detenci\u00f3n en el mismo lugar de los hechos en el sector de El Salitre\u00bb,<\/em> se\u00f1al\u00f3.<\/p>\n<p style=\"text-align: justify;\">Comenta que cuando los funcionarios lo estaban reduciendo, llegaron\u00a0 personas conocidas, familiares de estos individuos, pobladores del sector, con claras intenciones de evitar el actuar policial y la detenci\u00f3n de estos sujetos, comenzando\u00a0 a agredir con piedras y elementos contundentes a los funcionarios: <em>\u00abAh\u00ed se producen da\u00f1os al veh\u00edculo policial que result\u00f3 con abolladuras en distintos sectores y ambos parabrisas destrozados, delantero y traseros\u00bb,<\/em> se\u00f1al\u00f3 Ram\u00edrez.<\/p>\n<p style=\"text-align: justify;\">Indic\u00f3 que uno detenidos pas\u00f3 a control de detenci\u00f3n, en este caso el chofer del veh\u00edculo que fue el que dispar\u00f3 contra Carabineros, al que tambi\u00e9n se le quit\u00f3 la escopeta hechiza, mientras que el otro individuo qued\u00f3 en libertad apercibido bajo el art\u00edculo 26 del C\u00f3digo Procesal Penal.<\/p>\n<p style=\"text-align: justify;\">&#8211; <strong>\u00bfCu\u00e1l fue el motivo que tuvo el fiscal para dejar en libertad a uno de los sujetos?<\/strong><\/p>\n<p style=\"text-align: justify;\">&#8211; \u00c9l era acompa\u00f1ante en el veh\u00edculo,\u00a0 no se pudo acreditar que efectivamente haya efectuado alg\u00fan tipo de amenaza contra Carabineros\u2026 Carabineros lo vio que andaba portando un arma de fuego, pero no se pudo comprobar porque los mismos pobladores se llevaron esa otra escopeta que andaba trayendo.<\/p>\n<p style=\"text-align: justify;\">Adem\u00e1s las personas lograron rescatar el auto en que andaban los antisociales.<\/p>\n<p style=\"text-align: justify;\">La expertiz de los Carabineros result\u00f3 clave para detener al autor de los disparos, porque lograron esposarlo junto al veh\u00edculo policial mientras deten\u00edan al acompa\u00f1ante.<\/p>\n<p style=\"text-align: justify;\">La persona fue detenida por homicidio tentado contra Carabineros,\u00a0 porte de arma de fuego prohibida, aparte se le encontr\u00f3 munici\u00f3n en los bolsillos.<\/p>\n<p style=\"text-align: justify;\">Cabe destacar que pese a todo no hubo carabineros heridos.<\/p>\n<p style=\"text-align: justify;\">Ambos individuos tienen un amplio prontuario policial y fueron identificados con las iniciales <strong>J.L.H.R.<\/strong>, de 26 a\u00f1os de edad, quien pas\u00f3 a control de detenci\u00f3n, y <strong>S.J.J.<\/strong>, de 30 a\u00f1os, quien qued\u00f3 en libertad.<\/p>\n<p style=\"text-align: justify;\">El imputado pas\u00f3 a control de detenci\u00f3n quedando en prisi\u00f3n preventiva, otorgando un plazo de tres meses para el cierre de la investigaci\u00f3n.<\/p>\n<p style=\"text-align: justify;\">\n<figure id=\"attachment_99119\" aria-describedby=\"caption-attachment-99119\" style=\"width: 580px\" class=\"wp-caption alignnone\"><img data-recalc-dims=\"1\" loading=\"lazy\" decoding=\"async\" class=\"size-full wp-image-99119\" src=\"https:\/\/i0.wp.com\/eltrabajo.cl\/portal\/wp-content\/uploads\/2020\/05\/RP-1.jpg?resize=580%2C360&#038;ssl=1\" alt=\"En la imagen se puede apreciar el da\u00f1o causado en el parabrisas del radio patrullas de Llay Llay.\" width=\"580\" height=\"360\" srcset=\"https:\/\/i0.wp.com\/eltrabajo.cl\/portal\/wp-content\/uploads\/2020\/05\/RP-1.jpg?w=580&amp;ssl=1 580w, https:\/\/i0.wp.com\/eltrabajo.cl\/portal\/wp-content\/uploads\/2020\/05\/RP-1.jpg?resize=300%2C186&amp;ssl=1 300w, https:\/\/i0.wp.com\/eltrabajo.cl\/portal\/wp-content\/uploads\/2020\/05\/RP-1.jpg?resize=200%2C124&amp;ssl=1 200w, https:\/\/i0.wp.com\/eltrabajo.cl\/portal\/wp-content\/uploads\/2020\/05\/RP-1.jpg?resize=150%2C93&amp;ssl=1 150w\" sizes=\"auto, (max-width: 580px) 100vw, 580px\" \/><figcaption id=\"caption-attachment-99119\" class=\"wp-caption-text\">En la imagen se puede apreciar el da\u00f1o causado en el parabrisas del radio patrullas de Llay Llay.<\/figcaption><\/figure>\n<figure id=\"attachment_99120\" aria-describedby=\"caption-attachment-99120\" style=\"width: 577px\" class=\"wp-caption alignnone\"><img data-recalc-dims=\"1\" loading=\"lazy\" decoding=\"async\" class=\"size-full wp-image-99120\" src=\"https:\/\/i0.wp.com\/eltrabajo.cl\/portal\/wp-content\/uploads\/2020\/05\/RP-2.jpg?resize=577%2C360&#038;ssl=1\" alt=\"El cristal o luneta de la parte trasera del veh\u00edculo policial tambi\u00e9n result\u00f3 con da\u00f1os.\" width=\"577\" height=\"360\" srcset=\"https:\/\/i0.wp.com\/eltrabajo.cl\/portal\/wp-content\/uploads\/2020\/05\/RP-2.jpg?w=577&amp;ssl=1 577w, https:\/\/i0.wp.com\/eltrabajo.cl\/portal\/wp-content\/uploads\/2020\/05\/RP-2.jpg?resize=300%2C187&amp;ssl=1 300w, https:\/\/i0.wp.com\/eltrabajo.cl\/portal\/wp-content\/uploads\/2020\/05\/RP-2.jpg?resize=200%2C125&amp;ssl=1 200w, https:\/\/i0.wp.com\/eltrabajo.cl\/portal\/wp-content\/uploads\/2020\/05\/RP-2.jpg?resize=150%2C94&amp;ssl=1 150w\" sizes=\"auto, (max-width: 577px) 100vw, 577px\" \/><figcaption id=\"caption-attachment-99120\" class=\"wp-caption-text\">El cristal o luneta de la parte trasera del veh\u00edculo policial tambi\u00e9n result\u00f3 con da\u00f1os.<\/figcaption><\/figure>\n<figure id=\"attachment_99121\" aria-describedby=\"caption-attachment-99121\" style=\"width: 577px\" class=\"wp-caption alignnone\"><img data-recalc-dims=\"1\" loading=\"lazy\" decoding=\"async\" class=\"size-full wp-image-99121\" src=\"https:\/\/i0.wp.com\/eltrabajo.cl\/portal\/wp-content\/uploads\/2020\/05\/RP-Escopeta.jpg?resize=577%2C600&#038;ssl=1\" alt=\"Un funcionario de Carabineros muestra la escopeta hechiza que utiliz\u00f3 el delincuente para disparar contra los uniformados.\" width=\"577\" height=\"600\" srcset=\"https:\/\/i0.wp.com\/eltrabajo.cl\/portal\/wp-content\/uploads\/2020\/05\/RP-Escopeta.jpg?w=577&amp;ssl=1 577w, https:\/\/i0.wp.com\/eltrabajo.cl\/portal\/wp-content\/uploads\/2020\/05\/RP-Escopeta.jpg?resize=289%2C300&amp;ssl=1 289w, https:\/\/i0.wp.com\/eltrabajo.cl\/portal\/wp-content\/uploads\/2020\/05\/RP-Escopeta.jpg?resize=144%2C150&amp;ssl=1 144w\" sizes=\"auto, (max-width: 577px) 100vw, 577px\" \/><figcaption id=\"caption-attachment-99121\" class=\"wp-caption-text\">Un funcionario de Carabineros muestra la escopeta hechiza que utiliz\u00f3 el delincuente para disparar contra los uniformados.<\/figcaption><\/figure>\n","protected":false},"excerpt":{"rendered":"<p>Atentado al momento de controlar veh\u00edculo en que se desplazaban: Carabineros de la subcomisar\u00eda de Llay Llay detuvo a dos sujetos, uno de ellos acusado de haber disparado a mansalva a los&#8230;<\/p>\n","protected":false},"author":482,"featured_media":99118,"comment_status":"closed","ping_status":"closed","sticky":false,"template":"","format":"standard","meta":{"advanced_seo_description":"","jetpack_seo_html_title":"","jetpack_seo_noindex":false,"_jetpack_memberships_contains_paid_content":false,"footnotes":""},"categories":[21],"tags":[],"class_list":["post-99117","post","type-post","status-publish","format-standard","has-post-thumbnail","hentry","category-policial"],"jetpack_featured_media_url":"https:\/\/i0.wp.com\/eltrabajo.cl\/portal\/wp-content\/uploads\/2020\/05\/portada-rp-da%C3%B1os.jpg?fit=580%2C360&ssl=1","jetpack_sharing_enabled":true,"jetpack_likes_enabled":true,"jetpack-related-posts":[],"_links":{"self":[{"href":"https:\/\/eltrabajo.cl\/portal\/wp-json\/wp\/v2\/posts\/99117","targetHints":{"allow":["GET"]}}],"collection":[{"href":"https:\/\/eltrabajo.cl\/portal\/wp-json\/wp\/v2\/posts"}],"about":[{"href":"https:\/\/eltrabajo.cl\/portal\/wp-json\/wp\/v2\/types\/post"}],"author":[{"embeddable":true,"href":"https:\/\/eltrabajo.cl\/portal\/wp-json\/wp\/v2\/users\/482"}],"replies":[{"embeddable":true,"href":"https:\/\/eltrabajo.cl\/portal\/wp-json\/wp\/v2\/comments?post=99117"}],"version-history":[{"count":0,"href":"https:\/\/eltrabajo.cl\/portal\/wp-json\/wp\/v2\/posts\/99117\/revisions"}],"wp:featuredmedia":[{"embeddable":true,"href":"https:\/\/eltrabajo.cl\/portal\/wp-json\/wp\/v2\/media\/99118"}],"wp:attachment":[{"href":"https:\/\/eltrabajo.cl\/portal\/wp-json\/wp\/v2\/media?parent=99117"}],"wp:term":[{"taxonomy":"category","embeddable":true,"href":"https:\/\/eltrabajo.cl\/portal\/wp-json\/wp\/v2\/categories?post=99117"},{"taxonomy":"post_tag","embeddable":true,"href":"https:\/\/eltrabajo.cl\/portal\/wp-json\/wp\/v2\/tags?post=99117"}],"curies":[{"name":"wp","href":"https:\/\/api.w.org\/{rel}","templated":true}]}}