{"id":99128,"date":"2020-05-27T22:05:09","date_gmt":"2020-05-28T02:05:09","guid":{"rendered":"https:\/\/www.eltrabajo.cl\/portal\/?p=99128"},"modified":"2020-05-27T20:43:53","modified_gmt":"2020-05-28T00:43:53","slug":"alcaldes-de-putaendo-catemu-y-calle-larga-en-cuarentena-por-covid-19","status":"publish","type":"post","link":"https:\/\/eltrabajo.cl\/portal\/alcaldes-de-putaendo-catemu-y-calle-larga-en-cuarentena-por-covid-19\/","title":{"rendered":"Alcaldes de Putaendo, Catemu y Calle Larga en cuarentena por Covid-19"},"content":{"rendered":"<p style=\"text-align: justify;\"><span style=\"color: #c81400;\"><strong>Contagiados tras reuni\u00f3n con Seremi de Salud:<\/strong><\/span><\/p>\n<p style=\"text-align: justify;\">El alcalde subrogante de Putaendo, <strong>Fabi\u00e1n Mu\u00f1oz<\/strong>, se sum\u00f3 a sus pares de Calle Larga y Catemu, <strong>Nelson Venegas<\/strong> y <strong>Boris Luksic<\/strong>, respectivamente, que resultaron contagiados con Covid-19 tras reunirse con el Seremi de Salud <strong>Francisco \u00c1lvarez<\/strong> la semana pasada, quien actualmente se encuentra grave conectado a respirador mec\u00e1nico en una cl\u00ednica en Vi\u00f1a del Mar.<\/p>\n<p style=\"text-align: justify;\">Fue el propio municipio de Putaendo que confirm\u00f3 la noticia a trav\u00e9s del siguiente comunicado:<\/p>\n<p style=\"text-align: justify;\">A ra\u00edz de los hechos acontecidos este mi\u00e9rcoles 27 de mayo, la Municipalidad de Putaendo desea expresar lo siguiente:<\/p>\n<p style=\"text-align: justify;\">1.- La ma\u00f1ana de este mi\u00e9rcoles 27 de mayo, el alcalde subrogante <strong>Fabi\u00e1n Mu\u00f1oz D\u00edaz<\/strong> dio positivo en el examen que sirve para detectar el Covid-19.<\/p>\n<p style=\"text-align: justify;\">2.- La autoridad comunal se habr\u00eda contagiado en la reuni\u00f3n sostenida el pasado martes 19 de mayo entre el Seremi de Salud, <strong>Francisco \u00c1lvarez<\/strong> y alcaldes de las provincias de San Felipe, Los Andes y Petorca. En dicho encuentro, los alcaldes solicitaron al Seremi que se decretara cuarentena total en Aconcagua, ante el avance del coronavirus en nuestro valle.<\/p>\n<p style=\"text-align: justify;\">3.- El alcalde subrogante inici\u00f3 cuarentena preventiva el d\u00eda martes 26 de mayo, cuando se confirm\u00f3 que el Seremi de Salud Francisco \u00c1lvarez contrajo el coronavirus. Ese mismo d\u00eda se realiz\u00f3 el examen.<\/p>\n<p style=\"text-align: justify;\">4.- Hoy mi\u00e9rcoles el edificio consistorial de la municipalidad permaneci\u00f3 CERRADO al p\u00fablico y se realiz\u00f3 una sanitizaci\u00f3n preventiva del recinto.<\/p>\n<p style=\"text-align: justify;\">5.- A ra\u00edz del caso positivo del alcalde subrogante, algunos funcionarios municipales entraron en cuarentena preventiva, por ser contactos estrechos. La Directora de Desarrollo Comunitario, el Director de Obras Municipales, la Directora del Cesfam Valle de Los Libertadores y el abogado municipal son parte de las personas que deber\u00e1n ser pesquisadas por la Seremi de Salud.<\/p>\n<p style=\"text-align: justify;\">6.- El alcalde subrogante se encuentra bien de salud y env\u00eda un mensaje de autocuidado a toda la poblaci\u00f3n de Putaendo. Lamentablemente, \u00e9l contrajo el virus mientras realizaba labores para proteger a todos los habitantes de la comuna en medio de esta pandemia.<\/p>\n<p style=\"text-align: justify;\">\n<figure id=\"attachment_99129\" aria-describedby=\"caption-attachment-99129\" style=\"width: 580px\" class=\"wp-caption alignnone\"><img data-recalc-dims=\"1\" loading=\"lazy\" decoding=\"async\" class=\"size-full wp-image-99129\" src=\"https:\/\/i0.wp.com\/eltrabajo.cl\/portal\/wp-content\/uploads\/2020\/05\/luksic-Venegas-Mu%C3%B1oz.jpg?resize=580%2C360&#038;ssl=1\" alt=\"Los alcaldes Boris Luksic (Catemu), Nelson Venegas (Calle Larga) y Fabi\u00e1n Mu\u00f1oz (subrogante Putaendo), resultaron positivos a Covid-19 por lo que se encuentran en cuarentena.\" width=\"580\" height=\"360\" srcset=\"https:\/\/i0.wp.com\/eltrabajo.cl\/portal\/wp-content\/uploads\/2020\/05\/luksic-Venegas-Mu%C3%B1oz.jpg?w=580&amp;ssl=1 580w, https:\/\/i0.wp.com\/eltrabajo.cl\/portal\/wp-content\/uploads\/2020\/05\/luksic-Venegas-Mu%C3%B1oz.jpg?resize=300%2C186&amp;ssl=1 300w, https:\/\/i0.wp.com\/eltrabajo.cl\/portal\/wp-content\/uploads\/2020\/05\/luksic-Venegas-Mu%C3%B1oz.jpg?resize=200%2C124&amp;ssl=1 200w, https:\/\/i0.wp.com\/eltrabajo.cl\/portal\/wp-content\/uploads\/2020\/05\/luksic-Venegas-Mu%C3%B1oz.jpg?resize=150%2C93&amp;ssl=1 150w\" sizes=\"auto, (max-width: 580px) 100vw, 580px\" \/><figcaption id=\"caption-attachment-99129\" class=\"wp-caption-text\">Los alcaldes Boris Luksic (Catemu), Nelson Venegas (Calle Larga) y Fabi\u00e1n Mu\u00f1oz (subrogante Putaendo), resultaron positivos a Covid-19 por lo que se encuentran en cuarentena.<\/figcaption><\/figure>\n","protected":false},"excerpt":{"rendered":"<p>Contagiados tras reuni\u00f3n con Seremi de Salud: El alcalde subrogante de Putaendo, Fabi\u00e1n Mu\u00f1oz, se sum\u00f3 a sus pares de Calle Larga y Catemu, Nelson Venegas y Boris Luksic, respectivamente, que resultaron&#8230;<\/p>\n","protected":false},"author":482,"featured_media":99129,"comment_status":"closed","ping_status":"closed","sticky":false,"template":"","format":"standard","meta":{"advanced_seo_description":"","jetpack_seo_html_title":"","jetpack_seo_noindex":false,"_jetpack_memberships_contains_paid_content":false,"footnotes":""},"categories":[103],"tags":[],"class_list":["post-99128","post","type-post","status-publish","format-standard","has-post-thumbnail","hentry","category-cronica-2"],"jetpack_featured_media_url":"https:\/\/i0.wp.com\/eltrabajo.cl\/portal\/wp-content\/uploads\/2020\/05\/luksic-Venegas-Mu%C3%B1oz.jpg?fit=580%2C360&ssl=1","jetpack_sharing_enabled":true,"jetpack_likes_enabled":true,"jetpack-related-posts":[],"_links":{"self":[{"href":"https:\/\/eltrabajo.cl\/portal\/wp-json\/wp\/v2\/posts\/99128","targetHints":{"allow":["GET"]}}],"collection":[{"href":"https:\/\/eltrabajo.cl\/portal\/wp-json\/wp\/v2\/posts"}],"about":[{"href":"https:\/\/eltrabajo.cl\/portal\/wp-json\/wp\/v2\/types\/post"}],"author":[{"embeddable":true,"href":"https:\/\/eltrabajo.cl\/portal\/wp-json\/wp\/v2\/users\/482"}],"replies":[{"embeddable":true,"href":"https:\/\/eltrabajo.cl\/portal\/wp-json\/wp\/v2\/comments?post=99128"}],"version-history":[{"count":0,"href":"https:\/\/eltrabajo.cl\/portal\/wp-json\/wp\/v2\/posts\/99128\/revisions"}],"wp:featuredmedia":[{"embeddable":true,"href":"https:\/\/eltrabajo.cl\/portal\/wp-json\/wp\/v2\/media\/99129"}],"wp:attachment":[{"href":"https:\/\/eltrabajo.cl\/portal\/wp-json\/wp\/v2\/media?parent=99128"}],"wp:term":[{"taxonomy":"category","embeddable":true,"href":"https:\/\/eltrabajo.cl\/portal\/wp-json\/wp\/v2\/categories?post=99128"},{"taxonomy":"post_tag","embeddable":true,"href":"https:\/\/eltrabajo.cl\/portal\/wp-json\/wp\/v2\/tags?post=99128"}],"curies":[{"name":"wp","href":"https:\/\/api.w.org\/{rel}","templated":true}]}}