{"id":99131,"date":"2020-05-27T22:10:03","date_gmt":"2020-05-28T02:10:03","guid":{"rendered":"https:\/\/www.eltrabajo.cl\/portal\/?p=99131"},"modified":"2020-05-27T20:45:30","modified_gmt":"2020-05-28T00:45:30","slug":"medicos-y-alcaldes-insisten-en-cuarentena-total-por-aumento-de-casos-y-falta-de-ventiladores","status":"publish","type":"post","link":"https:\/\/eltrabajo.cl\/portal\/medicos-y-alcaldes-insisten-en-cuarentena-total-por-aumento-de-casos-y-falta-de-ventiladores\/","title":{"rendered":"M\u00e9dicos y alcaldes insisten en cuarentena total por aumento de casos y falta de ventiladores"},"content":{"rendered":"<p style=\"text-align: justify;\"><span style=\"color: #c81400;\"><strong>S\u00f3lo quedan dos respiradores mec\u00e1nicos en todo el valle:<\/strong><\/span><\/p>\n<p style=\"text-align: justify;\">El Consejo Regional Aconcagua del Colegio M\u00e9dico, apoyado por la Asociaci\u00f3n de Municipios de la Quinta regi\u00f3n Cordillera, insistieron en la urgencia de establecer una cuarentena total en el valle de Aconcagua.<\/p>\n<p style=\"text-align: justify;\">En conferencia de prensa los doctores <strong>Patricio Cruz<\/strong>, presidente del Consejo Aconcagua, y <strong>Cristi\u00e1n Mu\u00f1oz<\/strong>, director de esta entidad, nuevamente hicieron un llamado a la autoridad a nivel central a decretar cuarentena total para el valle, apoyados en el aumento de casos de Covid-19 en los \u00faltimos d\u00edas y a la baja disponibilidad de respiradores mec\u00e1nicos.<\/p>\n<p style=\"text-align: justify;\">\u00ab<em>Con los datos del fin de semana, m\u00e1s los hechos que han ocurrido los \u00faltimos d\u00edas, refuerza m\u00e1s la emergencia de la cuarentena. Si comparamos la semana 10 con la 11 epidemiol\u00f3gica, hab\u00edamos crecido un 67%, la mala noticia es que la \u00faltima semana crecimos m\u00e1s de un 100% de los casos y la m\u00e1s mala noticia es que quedan dos ventiladores mec\u00e1nicos en la zona, uno en el hospital de Los Andes y uno en el hospital San Camilo, entonces obviamente la situaci\u00f3n es m\u00e1s grave que el jueves, considerando que tenemos un retraso en los ex\u00e1menes de PCR de m\u00e1s o menos tres d\u00edas o dos d\u00edas\u00bb,<\/em> manifest\u00f3 el doctor Cristi\u00e1n Mu\u00f1oz.<\/p>\n<p style=\"text-align: justify;\">En ese mismo sentido, el doctor Patricio Cruz sostuvo que a pesar de las camas que se puedan reconvertir con m\u00e1quinas de anestesia, el aumento sostenido de los casos en el valle, muestra que cualquier acci\u00f3n pareciera insuficiente ante una situaci\u00f3n que calific\u00f3 como cr\u00edtica.<\/p>\n<p style=\"text-align: justify;\">\u00ab<em>La situaci\u00f3n se ve cr\u00edtica, en el mejor de los casos, si ocup\u00e1ramos todas las m\u00e1quinas de anestesia de los dos hospitales, que en total no deben sumar m\u00e1s de diez, podr\u00edamos tener reconvertidas diez camas a cuidados intensivos, pero con el n\u00famero de pacientes que tenemos en un tiempo muy corto, esto podr\u00eda llegar a ser insuficiente, lo cual no significa que vayan a morir pacientes por falta de ventiladores, porque claramente, seg\u00fan las indicaciones del ministerio, estos pacientes deber\u00edan ser trasladados, pero nosotros no tenemos ninguna seguridad que eso realmente se pueda hacer\u00bb. <\/em><\/p>\n<p style=\"text-align: justify;\">En tanto el doctor Mu\u00f1oz agreg\u00f3 que en los \u00faltimos d\u00edas se dieron a conocer los informes de la Escuela de Salud P\u00fablica de la Universidad de Chile, del Colegio M\u00e9dico y de Espacio P\u00fablico, en forma independiente, donde se establece que el Servicio de Salud Aconcagua tiene una de las tasas de contagio m\u00e1s alta y se espera que este \u00edndice siga aumentando, un antecedente que preocupa a los profesionales, a lo que se suma, seg\u00fan informaron, que a la zona no hayan llegado ventiladores mec\u00e1nicos desde el nivel central. <em>\u00abY m\u00e1s grave a\u00fan nos parece que, habiendo una donaci\u00f3n privada de Anglo American al hospital de Los Andes, esos ventiladores hayan sido retenidos y no han sido puestos a disposici\u00f3n del valle de Aconcagua\u00bb,<\/em> declar\u00f3 el doctor Mu\u00f1oz.<\/p>\n<p style=\"text-align: justify;\">\n<p style=\"text-align: justify;\"><span style=\"color: #c81400;\"><strong>ASOCIACI\u00d3N DE MUNICIPIOS<\/strong><\/span><\/p>\n<p style=\"text-align: justify;\">El doctor Cristi\u00e1n Mu\u00f1oz adem\u00e1s ley\u00f3 la declaraci\u00f3n p\u00fablica enviada por el alcalde Nelson Venegas, presidente de la Asociaci\u00f3n de Municipios de la Quinta regi\u00f3n Cordillera, donde se se\u00f1ala: <em>\u00abA trav\u00e9s de este escrito, venimos a exigir, en conjunto con el Consejo Regional Aconcagua del Colegio M\u00e9dico de Chile, la declaraci\u00f3n de cuarentena. Esto dej\u00f3 de ser una petici\u00f3n, estamos ante una situaci\u00f3n absolutamente cr\u00edtica, ya no quedan ventiladores en nuestra zona y eso significa que, o la cuarentena se decreta o m\u00e1s gente morir\u00e1. Es la \u00faltima vez que lo exigimos y lo hacemos como ultim\u00e1tum, de lo contrario cuando se incrementen las muertes, vamos a indicar derechamente que las autoridades que deb\u00edan tomar esta decisi\u00f3n, y no lo hicieron, son responsables respecto a su omisi\u00f3n, es por eso que estamos con los gremios de la salud, realizando esta exigencia. Si bien es cierto que en este momento no estamos con ellos de manera presencial, enviamos este escrito, ya que los alcaldes nos encontramos en cuarentena preventiva, a la espera de resultados de ex\u00e1menes, que muchos de nosotros nos hicimos por haber estado en contacto cercano con el Seremi de Salud regional, quien hoy se encuentra conectado a un ventilador mec\u00e1nico. Exigimos en conjunto, a trav\u00e9s de este acto, se decrete cuarentena por la defensa de la salud y la vida de nuestra gente. El gobierno tendr\u00e1 que hacerse cargo de esto, de lo contrario, si no lo hacen, tendr\u00e1n que cargar con la responsabilidad de muchos enfermos y muchos muertos\u00bb.<\/em><\/p>\n<p style=\"text-align: justify;\">Finalmente el doctor Patricio Cruz insisti\u00f3 en hacer un nuevo llamado a la comunidad, mientras no se decrete la cuarentena total, al auto cuidado y a extremar las medidas sanitarias, ante la gravedad y el peligro que significa contagiarse o contagiar a alg\u00fan familiar con esta enfermedad.<\/p>\n<p style=\"text-align: justify;\">\n<figure id=\"attachment_99132\" aria-describedby=\"caption-attachment-99132\" style=\"width: 580px\" class=\"wp-caption alignnone\"><img data-recalc-dims=\"1\" loading=\"lazy\" decoding=\"async\" class=\"size-full wp-image-99132\" src=\"https:\/\/i0.wp.com\/eltrabajo.cl\/portal\/wp-content\/uploads\/2020\/05\/exigen-cuarentena.jpg?resize=580%2C360&#038;ssl=1\" alt=\"Los doctores Cristian Mu\u00f1oz y Patricio Cruz en representaci\u00f3n del Colmed Aconcagua y de la Asociaci\u00f3n de Municipios Quinta region Cordillera, solicitaron nuevamente cuarentena total para la zona, asegurando que solo quedan dos ventiladores mec\u00e1nicos en todo el valle de Aconcagua.\" width=\"580\" height=\"360\" srcset=\"https:\/\/i0.wp.com\/eltrabajo.cl\/portal\/wp-content\/uploads\/2020\/05\/exigen-cuarentena.jpg?w=580&amp;ssl=1 580w, https:\/\/i0.wp.com\/eltrabajo.cl\/portal\/wp-content\/uploads\/2020\/05\/exigen-cuarentena.jpg?resize=300%2C186&amp;ssl=1 300w, https:\/\/i0.wp.com\/eltrabajo.cl\/portal\/wp-content\/uploads\/2020\/05\/exigen-cuarentena.jpg?resize=200%2C124&amp;ssl=1 200w, https:\/\/i0.wp.com\/eltrabajo.cl\/portal\/wp-content\/uploads\/2020\/05\/exigen-cuarentena.jpg?resize=150%2C93&amp;ssl=1 150w\" sizes=\"auto, (max-width: 580px) 100vw, 580px\" \/><figcaption id=\"caption-attachment-99132\" class=\"wp-caption-text\">Los doctores Cristian Mu\u00f1oz y Patricio Cruz en representaci\u00f3n del Colmed Aconcagua y de la Asociaci\u00f3n de Municipios Quinta region Cordillera, solicitaron nuevamente cuarentena total para la zona, asegurando que solo quedan dos ventiladores mec\u00e1nicos en todo el valle de Aconcagua.<\/figcaption><\/figure>\n","protected":false},"excerpt":{"rendered":"<p>S\u00f3lo quedan dos respiradores mec\u00e1nicos en todo el valle: El Consejo Regional Aconcagua del Colegio M\u00e9dico, apoyado por la Asociaci\u00f3n de Municipios de la Quinta regi\u00f3n Cordillera, insistieron en la urgencia de&#8230;<\/p>\n","protected":false},"author":482,"featured_media":99132,"comment_status":"closed","ping_status":"closed","sticky":false,"template":"","format":"standard","meta":{"advanced_seo_description":"","jetpack_seo_html_title":"","jetpack_seo_noindex":false,"_jetpack_memberships_contains_paid_content":false,"footnotes":""},"categories":[103],"tags":[],"class_list":["post-99131","post","type-post","status-publish","format-standard","has-post-thumbnail","hentry","category-cronica-2"],"jetpack_featured_media_url":"https:\/\/i0.wp.com\/eltrabajo.cl\/portal\/wp-content\/uploads\/2020\/05\/exigen-cuarentena.jpg?fit=580%2C360&ssl=1","jetpack_sharing_enabled":true,"jetpack_likes_enabled":true,"jetpack-related-posts":[],"_links":{"self":[{"href":"https:\/\/eltrabajo.cl\/portal\/wp-json\/wp\/v2\/posts\/99131","targetHints":{"allow":["GET"]}}],"collection":[{"href":"https:\/\/eltrabajo.cl\/portal\/wp-json\/wp\/v2\/posts"}],"about":[{"href":"https:\/\/eltrabajo.cl\/portal\/wp-json\/wp\/v2\/types\/post"}],"author":[{"embeddable":true,"href":"https:\/\/eltrabajo.cl\/portal\/wp-json\/wp\/v2\/users\/482"}],"replies":[{"embeddable":true,"href":"https:\/\/eltrabajo.cl\/portal\/wp-json\/wp\/v2\/comments?post=99131"}],"version-history":[{"count":0,"href":"https:\/\/eltrabajo.cl\/portal\/wp-json\/wp\/v2\/posts\/99131\/revisions"}],"wp:featuredmedia":[{"embeddable":true,"href":"https:\/\/eltrabajo.cl\/portal\/wp-json\/wp\/v2\/media\/99132"}],"wp:attachment":[{"href":"https:\/\/eltrabajo.cl\/portal\/wp-json\/wp\/v2\/media?parent=99131"}],"wp:term":[{"taxonomy":"category","embeddable":true,"href":"https:\/\/eltrabajo.cl\/portal\/wp-json\/wp\/v2\/categories?post=99131"},{"taxonomy":"post_tag","embeddable":true,"href":"https:\/\/eltrabajo.cl\/portal\/wp-json\/wp\/v2\/tags?post=99131"}],"curies":[{"name":"wp","href":"https:\/\/api.w.org\/{rel}","templated":true}]}}